{"id":364,"date":"2018-10-11T16:20:22","date_gmt":"2018-10-11T19:20:22","guid":{"rendered":"http:\/\/servicentermedic1.hospedagemdesites.ws\/blog\/?p=364"},"modified":"2018-10-11T16:20:22","modified_gmt":"2018-10-11T19:20:22","slug":"especialista-fala-da-importancia-do-dia-nacional-de-prevencao-da-obesidade","status":"publish","type":"post","link":"http:\/\/servicenterblog.institucional.ws\/?p=364","title":{"rendered":"Especialista fala da import\u00e2ncia do Dia Nacional de Preven\u00e7\u00e3o da Obesidade"},"content":{"rendered":"<h4><em>Procura por alimentos industrializados, com baixo teor nutritivo, influenciam no aumento de peso<\/p>\n<p><\/em>A endocrinologista da Rede de Hospitais S\u00e3o Camilo<strong>\u00a0Raquel Resende Silva\u00a0<\/strong>fala da import\u00e2ncia do<strong>\u00a0Dia Nacional de Preven\u00e7\u00e3o da Obesidade<\/strong>,\u00a0comemorado hoje, e sobre os cuidados com a sa\u00fade.<em><\/p>\n<p><\/em>Segundo a m\u00e9dica, a popula\u00e7\u00e3o est\u00e1 cada vez mais sedent\u00e1ria. Al\u00e9m disso, a procura por alimentos industrializados, com baixo teor nutritivo, influenciam no aumento de peso.<\/h4>\n<p>O fator emocional, para ela, tamb\u00e9m influencia na quest\u00e3o da obesidade, assim como a cobran\u00e7a por um padr\u00e3o est\u00e9tico.<\/p>\n<p>Ela afirmou que os pais\u00a0precisam oferecer os melhores alimentos aos filhos, para estabelecer uma alimenta\u00e7\u00e3o saud\u00e1vel desde cedo.<\/p>\n<p>Outra orienta\u00e7\u00e3o \u00e9 n\u00e3o demorar para procurar um especialista.<\/p>\n<p>Fonte: Portal EBC<\/p>\n<h4><em>\u00a0<\/em><\/h4>\n","protected":false},"excerpt":{"rendered":"<p>Procura por alimentos industrializados, com baixo teor nutritivo, influenciam no aumento de peso A endocrinologista da Rede de Hospitais S\u00e3o Camilo\u00a0Raquel Resende Silva\u00a0fala da import\u00e2ncia do\u00a0Dia Nacional de Preven\u00e7\u00e3o da Obesidade,\u00a0comemorado hoje, e sobre os cuidados com a sa\u00fade. Segundo a m\u00e9dica, a popula\u00e7\u00e3o est\u00e1 cada vez mais sedent\u00e1ria. Al\u00e9m disso, a procura por alimentos [&hellip;]<\/p>\n","protected":false},"author":1,"featured_media":365,"comment_status":"open","ping_status":"open","sticky":false,"template":"","format":"standard","meta":[],"categories":[2],"tags":[],"_links":{"self":[{"href":"http:\/\/servicenterblog.institucional.ws\/index.php?rest_route=\/wp\/v2\/posts\/364"}],"collection":[{"href":"http:\/\/servicenterblog.institucional.ws\/index.php?rest_route=\/wp\/v2\/posts"}],"about":[{"href":"http:\/\/servicenterblog.institucional.ws\/index.php?rest_route=\/wp\/v2\/types\/post"}],"author":[{"embeddable":true,"href":"http:\/\/servicenterblog.institucional.ws\/index.php?rest_route=\/wp\/v2\/users\/1"}],"replies":[{"embeddable":true,"href":"http:\/\/servicenterblog.institucional.ws\/index.php?rest_route=%2Fwp%2Fv2%2Fcomments&post=364"}],"version-history":[{"count":1,"href":"http:\/\/servicenterblog.institucional.ws\/index.php?rest_route=\/wp\/v2\/posts\/364\/revisions"}],"predecessor-version":[{"id":366,"href":"http:\/\/servicenterblog.institucional.ws\/index.php?rest_route=\/wp\/v2\/posts\/364\/revisions\/366"}],"wp:featuredmedia":[{"embeddable":true,"href":"http:\/\/servicenterblog.institucional.ws\/index.php?rest_route=\/wp\/v2\/media\/365"}],"wp:attachment":[{"href":"http:\/\/servicenterblog.institucional.ws\/index.php?rest_route=%2Fwp%2Fv2%2Fmedia&parent=364"}],"wp:term":[{"taxonomy":"category","embeddable":true,"href":"http:\/\/servicenterblog.institucional.ws\/index.php?rest_route=%2Fwp%2Fv2%2Fcategories&post=364"},{"taxonomy":"post_tag","embeddable":true,"href":"http:\/\/servicenterblog.institucional.ws\/index.php?rest_route=%2Fwp%2Fv2%2Ftags&post=364"}],"curies":[{"name":"wp","href":"https:\/\/api.w.org\/{rel}","templated":true}]}}