{"id":348,"date":"2018-09-21T11:56:52","date_gmt":"2018-09-21T14:56:52","guid":{"rendered":"http:\/\/servicentermedic1.hospedagemdesites.ws\/blog\/?p=348"},"modified":"2018-09-21T11:56:52","modified_gmt":"2018-09-21T14:56:52","slug":"a-importancia-do-dia-nacional-da-luta-da-pessoa-com-deficiencia","status":"publish","type":"post","link":"http:\/\/servicenterblog.institucional.ws\/?p=348","title":{"rendered":"A import\u00e2ncia do Dia Nacional da Luta da Pessoa com Defici\u00eancia"},"content":{"rendered":"<p>Em 21 de setembro \u00e9 comemorado o Dia Nacional de Luta da Pessoa com Defici\u00eancia. A data foi institu\u00edda em 14 de julho de 2005, pela Lei N\u00ba 11.133 mas j\u00e1 era lembrada desde 1982 por iniciativa de movimentos sociais. Uma pessoa com defici\u00eancia \u00e9 aquela que tem impedimentos de longo prazo sejam eles de natureza f\u00edsica, intelectual ou sensorial. De acordo com a lei Brasileira de Inclus\u00e3o, esses impedimentos em intera\u00e7\u00e3o com barreiras arquitet\u00f4nicas e atitudinais, podem obstruir a participa\u00e7\u00e3o plena e efetiva na sociedade em igualdade de condi\u00e7\u00f5es com os demais cidad\u00e3os.<\/p>\n<p>O dia 21 de setembro, foi escolhido em fun\u00e7\u00e3o da sua proximidade com o in\u00edcio da Primavera e o Dia da \u00c1rvore, datas que representam o renascer das plantas e simbolizam o sentimento de renova\u00e7\u00e3o das reivindica\u00e7\u00f5es em prol da inclus\u00e3o e da participa\u00e7\u00e3o plena de todos na sociedade. &#8220;Acredito que a luta pelas causas das pessoas com defici\u00eancia \u00e9 um trabalho di\u00e1rio e datas como essa, s\u00e3o marcos para nossa reflex\u00e3o e nos convidam a buscar novas solu\u00e7\u00f5es inclusivas efetivas&#8221; explica a mestre em psicologia e diretora do CENSA (Centro Especializado Nossa Senhora da Assump\u00e7\u00e3o), Nat\u00e1lia Costa.<\/p>\n<p>De acordo com dados do Censo de 2010, realizado pelo Instituto Brasileiro de Geografia e Estat\u00edstica (IBGE), no Brasil mais 45 milh\u00f5es de pessoas possuem alguma defici\u00eancia. &#8220;\u00c9 ineg\u00e1vel o avan\u00e7o que a legisla\u00e7\u00e3o sofreu nos \u00faltimos anos, mas apesar das conquistas recentes, a desigualdade, o preconceito e a falta de acesso a servi\u00e7os ainda s\u00e3o barreiras para ultrapassar&#8221;, opina.<\/p>\n<p>\u00c9 sempre bom ressaltar que defici\u00eancia n\u00e3o \u00e9 doen\u00e7a e sim uma condi\u00e7\u00e3o inerente ao indiv\u00edduo. O mais adequado ao tratarmos do assunto \u00e9 utilizar sempre um substantivo, seguido da preposi\u00e7\u00e3o &#8220;com&#8221; mais o adjetivo referente \u00e0quela situa\u00e7\u00e3o espec\u00edfica, um exemplo: pessoa com defici\u00eancia f\u00edsica.<\/p>\n<p>O Dia Nacional de Luta da Pessoa com Defici\u00eancia \u00e9 um convite para que cada indiv\u00edduo possa refletir: o que eu posso fazer para garantir que os direitos das pessoas com defici\u00eancia sejam respeitados? O tema est\u00e1 sendo trabalhado nas salas de aula do EJA, Educa\u00e7\u00e3o de Jovens e Adultos do Centro Especializado Nossa Senhora da Assump\u00e7\u00e3o. Para Gustavo, 48 anos, diagnosticado na inf\u00e2ncia com defici\u00eancia intelectual, o: &#8220;N\u00f3s s\u00f3 queremos ser respeitados e mostrar a nossa capacidade para as pessoas, eu sou artista, fa\u00e7o parte de um grupo de teatro e isso me faz muito feliz&#8221;.<\/p>\n<p>Fonte: Terra\/setembro 2018<\/p>\n","protected":false},"excerpt":{"rendered":"<p>Em 21 de setembro \u00e9 comemorado o Dia Nacional de Luta da Pessoa com Defici\u00eancia. A data foi institu\u00edda em 14 de julho de 2005, pela Lei N\u00ba 11.133 mas j\u00e1 era lembrada desde 1982 por iniciativa de movimentos sociais. Uma pessoa com defici\u00eancia \u00e9 aquela que tem impedimentos de longo prazo sejam eles de [&hellip;]<\/p>\n","protected":false},"author":1,"featured_media":349,"comment_status":"open","ping_status":"open","sticky":false,"template":"","format":"standard","meta":[],"categories":[2],"tags":[],"_links":{"self":[{"href":"http:\/\/servicenterblog.institucional.ws\/index.php?rest_route=\/wp\/v2\/posts\/348"}],"collection":[{"href":"http:\/\/servicenterblog.institucional.ws\/index.php?rest_route=\/wp\/v2\/posts"}],"about":[{"href":"http:\/\/servicenterblog.institucional.ws\/index.php?rest_route=\/wp\/v2\/types\/post"}],"author":[{"embeddable":true,"href":"http:\/\/servicenterblog.institucional.ws\/index.php?rest_route=\/wp\/v2\/users\/1"}],"replies":[{"embeddable":true,"href":"http:\/\/servicenterblog.institucional.ws\/index.php?rest_route=%2Fwp%2Fv2%2Fcomments&post=348"}],"version-history":[{"count":1,"href":"http:\/\/servicenterblog.institucional.ws\/index.php?rest_route=\/wp\/v2\/posts\/348\/revisions"}],"predecessor-version":[{"id":350,"href":"http:\/\/servicenterblog.institucional.ws\/index.php?rest_route=\/wp\/v2\/posts\/348\/revisions\/350"}],"wp:featuredmedia":[{"embeddable":true,"href":"http:\/\/servicenterblog.institucional.ws\/index.php?rest_route=\/wp\/v2\/media\/349"}],"wp:attachment":[{"href":"http:\/\/servicenterblog.institucional.ws\/index.php?rest_route=%2Fwp%2Fv2%2Fmedia&parent=348"}],"wp:term":[{"taxonomy":"category","embeddable":true,"href":"http:\/\/servicenterblog.institucional.ws\/index.php?rest_route=%2Fwp%2Fv2%2Fcategories&post=348"},{"taxonomy":"post_tag","embeddable":true,"href":"http:\/\/servicenterblog.institucional.ws\/index.php?rest_route=%2Fwp%2Fv2%2Ftags&post=348"}],"curies":[{"name":"wp","href":"https:\/\/api.w.org\/{rel}","templated":true}]}}