{"id":315,"date":"2018-08-06T19:15:36","date_gmt":"2018-08-06T22:15:36","guid":{"rendered":"http:\/\/servicentermedic1.hospedagemdesites.ws\/blog\/?p=315"},"modified":"2018-08-06T19:15:36","modified_gmt":"2018-08-06T22:15:36","slug":"agosto-laranja-todos-juntos-no-combate-a-esclerose-multipla","status":"publish","type":"post","link":"http:\/\/servicenterblog.institucional.ws\/?p=315","title":{"rendered":"Agosto laranja: todos juntos no combate \u00e0 esclerose m\u00faltipla!"},"content":{"rendered":"<p>No dia 30 de agosto comemora-se o\u00a0<strong>Dia Nacional de Conscientiza\u00e7\u00e3o da Esclerose M\u00faltipla<\/strong>\u00a0desde 2006. Por isso, n\u00f3s queremos colorir o Brasil todo de Laranja, a cor que representa a EM, e promover eventos para fazer com que cada vez mais pessoas saibam o que \u00e9 a EM, como diagnosticar, tratar e viver bem com ela.<\/p>\n<h2>O QUE \u00c9 ESCLEROSE M\u00daLTIPLA?<\/h2>\n<p>A EM \u00e9 a doen\u00e7a autoimune, do sistema nervoso central, que mais acomete jovens adultos no mundo inteiro. N\u00e3o se sabe o que causa a EM, e ainda n\u00e3o h\u00e1 cura para ela, mas j\u00e1 existem diversos tratamentos eficazes para a doen\u00e7a. Dentre seus principais sintomas est\u00e3o: fadiga, problemas de vis\u00e3o (diplopia, neurite \u00f3ptica, emba\u00e7amento), problemas motores (perda de for\u00e7a ou fun\u00e7\u00e3o; perda de equil\u00edbrio), altera\u00e7\u00f5es sensoriais (formigamentos, sensa\u00e7\u00e3o de queima\u00e7\u00e3o). A especialidade m\u00e9dica que diagnostica e trata a EM \u00e9 a neurologia<\/p>\n<p>A doen\u00e7a neurol\u00f3gica\u00a0 afeta 40 mil pessoas no Brasil e 2,5 milh\u00f5es em todo o planeta.<\/p>\n<p>Para saber mais sobre a doen\u00e7a, a campanha e conferir os eventos do agosto laranja acesse o website oficial:\u00a0https:\/\/agostolaranja.org.br\/<\/p>\n<p>Fonte: Agosto Laranja<\/p>\n","protected":false},"excerpt":{"rendered":"<p>No dia 30 de agosto comemora-se o\u00a0Dia Nacional de Conscientiza\u00e7\u00e3o da Esclerose M\u00faltipla\u00a0desde 2006. Por isso, n\u00f3s queremos colorir o Brasil todo de Laranja, a cor que representa a EM, e promover eventos para fazer com que cada vez mais pessoas saibam o que \u00e9 a EM, como diagnosticar, tratar e viver bem com ela. [&hellip;]<\/p>\n","protected":false},"author":1,"featured_media":316,"comment_status":"open","ping_status":"open","sticky":false,"template":"","format":"standard","meta":[],"categories":[2,3],"tags":[64,65,22,66,11,34,32],"_links":{"self":[{"href":"http:\/\/servicenterblog.institucional.ws\/index.php?rest_route=\/wp\/v2\/posts\/315"}],"collection":[{"href":"http:\/\/servicenterblog.institucional.ws\/index.php?rest_route=\/wp\/v2\/posts"}],"about":[{"href":"http:\/\/servicenterblog.institucional.ws\/index.php?rest_route=\/wp\/v2\/types\/post"}],"author":[{"embeddable":true,"href":"http:\/\/servicenterblog.institucional.ws\/index.php?rest_route=\/wp\/v2\/users\/1"}],"replies":[{"embeddable":true,"href":"http:\/\/servicenterblog.institucional.ws\/index.php?rest_route=%2Fwp%2Fv2%2Fcomments&post=315"}],"version-history":[{"count":1,"href":"http:\/\/servicenterblog.institucional.ws\/index.php?rest_route=\/wp\/v2\/posts\/315\/revisions"}],"predecessor-version":[{"id":317,"href":"http:\/\/servicenterblog.institucional.ws\/index.php?rest_route=\/wp\/v2\/posts\/315\/revisions\/317"}],"wp:featuredmedia":[{"embeddable":true,"href":"http:\/\/servicenterblog.institucional.ws\/index.php?rest_route=\/wp\/v2\/media\/316"}],"wp:attachment":[{"href":"http:\/\/servicenterblog.institucional.ws\/index.php?rest_route=%2Fwp%2Fv2%2Fmedia&parent=315"}],"wp:term":[{"taxonomy":"category","embeddable":true,"href":"http:\/\/servicenterblog.institucional.ws\/index.php?rest_route=%2Fwp%2Fv2%2Fcategories&post=315"},{"taxonomy":"post_tag","embeddable":true,"href":"http:\/\/servicenterblog.institucional.ws\/index.php?rest_route=%2Fwp%2Fv2%2Ftags&post=315"}],"curies":[{"name":"wp","href":"https:\/\/api.w.org\/{rel}","templated":true}]}}