{"id":311,"date":"2018-08-03T12:46:09","date_gmt":"2018-08-03T15:46:09","guid":{"rendered":"http:\/\/servicentermedic1.hospedagemdesites.ws\/blog\/?p=311"},"modified":"2018-08-03T12:46:09","modified_gmt":"2018-08-03T15:46:09","slug":"semana-mundial-da-amamentacao","status":"publish","type":"post","link":"http:\/\/servicenterblog.institucional.ws\/?p=311","title":{"rendered":"Semana mundial da amamenta\u00e7\u00e3o"},"content":{"rendered":"<p>Desde 1992, mais de 120 pa\u00edses celebram a\u00a0<strong>Semana Mundial da Amamenta\u00e7\u00e3o<\/strong>de 1\u00ba a 7 de agosto. Estes dias foram definidos pela OMS (Organiza\u00e7\u00e3o Mundial da Sa\u00fade) e pelo Unicef (Fundo das Na\u00e7\u00f5es Unidas para a Inf\u00e2ncia) com base na Declara\u00e7\u00e3o de Innocenti, assinada em 1\u00ba de agosto de 1990.<\/p>\n<p>Em 2018, o tema da Semana Mundial de Amamenta\u00e7\u00e3o \u00e9\u00a0<b>\u201cAleitamento materno: a base da vida\u201d<\/b>.<\/p>\n<p><b>Objetivos da Semana Mundial da Amamenta\u00e7\u00e3o 2018<\/b><\/p>\n<p>Para este ano, a WABA (World Alliance for Breastfeeding Action \u2013 em portugu\u00eas, Alian\u00e7a Mundial para A\u00e7\u00e3o em Amamenta\u00e7\u00e3o) definiu como metas:<\/p>\n<p>\u2013\u00a0<b>Informar<\/b>\u00a0sobre os benef\u00edcios do leite materno, que est\u00e1 diretamente ligado a uma boa nutri\u00e7\u00e3o;<\/p>\n<p>\u2013\u00a0<b>Vincular<\/b>\u00a0a amamenta\u00e7\u00e3o a uma agenda nutricional de seguran\u00e7a alimentar e diminui\u00e7\u00e3o da pobreza;<\/p>\n<p>\u2013\u00a0<b>Envolver<\/b>\u00a0com uma maior comunica\u00e7\u00e3o as pessoas e organiza\u00e7\u00f5es que trabalhem quest\u00f5es relacionadas \u00e0 propaga\u00e7\u00e3o de informa\u00e7\u00e3o sobre a amamenta\u00e7\u00e3o;<\/p>\n<p>\u2013\u00a0<b>Motivar<\/b>\u00a0as m\u00e3es a amamentarem com consci\u00eancia sobre a import\u00e2ncia nutricional, de seguran\u00e7a alimentar e de diminui\u00e7\u00e3o da pobreza.<\/p>\n<p><img loading=\"lazy\" class=\"alignnone wp-image-312 size-large\" src=\"http:\/\/servicentermedic1.hospedagemdesites.ws\/blog\/wp-content\/uploads\/2018\/08\/Info_SulAmerica_Amamentacao3-0108-724x1024.jpg\" alt=\"\" width=\"700\" height=\"990\" srcset=\"http:\/\/servicenterblog.institucional.ws\/wp-content\/uploads\/2018\/08\/Info_SulAmerica_Amamentacao3-0108-724x1024.jpg 724w, http:\/\/servicenterblog.institucional.ws\/wp-content\/uploads\/2018\/08\/Info_SulAmerica_Amamentacao3-0108-212x300.jpg 212w, http:\/\/servicenterblog.institucional.ws\/wp-content\/uploads\/2018\/08\/Info_SulAmerica_Amamentacao3-0108-768x1086.jpg 768w, http:\/\/servicenterblog.institucional.ws\/wp-content\/uploads\/2018\/08\/Info_SulAmerica_Amamentacao3-0108.jpg 900w\" sizes=\"(max-width: 700px) 100vw, 700px\" \/><\/p>\n<p>Fonte: Abril e Sulam\u00e9rica Sa\u00fade<\/p>\n","protected":false},"excerpt":{"rendered":"<p>Desde 1992, mais de 120 pa\u00edses celebram a\u00a0Semana Mundial da Amamenta\u00e7\u00e3ode 1\u00ba a 7 de agosto. Estes dias foram definidos pela OMS (Organiza\u00e7\u00e3o Mundial da Sa\u00fade) e pelo Unicef (Fundo das Na\u00e7\u00f5es Unidas para a Inf\u00e2ncia) com base na Declara\u00e7\u00e3o de Innocenti, assinada em 1\u00ba de agosto de 1990. Em 2018, o tema da Semana [&hellip;]<\/p>\n","protected":false},"author":1,"featured_media":312,"comment_status":"open","ping_status":"open","sticky":false,"template":"","format":"standard","meta":[],"categories":[2,3],"tags":[60,62,63,61,34],"_links":{"self":[{"href":"http:\/\/servicenterblog.institucional.ws\/index.php?rest_route=\/wp\/v2\/posts\/311"}],"collection":[{"href":"http:\/\/servicenterblog.institucional.ws\/index.php?rest_route=\/wp\/v2\/posts"}],"about":[{"href":"http:\/\/servicenterblog.institucional.ws\/index.php?rest_route=\/wp\/v2\/types\/post"}],"author":[{"embeddable":true,"href":"http:\/\/servicenterblog.institucional.ws\/index.php?rest_route=\/wp\/v2\/users\/1"}],"replies":[{"embeddable":true,"href":"http:\/\/servicenterblog.institucional.ws\/index.php?rest_route=%2Fwp%2Fv2%2Fcomments&post=311"}],"version-history":[{"count":1,"href":"http:\/\/servicenterblog.institucional.ws\/index.php?rest_route=\/wp\/v2\/posts\/311\/revisions"}],"predecessor-version":[{"id":313,"href":"http:\/\/servicenterblog.institucional.ws\/index.php?rest_route=\/wp\/v2\/posts\/311\/revisions\/313"}],"wp:featuredmedia":[{"embeddable":true,"href":"http:\/\/servicenterblog.institucional.ws\/index.php?rest_route=\/wp\/v2\/media\/312"}],"wp:attachment":[{"href":"http:\/\/servicenterblog.institucional.ws\/index.php?rest_route=%2Fwp%2Fv2%2Fmedia&parent=311"}],"wp:term":[{"taxonomy":"category","embeddable":true,"href":"http:\/\/servicenterblog.institucional.ws\/index.php?rest_route=%2Fwp%2Fv2%2Fcategories&post=311"},{"taxonomy":"post_tag","embeddable":true,"href":"http:\/\/servicenterblog.institucional.ws\/index.php?rest_route=%2Fwp%2Fv2%2Ftags&post=311"}],"curies":[{"name":"wp","href":"https:\/\/api.w.org\/{rel}","templated":true}]}}