{"id":292,"date":"2018-07-20T18:26:40","date_gmt":"2018-07-20T21:26:40","guid":{"rendered":"http:\/\/servicentermedic1.hospedagemdesites.ws\/blog\/?p=292"},"modified":"2018-07-20T18:26:40","modified_gmt":"2018-07-20T21:26:40","slug":"gripe-numero-de-mortes-mais-que-dobra-neste-ano-em-relacao-a-2017","status":"publish","type":"post","link":"http:\/\/servicenterblog.institucional.ws\/?p=292","title":{"rendered":"Gripe: n\u00famero de mortes mais que dobra neste ano em rela\u00e7\u00e3o a 2017"},"content":{"rendered":"<p><em>Em 2018, j\u00e1 foram confirmadas 839 \u00f3bitos por influenza. Em todo o per\u00edodo de janeiro a agosto do ano passado,\u00a0foram 341: aumento de 146%<\/p>\n<p><\/em>O n\u00famero de<strong>\u00a0mortes por influenza\u00a0<\/strong>aumentou 146% em 2018 em compara\u00e7\u00e3o com todo o per\u00edodo de sazonalidade da doen\u00e7a do ano passado , que vai de\u00a001 de janeiro a\u00a012 de agosto de 2017.\u00a0 De acordo com o Minist\u00e9rio da Sa\u00fade, este ano, at\u00e9 o dia\u00a016 de julho, foram confirmados 839 \u00f3bitos pela doen\u00e7a no pa\u00eds. Em 2017, at\u00e9 12 de agosto, foram 341.\u00a0O n\u00famero de casos da doen\u00e7a tamb\u00e9m cresceu no pa\u00eds: at\u00e9 16 de julho foram registradas 4.680 infec\u00e7\u00f5es em todo o pa\u00eds contra 4.064 (esse dado inclui os casos de s\u00edndrome gripal e s\u00edndrome respirat\u00f3ria aguda grave ou SRAG)\u00a0na sazonalidade do ano passado.<\/p>\n<p>Existe a possibilidade da baixa ades\u00e3o \u00e0 Campanha Nacional de Vacina\u00e7\u00e3o ter contribu\u00eddo para o aumento no n\u00famero de casos e mortes da doen\u00e7a. Foram necess\u00e1rios mais de tr\u00eas meses para atingir a meta de\u00a090% do p\u00fablico-alvo. Apesar disso, alguns grupos de risco ainda est\u00e3o com cobertura abaixo da m\u00e9dia: apenas 77,8%\u00a0 das gestantes est\u00e3o vacinadas e 76,5% das crian\u00e7as.<\/p>\n<h3>V\u00edrus em circula\u00e7\u00e3o<\/h3>\n<p>Tamb\u00e9m houve uma altera\u00e7\u00e3o no v\u00edrus em maior circula\u00e7\u00e3o no pa\u00eds este ano, em compara\u00e7\u00e3o com o ano passado. Em 2018, a maioria dos casos de gripe (60%) foi causado pelo\u00a0subtipo H1N1, tendo provocado a morte de 567 pessoas (67,5%). No ano passado,\u00a0o v\u00edrus de maior circula\u00e7\u00e3o foi o H3N2, que representou 64,8% dos \u00f3bitos.<\/p>\n<p>Este ano, o\u00a0<strong>Minist\u00e9rio da Sa\u00fade<\/strong>\u00a0ainda registrou\u00a0991 casos e 140 \u00f3bitos por H3N2, 335 registros de influenza B, com 46 \u00f3bitos e os outros 541 de influenza A n\u00e3o subtipado, com 86 \u00f3bitos. Entre os estados, os com maior n\u00famero de casos s\u00e3o S\u00e3o Paulo (1.702), Cear\u00e1 (376), Paran\u00e1 (432) e Goi\u00e1s (378).<\/p>\n<h3>Baixas temperaturas<\/h3>\n<p>\u00c9 importante ressaltar que o v\u00edrus da gripe est\u00e1 presente o ano todo, mas o n\u00famero de casos da doen\u00e7a aumenta no outono\/inverno porque as temperaturas mais baixas favorecem sua propaga\u00e7\u00e3o, j\u00e1 que as pessoas ficam mais tempo aglomeradas em ambientes fechados.<\/p>\n<h3>Amplia\u00e7\u00e3o da vacina<\/h3>\n<p>Desde o \u00faltimo dia 25 de junho, o governo ampliou o p\u00fablico-alvo da vacina depois que a meta n\u00e3o foi alcan\u00e7ada, estendendo para crian\u00e7as de 5 a 9 anos e idosos de 50 a 59 anos.\u00a0Nestas faixas et\u00e1rias, j\u00e1 foram aplicadas 1.233.120 doses, sendo 499.707 em crian\u00e7as e 676.311 em idosos.\u00a0Segundo a pasta, a vacina\u00e7\u00e3o deve continuar at\u00e9\u00a0quando as cidades tiverem estoques de vacina dispon\u00edveis.<\/p>\n<div class=\"wall\">\n<p>A vacina\u00e7\u00e3o contra o v\u00edrus da gripe \u00e9 essencial. Segundo um relat\u00f3rio da OMS, cerca de\u00a0650.000 mortes por ano est\u00e3o associadas a doen\u00e7as respirat\u00f3rias causadas pela doen\u00e7a. O Centro de Controle de Doen\u00e7as dos Estados Unidos (CDC, na sigla em ingl\u00eas) afirma que a maioria dessas mortes ocorreram entre pessoas com mais de 75 anos e nas regi\u00f5es mais pobres do mundo.<\/p>\n<h3>Gripe x Resfriado<\/h3>\n<p>Os sintomas da influenza, tanto a sazonal quanto \u00e0 pand\u00eamica, n\u00e3o s\u00e3o muito diferentes: em geral, os primeiros sintomas s\u00e3o calafrios (ou sensa\u00e7\u00e3o de frio) e febre em alguns casos, com temperaturas corp\u00f3reas variando entre 38 a 39 \u00b0C. Os\u00a0<strong>principais sintomas da gripe<\/strong>\u00a0s\u00e3o:<\/p>\n<\/div>\n<div class=\"wall\">\n<div class=\"mc-column content-text active-extra-styles \">\n<ul>\n<li>Dores pelo corpo, especialmente nas articula\u00e7\u00f5es e garganta<\/li>\n<li>Febre e frio excessivo<\/li>\n<li>Fadiga<\/li>\n<li>Cefal\u00e9ia<\/li>\n<li>Olhos irritados e lacrimejantes<\/li>\n<li>Vermelhid\u00e3o dos olhos, pele (particularmente face), boca, garganta e nariz<\/li>\n<li>Em crian\u00e7as, sintomas gastrintestinais, principalmente diarr\u00e9ia e dores abdominais.<\/li>\n<\/ul>\n<p>J\u00e1 os\u00a0<strong>resfriados<\/strong>\u00a0s\u00e3o mais brandos e geralmente n\u00e3o trazem complica\u00e7\u00f5es graves como pneumonia.<\/p>\n<h3 class=\"c-news__subtitle\">A VACINA\u00c7\u00c3O<\/h3>\n<p><strong>Como\u00a0posso me\u00a0vacinar contra a gripe?<\/strong><br \/>\nNa rede privada, o pre\u00e7o da\u00a0dose\u00a0varia entre R$ 80 e R$ 160. Na rede p\u00fablica, a campanha foi encerrada, apesar de ter alcan\u00e7ado apenas 86% do\u00a0p\u00fablico alvo\u00a0(a meta era 90%).<\/p>\n<p><strong>Quem deve tomar a vacina?<\/strong><br \/>\nO ideal \u00e9 que todos acima de seis meses de idade tomem a vacina, mas alguns grupos correm mais risco de desenvolver complica\u00e7\u00f5es da doen\u00e7a.<\/p>\n<p>\u200b<strong>Quais s\u00e3o os grupos de risco da gripe?<\/strong><br \/>\nCrian\u00e7as de seis meses a cinco anos, idosos, professores e profissionais da sa\u00fade (redes p\u00fablica e\u00a0particular), gr\u00e1vidas, mulheres que tiveram filhos h\u00e1 at\u00e9 45 dias, presidi\u00e1rios, funcion\u00e1rios do sistema prisional, ind\u00edgenas e pessoas\u00a0com\u00a0doen\u00e7as cr\u00f4nicas\u00a0(diabetes, asma,\u00a0c\u00e2ncer) ou condi\u00e7\u00f5es cl\u00ednicas especiais (respirat\u00f3rias, card\u00edacas, renais, hep\u00e1ticas, neurol\u00f3gicas, diab\u00e9ticos, obesos,\u00a0imunossuprimidos,\u00a0transplantados).<\/p>\n<p><strong>Quem tem direito \u00e0\u00a0vacina na rede\u00a0<\/strong><strong>p\u00fablica?<\/strong><br \/>\nAs pessoas que fazem parte do grupo de risco.<\/p>\n<p><strong>Quem n\u00e3o pode tomar a vacina?<\/strong><br \/>\nBeb\u00eas menores de seis meses e quem j\u00e1 teve rea\u00e7\u00f5es anafil\u00e1ticas em aplica\u00e7\u00f5es anteriores. Quem teve a s\u00edndrome de\u00a0Guillain-Barr\u00e9\u00a0ou tem rea\u00e7\u00f5es al\u00e9rgicas graves a ovo \u2014a\u00a0vacina cont\u00e9m tra\u00e7os de prote\u00ednas do\u00a0alimento\u2014\u00a0tamb\u00e9m deve ter cautela.<\/p>\n<p><strong>Quantas doses preciso\u00a0tomar?<\/strong><br \/>\n\u00c9 recomendada uma\u00a0dose\u00a0por ano, porque as cepas do v\u00edrus mudam. Crian\u00e7as de seis meses a nove anos que est\u00e3o recebendo a vacina pela primeira vez devem tomar uma segunda\u00a0dose, com intervalo de 30 dias entre elas.<\/p>\n<p><strong>Se eu j\u00e1 tiver pegado a gripe, ainda preciso tomar a vacina?<\/strong><br \/>\nPrecisa. O tempo de imuniza\u00e7\u00e3o ap\u00f3s a infec\u00e7\u00e3o \u00e9 mais prolongado que o da vacina, por\u00e9m n\u00e3o \u00e9 poss\u00edvel prev\u00ea-lo porque ele\u00a0varia\u00a0bastante.<\/p>\n<p><strong>A vacina protege contra quais v\u00edrus?<\/strong><br \/>\nA vacina dada na rede p\u00fablica \u00e9 a trivalente, contra as gripes A (H1N1), A (H3N2) e um tipo da\u00a0B. Na rede privada tamb\u00e9m \u00e9 oferecida a\u00a0quadrivalente\u00a0\u2014que\u00a0protege contra mais um tipo da\u00a0B.<\/p>\n<p><strong>Ela\u00a0&#8220;vale&#8221; por quanto tempo?<\/strong><br \/>\nEla demora de duas a quatro semanas para come\u00e7ar a fazer efeito e \u00e9 \u00fatil por 6\u00a0a 12 meses, uma \u201ctemporada\u201d do v\u00edrus.<\/p>\n<p><strong>Ela \u00e9 100% eficiente?<\/strong><br \/>\nN\u00e3o, a efic\u00e1cia\u00a0varia. Em pessoas n\u00e3o idosas e saud\u00e1veis, gira em torno de 70%, mas\u00a0cai dependendo da faixa et\u00e1ria e de outros fatores, como presen\u00e7a de infec\u00e7\u00f5es e doen\u00e7as cr\u00f4nicas. Para prevenir mortes, por\u00e9m, a efici\u00eancia sobe para 85%, segundo\u00a0o pediatra e infectologista Renato\u00a0Kfouri.<\/p>\n<p><strong>Quem toma a vacina tem chances de ficar gripado como \u201crea\u00e7\u00e3o\u201d?<\/strong><br \/>\nN\u00e3o. O m\u00e1ximo que pode acontecer s\u00e3o dores locais (10% a 20% dos casos), febre baixa, dor no corpo e mal-estar (menos de 1%).<\/p>\n<p><strong>Posso tomar as vacinas da gripe e da febre amarela no mesmo dia?<\/strong><br \/>\nSim. Segundo Renato\u00a0Kfouri, \u00e9 inclusive uma \u00f3tima oportunidade de colocar as vacinas em dia.<\/p>\n<h3 class=\"c-news__subtitle\">A GRIPE<\/h3>\n<p><strong>Devo ir ao hospital assim que sentir um dos sintomas da gripe?<\/strong><br \/>\nNem sempre. Pode ser\u00a0que seja apenas um resfriado. Ir a um pronto-socorro ou a um consult\u00f3rio m\u00e9dico pode expor a pessoa, que j\u00e1 est\u00e1 com a imunidade baixa, a\u00a0microorganismos\u00a0e fazer com que ela\u00a0contraia\u00a0a gripe ou outras doen\u00e7as.<\/p>\n<p><strong>Qual o per\u00edodo de maior incid\u00eancia da doen\u00e7a?<\/strong><br \/>\nDurante a temporada de frio, entre abril e outubro \u2014principalmente\u00a0no m\u00eas de junho, segundo o Minist\u00e9rio da Sa\u00fade.<\/p>\n<p><strong>H\u00e1 um surto neste ano?<\/strong><br \/>\n\u00c9 dif\u00edcil dizer, uma vez que apenas os casos graves, que resultam em complica\u00e7\u00f5es, s\u00e3o de\u00a0notifica\u00e7\u00e3o obrigat\u00f3ria. Em rela\u00e7\u00e3o a eles, o n\u00famero de fato aumentou, em compara\u00e7\u00e3o com 2017. At\u00e9 o in\u00edcio de junho, foram contabilizados 2.715 casos e 446 mortes. No ano passado, no mesmo per\u00edodo, eram 1.502 casos e 99 mortes. Especialistas, no entanto, afirmam que 2017 foi um ano at\u00edpico, com poucos registros. Se olharmos para 2016, veremos que os n\u00fameros s\u00e3o muito maiores do que os\u00a0 que temos hoje: entre janeiro e junho, foram 6.097 casos e 1.103\u00a0mortes.<\/p>\n<p><strong>O v\u00edrus\u00a0H3N2, principal respons\u00e1vel por um surto de gripe atualmente nos Estados Unidos, tamb\u00e9m pode causar uma epidemia no Brasil?<\/strong><br \/>\n\u00c9 pouco prov\u00e1vel. A vacina que ser\u00e1 aplicada na rede p\u00fablica foi adaptada para ser mais eficiente contra o\u00a0H3N2. At\u00e9 junho, o n\u00famero registrado de casos desse tipo do v\u00edrus foi bem menor (341) do que no mesmo per\u00edodo de 2017 (1.113).<\/p>\n<p><strong>Como a gripe \u00e9 transmitida?<\/strong><\/p>\n<ul>\n<li>Contato\u00a0direto com o muco produzido pelo doente<\/li>\n<li>Inala\u00e7\u00e3o das got\u00edculas emitidas quando a pessoa espirra ou tosse<\/li>\n<li>Contato com superf\u00edcies como mesas, ma\u00e7anetas e\u00a0talheres que tiveram contato com muco ou got\u00edculas<\/li>\n<\/ul>\n<p><strong>Quais s\u00e3o os sintomas?<\/strong><br \/>\nFebre alta, tosse, dor muscular, dor de cabe\u00e7a, dor de garganta,\u00a0coriza\u00a0e irrita\u00e7\u00e3o nos olhos e nos ouvidos.<\/p>\n<p><strong>Como me prevenir?<\/strong><\/p>\n<ul>\n<li>Tome a vacina; \u00e9 o m\u00e9todo mais eficaz de evitar a gripe<\/li>\n<li>Lave sempre as m\u00e3os com \u00e1gua e sab\u00e3o ou com \u00e1lcool<\/li>\n<li>Evite levar as m\u00e3os aos olhos, ao nariz e \u00e0 boca<\/li>\n<li>Cubra a boca quando for tossir ou espirrar<\/li>\n<\/ul>\n<p><b>Como funciona\u00a0o tratamento da\u00a0gripe?<\/b><\/p>\n<ul>\n<li>Repousar, beber muito l\u00edquido e evitar \u00e1lcool e cigarro<\/li>\n<li>Medicamentos como o\u00a0paracetamol\u00a0(Tylenol) podem ser usados para combater febre e dores<\/li>\n<li>Em casos graves ou em grupos de risco, pode ser recomendado medicamento antiviral<\/li>\n<li>Uso do\u00a0Oseltamivir\u00a0(Tamiflu), vendido com receita<\/li>\n<\/ul>\n<p class=\"tagline\">Fontes: Minist\u00e9rio da Sa\u00fade, Revista Veja, Secretaria da Sa\u00fade de SP e\u00a0infectologistas Renato\u00a0Kfouri,\u00a0Rosana\u00a0Richtmann,\u00a0Isabella\u00a0Ballalai\u00a0e\u00a0Carlos\u00a0Kiffer<\/p>\n<\/div>\n<\/div>\n<p>&nbsp;<\/p>\n<p><em>\u00a0<\/em><\/p>\n","protected":false},"excerpt":{"rendered":"<p>Em 2018, j\u00e1 foram confirmadas 839 \u00f3bitos por influenza. Em todo o per\u00edodo de janeiro a agosto do ano passado,\u00a0foram 341: aumento de 146% O n\u00famero de\u00a0mortes por influenza\u00a0aumentou 146% em 2018 em compara\u00e7\u00e3o com todo o per\u00edodo de sazonalidade da doen\u00e7a do ano passado , que vai de\u00a001 de janeiro a\u00a012 de agosto de [&hellip;]<\/p>\n","protected":false},"author":1,"featured_media":294,"comment_status":"open","ping_status":"open","sticky":false,"template":"","format":"standard","meta":[],"categories":[3],"tags":[18,55,57,59,26,11,56,58],"_links":{"self":[{"href":"http:\/\/servicenterblog.institucional.ws\/index.php?rest_route=\/wp\/v2\/posts\/292"}],"collection":[{"href":"http:\/\/servicenterblog.institucional.ws\/index.php?rest_route=\/wp\/v2\/posts"}],"about":[{"href":"http:\/\/servicenterblog.institucional.ws\/index.php?rest_route=\/wp\/v2\/types\/post"}],"author":[{"embeddable":true,"href":"http:\/\/servicenterblog.institucional.ws\/index.php?rest_route=\/wp\/v2\/users\/1"}],"replies":[{"embeddable":true,"href":"http:\/\/servicenterblog.institucional.ws\/index.php?rest_route=%2Fwp%2Fv2%2Fcomments&post=292"}],"version-history":[{"count":1,"href":"http:\/\/servicenterblog.institucional.ws\/index.php?rest_route=\/wp\/v2\/posts\/292\/revisions"}],"predecessor-version":[{"id":295,"href":"http:\/\/servicenterblog.institucional.ws\/index.php?rest_route=\/wp\/v2\/posts\/292\/revisions\/295"}],"wp:featuredmedia":[{"embeddable":true,"href":"http:\/\/servicenterblog.institucional.ws\/index.php?rest_route=\/wp\/v2\/media\/294"}],"wp:attachment":[{"href":"http:\/\/servicenterblog.institucional.ws\/index.php?rest_route=%2Fwp%2Fv2%2Fmedia&parent=292"}],"wp:term":[{"taxonomy":"category","embeddable":true,"href":"http:\/\/servicenterblog.institucional.ws\/index.php?rest_route=%2Fwp%2Fv2%2Fcategories&post=292"},{"taxonomy":"post_tag","embeddable":true,"href":"http:\/\/servicenterblog.institucional.ws\/index.php?rest_route=%2Fwp%2Fv2%2Ftags&post=292"}],"curies":[{"name":"wp","href":"https:\/\/api.w.org\/{rel}","templated":true}]}}