{"id":276,"date":"2018-06-21T10:53:56","date_gmt":"2018-06-21T13:53:56","guid":{"rendered":"http:\/\/servicentermedic1.hospedagemdesites.ws\/blog\/?p=276"},"modified":"2018-06-21T11:01:55","modified_gmt":"2018-06-21T14:01:55","slug":"dia-nacional-de-controle-da-asma-216","status":"publish","type":"post","link":"http:\/\/servicenterblog.institucional.ws\/?p=276","title":{"rendered":"Dia Nacional de Controle da Asma &#8211; 21\/6"},"content":{"rendered":"<div class=\"\" style=\"font-family: 'Helvetica Neue', Helvetica, Arial, sans-serif; color: #1d2129; font-size: 14px; white-space: pre-wrap;\" data-block=\"true\" data-editor=\"9677s\" data-offset-key=\"ciruj-0-0\">\n<div class=\"_1mf _1mj\" style=\"position: relative; direction: ltr; font-family: inherit;\" data-offset-key=\"ciruj-0-0\"><span style=\"font-family: inherit;\" data-offset-key=\"ciruj-0-0\">\u00c9 uma doen\u00e7a pulmonar inflamat\u00f3ria cr\u00f4nica, com epis\u00f3dios recorrentes de falta de ar, tosse cr\u00f4nica, chiado e aperto no peito, que se agrava \u00e0 noite e nas primeiras horas da manh\u00e3. A gravidade da asma varia de pessoa a pessoa, da\u00ed a classifica\u00e7\u00e3o de leve, moderada e grave.<\/span><\/div>\n<\/div>\n<div class=\"\" style=\"font-family: 'Helvetica Neue', Helvetica, Arial, sans-serif; color: #1d2129; font-size: 14px; white-space: pre-wrap;\" data-block=\"true\" data-editor=\"9677s\" data-offset-key=\"bqr0o-0-0\">\n<div class=\"_1mf _1mj\" style=\"position: relative; direction: ltr; font-family: inherit;\" data-offset-key=\"bqr0o-0-0\"><span style=\"font-family: inherit;\" data-offset-key=\"bqr0o-0-0\">\u00a0<\/span><\/div>\n<\/div>\n<div class=\"\" style=\"font-family: 'Helvetica Neue', Helvetica, Arial, sans-serif; color: #1d2129; font-size: 14px; white-space: pre-wrap;\" data-block=\"true\" data-editor=\"9677s\" data-offset-key=\"doasv-0-0\">\n<div class=\"_1mf _1mj\" style=\"position: relative; direction: ltr; font-family: inherit;\" data-offset-key=\"doasv-0-0\"><span style=\"font-family: inherit;\" data-offset-key=\"doasv-0-0\">Causas: v\u00e1rios fatores podem desencadear ou agravar a asma, tais como: al\u00e9rgicos (p\u00f3 domiciliar, \u00e1caros, fungos, polens, p\u00ealo e saliva de animais); infec\u00e7\u00e3o respirat\u00f3ria viral; agentes irritantes (fuma\u00e7a em geral e principalmente de cigarro, polui\u00e7\u00e3o do ar, aeross\u00f3is etc.); varia\u00e7\u00e3o clim\u00e1tica como exposi\u00e7\u00e3o ao frio; altera\u00e7\u00e3o emocional; medicamentos (aspirina, anti-inflamat\u00f3rio n\u00e3o hormonal, beta-bloqueadores); e exerc\u00edcios. Alguns pacientes asm\u00e1ticos podem apresentar hist\u00f3ria familiar de asma e ou rinite.<\/span><\/div>\n<\/div>\n<div class=\"\" style=\"font-family: 'Helvetica Neue', Helvetica, Arial, sans-serif; color: #1d2129; font-size: 14px; white-space: pre-wrap;\" data-block=\"true\" data-editor=\"9677s\" data-offset-key=\"eeich-0-0\">\n<div class=\"_1mf _1mj\" style=\"position: relative; direction: ltr; font-family: inherit;\" data-offset-key=\"eeich-0-0\"><span style=\"font-family: inherit;\" data-offset-key=\"eeich-0-0\">\u00a0<\/span><\/div>\n<\/div>\n<div class=\"\" style=\"font-family: 'Helvetica Neue', Helvetica, Arial, sans-serif; color: #1d2129; font-size: 14px; white-space: pre-wrap;\" data-block=\"true\" data-editor=\"9677s\" data-offset-key=\"utj6-0-0\">\n<div class=\"_1mf _1mj\" style=\"position: relative; direction: ltr; font-family: inherit;\" data-offset-key=\"utj6-0-0\">\n<p><span style=\"font-family: inherit;\" data-offset-key=\"utj6-0-0\">Tratamento: o tratamento da asma \u00e9 um programa de parceria entre m\u00e9dico, paciente e familiares, com foco na orienta\u00e7\u00e3o e identifica\u00e7\u00e3o dos fatores desencadeantes e agravantes, especialmente no ambiente domiciliar.<\/span><\/p>\n<p>Fonte: Minist\u00e9rio da Sa\u00fade<\/p>\n<\/div>\n<\/div>\n","protected":false},"excerpt":{"rendered":"<p>\u00c9 uma doen\u00e7a pulmonar inflamat\u00f3ria cr\u00f4nica, com epis\u00f3dios recorrentes de falta de ar, tosse cr\u00f4nica, chiado e aperto no peito, que se agrava \u00e0 noite e nas primeiras horas da manh\u00e3. A gravidade da asma varia de pessoa a pessoa, da\u00ed a classifica\u00e7\u00e3o de leve, moderada e grave. \u00a0 Causas: v\u00e1rios fatores podem desencadear ou [&hellip;]<\/p>\n","protected":false},"author":1,"featured_media":280,"comment_status":"open","ping_status":"open","sticky":false,"template":"","format":"standard","meta":[],"categories":[2],"tags":[],"_links":{"self":[{"href":"http:\/\/servicenterblog.institucional.ws\/index.php?rest_route=\/wp\/v2\/posts\/276"}],"collection":[{"href":"http:\/\/servicenterblog.institucional.ws\/index.php?rest_route=\/wp\/v2\/posts"}],"about":[{"href":"http:\/\/servicenterblog.institucional.ws\/index.php?rest_route=\/wp\/v2\/types\/post"}],"author":[{"embeddable":true,"href":"http:\/\/servicenterblog.institucional.ws\/index.php?rest_route=\/wp\/v2\/users\/1"}],"replies":[{"embeddable":true,"href":"http:\/\/servicenterblog.institucional.ws\/index.php?rest_route=%2Fwp%2Fv2%2Fcomments&post=276"}],"version-history":[{"count":2,"href":"http:\/\/servicenterblog.institucional.ws\/index.php?rest_route=\/wp\/v2\/posts\/276\/revisions"}],"predecessor-version":[{"id":282,"href":"http:\/\/servicenterblog.institucional.ws\/index.php?rest_route=\/wp\/v2\/posts\/276\/revisions\/282"}],"wp:featuredmedia":[{"embeddable":true,"href":"http:\/\/servicenterblog.institucional.ws\/index.php?rest_route=\/wp\/v2\/media\/280"}],"wp:attachment":[{"href":"http:\/\/servicenterblog.institucional.ws\/index.php?rest_route=%2Fwp%2Fv2%2Fmedia&parent=276"}],"wp:term":[{"taxonomy":"category","embeddable":true,"href":"http:\/\/servicenterblog.institucional.ws\/index.php?rest_route=%2Fwp%2Fv2%2Fcategories&post=276"},{"taxonomy":"post_tag","embeddable":true,"href":"http:\/\/servicenterblog.institucional.ws\/index.php?rest_route=%2Fwp%2Fv2%2Ftags&post=276"}],"curies":[{"name":"wp","href":"https:\/\/api.w.org\/{rel}","templated":true}]}}