{"id":273,"date":"2018-06-18T09:23:58","date_gmt":"2018-06-18T12:23:58","guid":{"rendered":"http:\/\/servicentermedic1.hospedagemdesites.ws\/blog\/?p=273"},"modified":"2018-06-18T09:23:58","modified_gmt":"2018-06-18T12:23:58","slug":"alzheimer-remedio-em-formato-de-adesivo-chega-ao-sus","status":"publish","type":"post","link":"http:\/\/servicenterblog.institucional.ws\/?p=273","title":{"rendered":"Alzheimer: rem\u00e9dio em formato de adesivo chega ao SUS"},"content":{"rendered":"<h4><em>O medicamento na forma de adesivo tem menos efeitos colaterais<br \/>\n<\/em><br \/>\nO\u00a0<strong>Sistema \u00danico de Sa\u00fade (SUS)<\/strong>\u00a0j\u00e1 est\u00e1 disponibilizando um adesivo transd\u00e9rmico de\u00a0<strong>rivastigmina<\/strong>, medica\u00e7\u00e3o utilizada para o tratamento do\u00a0<strong>Alzheimer<\/strong>. Com o nome comercial Exelon Patch, o\u00a0adesivo pode ser colocado em oito regi\u00f5es da pele, permitindo a absor\u00e7\u00e3o do rem\u00e9dio ao longo do dia. Esse \u00e9 o \u00fanico rem\u00e9dio para o Alzheimer dispon\u00edvel em\u00a0formato transd\u00e9rmico.<\/h4>\n<h4>Apesar de ter outras duas vers\u00f5es \u2013 em c\u00e1psula e solu\u00e7\u00e3o oral\u00a0\u2013, em forma de adesivo, o medicamento diminui a possibilidade de\u00a0<strong>efeitos colaterais<\/strong>\u00a0que podem afetar o sistema digestivo, como n\u00e1usea e v\u00f4mito, se comparado \u00e0s op\u00e7\u00f5es orais.\u00a0A administra\u00e7\u00e3o atrav\u00e9s da pele ainda garante que a dose di\u00e1ria seja aplicada corretamente, facilitando a tarefa dos familiares ao cuidar do paciente. Como o Alzheimer n\u00e3o tem cura, o rem\u00e9dio ter\u00e1 de ser utilizado at\u00e9 o fim da vida para minimizar os sintomas, por isso a vers\u00e3o transd\u00e9rmica oferece maior comodidade.<\/h4>\n<h4>No Brasil, al\u00e9m da rivastigmina, existem outras tr\u00eas medica\u00e7\u00f5es dispon\u00edveis para o tratamento do Alzheimer nas farm\u00e1cias e na rede p\u00fablica de sa\u00fade:\u00a0<strong>donepezila<\/strong>,\u00a0<strong>galantamina<\/strong>\u00a0e\u00a0<strong>memantina<\/strong>, que foi integrada ao SUS no ano passado. Com exce\u00e7\u00e3o da \u00faltima, todas as outras podem ser utilizados na fase inicial da doen\u00e7a.<\/p>\n<p><strong>Alzheimer<\/strong><\/h4>\n<h4>O Alzheimer \u00e9 uma doen\u00e7a neurodegenerativa que provoca a diminui\u00e7\u00e3o das fun\u00e7\u00f5es cognitivas uma vez que as c\u00e9lulas cerebrais degeneram e morrem, causando decl\u00ednio constante na fun\u00e7\u00e3o mental. Os principais sintomas da doen\u00e7a s\u00e3o: dificuldade de mem\u00f3ria (especialmente de acontecimentos recentes), discurso vago durante as conversa\u00e7\u00f5es, demora em atividades rotineiras, esquecimento de pessoas e lugares conhecidos, deteriora\u00e7\u00e3o de compet\u00eancias sociais e imprevisibilidade emocional.<\/h4>\n<h4>Segundo a\u00a0<strong>Organiza\u00e7\u00e3o Mundial de Sa\u00fade (OMS)<\/strong>, essa doen\u00e7a \u00e9 respons\u00e1vel por\u00a060% a 70% dos casos de dem\u00eancia \u2013 grupo de\u00a0dist\u00farbios cerebrais que causam a perda de habilidades intelectuais e sociais.\u00a0\u00a0Estima-se que 47 milh\u00f5es de pessoas sofram de dem\u00eancia no mundo, sendo registrados\u00a010 milh\u00f5es de novos casos anualmente. No Brasil, o Alzheimer est\u00e1 entre as dez maiores causas de morte e \u00e9 um problema que afeta\u00a01,2 milh\u00e3o de pessoas.<\/h4>\n<h4>Por ser uma doen\u00e7a incur\u00e1vel, o\u00a0<strong>diagn\u00f3stico precoce<\/strong>\u00a0pode fazer toda a diferen\u00e7a j\u00e1 que o tratamento\u00a0ajuda a impedir o seu avan\u00e7o e amenizar os sintomas.<\/h4>\n<h4><strong>Funcionamento da medica\u00e7\u00e3o<\/strong><\/h4>\n<h4>A subst\u00e2ncia ativa do Exelon Patch \u00e9 a rivastigmina, que atua no aumento da quantidade de\u00a0<strong>acetilcolina<\/strong>\u00a0no c\u00e9rebro, mol\u00e9cula neurotransmissora necess\u00e1ria para o bom funcionamento cognitivo. Na forma de adesivo, essa medica\u00e7\u00e3o possui tr\u00eas tamanhos: 5, 10 e 15 cm\u00b2, embora apenas as duas primeiras estejam dispon\u00edveis para distribui\u00e7\u00e3o no SUS.<\/h4>\n<h4>Essa diferen\u00e7a de tamanho\/dosagem \u00e9 necess\u00e1ria para preparar o corpo do paciente para o recebimento da quantidade mais alta do rem\u00e9dio \u2013 considerada a mais eficiente na redu\u00e7\u00e3o dos sintomas -, al\u00e9m de minimizar qualquer poss\u00edvel efeito colateral. Entre as rea\u00e7\u00f5es adversas mais comuns, que atingem mais de 10% dos pacientes, est\u00e3o: perda de apetite, dificuldade para dormir, incontin\u00eancia urin\u00e1ria, rea\u00e7\u00f5es na pele na \u00e1rea de aplica\u00e7\u00e3o, sangue no v\u00f4mito ou nas fezes, desconfortos estomacais ap\u00f3s as refei\u00e7\u00f5es, entre outros.<\/h4>\n<h4>Segundo Rodrigo\u00a0Rizek Schultz,\u00a0presidente da Associa\u00e7\u00e3o Brasileira de Alzheimer (ABRAZ), a<strong>\u00a0principal vantagem do adesivo<\/strong>\u00a0\u00e9 a entrega da subst\u00e2ncia ao longo do dia, geralmente mantendo o mesmo n\u00edvel da rivastigmina no organismo durante todo o per\u00edodo\u00a0de uso.\u00a0\u201cQuando via transd\u00e9rmica, os produtos s\u00e3o liberados ao longo de 24 horas, evitando os picos de medica\u00e7\u00e3o, como acontece com os comprimidos, por exemplo, que quando s\u00e3o ingeridos entregam doses altas, que v\u00e3o caindo ao longo do dia, sendo necess\u00e1rio fazer a reposi\u00e7\u00e3o\u201d, explicou. Nas vers\u00f5es orais, o\u00a0Exelon deve ser tomado duas vezes ao dia.<\/h4>\n<h4>Ele ainda comentou que pessoas idosas costumam utilizar muitas medica\u00e7\u00f5es orais, portanto, o\u00a0Exelon Patch oferece uma alternativa para o paciente, diminuindo a quantidade de comprimidos ingeridos.<\/h4>\n<h4><strong>Aplica\u00e7\u00e3o<\/strong><\/h4>\n<h4>Segundo a indica\u00e7\u00e3o da bula, o Exelon Patch deve ser trocado a cada 24 horas e pode ser colocado em oito regi\u00f5es do corpo:<\/h4>\n<ul>\n<li>\n<h4>Parte superior dos bra\u00e7os esquerdo ou direito;<\/h4>\n<\/li>\n<li>\n<h4>Lado direito ou esquerdo do peito;<\/h4>\n<\/li>\n<li>\n<h4>Parte superior das costas, do lado esquerdo ou direito; e<\/h4>\n<\/li>\n<li>\n<h4>Parte inferior das costas,\u00a0do lado esquerdo ou direito.<\/h4>\n<\/li>\n<\/ul>\n<h4>Especialistas recomendam que o adesivo seja colocado em regi\u00f5es diferentes a cada nova troca \u2013 como um tipo de \u2018rod\u00edzio\u2019 -, garantindo descanso para a pele. Outra orienta\u00e7\u00e3o \u00e9 que antes da aplica\u00e7\u00e3o a pele esteja limpa, seca e sem pelos, al\u00e9m de estar livre de hidratantes ou lo\u00e7\u00f5es que possam interferir na ader\u00eancia. Regi\u00f5es da pele que tenham cortes, erup\u00e7\u00f5es ou irrita\u00e7\u00f5es devem ser evitadas.<\/h4>\n<h4>O adesivo pode ser utilizado no banho, na piscina ou na praia, mas \u00e9 necess\u00e1rio certificar-se de que ele n\u00e3o tenha descolado depois. Caso isso aconte\u00e7a, um novo deve ser aplicado para o restante do dia e trocado no dia seguinte, conforme o esquema habitual adotado.<\/p>\n<p>Fonte: Veja &#8211; jun\/2018<\/h4>\n<h4><\/h4>\n","protected":false},"excerpt":{"rendered":"<p>O medicamento na forma de adesivo tem menos efeitos colaterais O\u00a0Sistema \u00danico de Sa\u00fade (SUS)\u00a0j\u00e1 est\u00e1 disponibilizando um adesivo transd\u00e9rmico de\u00a0rivastigmina, medica\u00e7\u00e3o utilizada para o tratamento do\u00a0Alzheimer. Com o nome comercial Exelon Patch, o\u00a0adesivo pode ser colocado em oito regi\u00f5es da pele, permitindo a absor\u00e7\u00e3o do rem\u00e9dio ao longo do dia. Esse \u00e9 o \u00fanico [&hellip;]<\/p>\n","protected":false},"author":1,"featured_media":274,"comment_status":"open","ping_status":"open","sticky":false,"template":"","format":"standard","meta":[],"categories":[3],"tags":[],"_links":{"self":[{"href":"http:\/\/servicenterblog.institucional.ws\/index.php?rest_route=\/wp\/v2\/posts\/273"}],"collection":[{"href":"http:\/\/servicenterblog.institucional.ws\/index.php?rest_route=\/wp\/v2\/posts"}],"about":[{"href":"http:\/\/servicenterblog.institucional.ws\/index.php?rest_route=\/wp\/v2\/types\/post"}],"author":[{"embeddable":true,"href":"http:\/\/servicenterblog.institucional.ws\/index.php?rest_route=\/wp\/v2\/users\/1"}],"replies":[{"embeddable":true,"href":"http:\/\/servicenterblog.institucional.ws\/index.php?rest_route=%2Fwp%2Fv2%2Fcomments&post=273"}],"version-history":[{"count":1,"href":"http:\/\/servicenterblog.institucional.ws\/index.php?rest_route=\/wp\/v2\/posts\/273\/revisions"}],"predecessor-version":[{"id":275,"href":"http:\/\/servicenterblog.institucional.ws\/index.php?rest_route=\/wp\/v2\/posts\/273\/revisions\/275"}],"wp:featuredmedia":[{"embeddable":true,"href":"http:\/\/servicenterblog.institucional.ws\/index.php?rest_route=\/wp\/v2\/media\/274"}],"wp:attachment":[{"href":"http:\/\/servicenterblog.institucional.ws\/index.php?rest_route=%2Fwp%2Fv2%2Fmedia&parent=273"}],"wp:term":[{"taxonomy":"category","embeddable":true,"href":"http:\/\/servicenterblog.institucional.ws\/index.php?rest_route=%2Fwp%2Fv2%2Fcategories&post=273"},{"taxonomy":"post_tag","embeddable":true,"href":"http:\/\/servicenterblog.institucional.ws\/index.php?rest_route=%2Fwp%2Fv2%2Ftags&post=273"}],"curies":[{"name":"wp","href":"https:\/\/api.w.org\/{rel}","templated":true}]}}