{"id":270,"date":"2018-06-14T16:30:59","date_gmt":"2018-06-14T19:30:59","guid":{"rendered":"http:\/\/servicentermedic1.hospedagemdesites.ws\/blog\/?p=270"},"modified":"2018-06-14T16:30:59","modified_gmt":"2018-06-14T19:30:59","slug":"dia-mundial-do-doador-de-sangue-saiba-quem-pode-doar-o-que-e-exigido-e-se-a-doacao-vale-folga-no-trabalho","status":"publish","type":"post","link":"http:\/\/servicenterblog.institucional.ws\/?p=270","title":{"rendered":"Dia Mundial do Doador de Sangue: saiba quem pode doar, o que \u00e9 exigido e se a doa\u00e7\u00e3o vale folga no trabalho"},"content":{"rendered":"<div class=\"row content-head\">\n<div class=\"column medium-centered medium-17 large-14 xlarge-16\">\n<h4 class=\"content-head__subtitle\"><em>Especialistas afirmam que cada doa\u00e7\u00e3o pode salvar at\u00e9 tr\u00eas vidas. Trabalhador pode tirar uma folga por ano para doar sangue, conforme prev\u00ea a CLT<\/p>\n<p><\/em><\/h4>\n<div class=\"mc-column content-text active-extra-styles active-capital-letter\" data-block-type=\"unstyled\" data-block-weight=\"44\" data-block-id=\"2\">\n<p class=\"content-text__container theme-color-primary-first-letter\" data-track-category=\"Link no Texto\" data-track-links=\"\">Dia Mundial do Doador de Sangue \u00e9 celebrado nesta quinta-feira (14), segundo a Organiza\u00e7\u00e3o Pan-Americana da Sa\u00fade\/Organiza\u00e7\u00e3o Mundial da Sa\u00fade (OPAS\/OMS). De acordo com o \u00f3rg\u00e3o, as doa\u00e7\u00f5es volunt\u00e1rias na Am\u00e9rica Latina e no Caribe ainda est\u00e3o abaixo da meta estabelecida pela OMS.<\/p>\n<\/div>\n<div class=\"wall\">\n<div class=\"mc-column content-text active-extra-styles\" data-block-type=\"raw\" data-block-weight=\"39\" data-block-id=\"3\">\n<blockquote class=\"content-blockquote theme-border-color-primary-before\"><p>&#8220;O sangue n\u00e3o tem substituto industrial, n\u00e3o tem como comprar. Cada volunt\u00e1rio pode salvar at\u00e9 tr\u00eas pessoas com uma simples doa\u00e7\u00e3o, s\u00e3o muitas vidas.&#8221; &#8211; Araci Sakashita, hematologista e coordenadora do banco de sangue do Hospital Israelita Albert Einstein<\/p><\/blockquote>\n<\/div>\n<div class=\"mc-column content-text active-extra-styles \" data-block-type=\"unstyled\" data-block-weight=\"45\" data-block-id=\"4\">\n<p class=\"content-text__container \" data-track-category=\"Link no Texto\" data-track-links=\"\">Segundo a OPAS, apenas 45% do sangue para transfus\u00f5es na Am\u00e9rica Latina e no Caribe foi obtido por meio de doa\u00e7\u00e3o volunt\u00e1ria. A OPAS trabalha com seus pa\u00edses membros para atingir a meta de doa\u00e7\u00e3o de sangue 100% volunt\u00e1ria at\u00e9 2019, como recomenda a OMS.<\/p>\n<\/div>\n<div class=\"mc-column content-text active-extra-styles \" data-block-type=\"unstyled\" data-block-weight=\"10\" data-block-id=\"5\">\n<p class=\"content-text__container \" data-track-category=\"Link no Texto\" data-track-links=\"\">Abaixo o\u00a0<strong>G1<\/strong>\u00a0listou as principais d\u00favidas envolvidas na doa\u00e7\u00e3o:<\/p>\n<div class=\"wall\">\n<div class=\"mc-column content-text active-extra-styles\" data-block-type=\"raw\" data-block-weight=\"3\" data-block-id=\"7\">\n<div class=\"content-intertitle\">\n<h2>D\u00favidas e mitos<\/h2>\n<\/div>\n<\/div>\n<div class=\"mc-column content-text active-extra-styles \" data-block-type=\"unstyled\" data-block-weight=\"9\" data-block-id=\"8\">\n<p class=\"content-text__container \" data-track-category=\"Link no Texto\" data-track-links=\"\"><strong>A doa\u00e7\u00e3o de sangue engrossa ou afina o sangue<\/strong><\/p>\n<\/div>\n<div class=\"mc-column content-text active-extra-styles \" data-block-type=\"unstyled\" data-block-weight=\"35\" data-block-id=\"9\">\n<p class=\"content-text__container \" data-track-category=\"Link no Texto\" data-track-links=\"\">&#8220;Tem uma cren\u00e7a que acham que engrossa o sangue, isso n\u00e3o \u00e9 verdade, a doa\u00e7\u00e3o n\u00e3o interfere. O que acontece \u00e9 que o organismo leva um tempo para recuperar os componentes sangu\u00edneos&#8221;, afirma Araci Sakashita.<\/p>\n<\/div>\n<div class=\"mc-column content-text active-extra-styles \" data-block-type=\"unstyled\" data-block-weight=\"7\" data-block-id=\"10\">\n<p class=\"content-text__container \" data-track-category=\"Link no Texto\" data-track-links=\"\"><strong>\u00c9 preciso estar em jejum para doar?<\/strong><\/p>\n<\/div>\n<div class=\"mc-column content-text active-extra-styles \" data-block-type=\"unstyled\" data-block-weight=\"26\" data-block-id=\"11\">\n<p class=\"content-text__container \" data-track-category=\"Link no Texto\" data-track-links=\"\">&#8220;Isso \u00e9 um mito. A recomenda\u00e7\u00e3o para o volunt\u00e1rio \u00e9 que tenha feito uma alimenta\u00e7\u00e3o mais leve nas \u00faltimas tr\u00eas horas pelo menos&#8221;, afirma a hematologista.<\/p>\n<\/div>\n<div class=\"content-ads content-ads--reveal\" data-block-type=\"ads\" data-block-id=\"12\"><\/div>\n<div class=\"mc-column content-text active-extra-styles \" data-block-type=\"unstyled\" data-block-weight=\"10\" data-block-id=\"13\">\n<p class=\"content-text__container \" data-track-category=\"Link no Texto\" data-track-links=\"\"><strong>Tenho direito a folga todas as vezes que doar sangue?<\/strong><\/p>\n<\/div>\n<div class=\"mc-column content-text active-extra-styles \" data-block-type=\"unstyled\" data-block-weight=\"44\" data-block-id=\"14\">\n<p class=\"content-text__container \" data-track-category=\"Link no Texto\" data-track-links=\"\">&#8220;O volunt\u00e1rio tem direito a uma \u00fanica folga por ano independentemente do n\u00famero de doa\u00e7\u00f5es que ele fizer&#8221;, afirma Araci Sakashita. A folga est\u00e1 prevista no artigo 473 da Consolida\u00e7\u00e3o das Leis Trabalhistas (CLT) e prev\u00ea que o funcion\u00e1rio apresente comprova\u00e7\u00e3o para a falta.<\/p>\n<\/div>\n<div class=\"mc-column content-text active-extra-styles \" data-block-type=\"unstyled\" data-block-weight=\"5\" data-block-id=\"15\">\n<p class=\"content-text__container \" data-track-category=\"Link no Texto\" data-track-links=\"\"><strong>Per\u00edodo menstrual afeta a doa\u00e7\u00e3o?<\/strong><\/p>\n<\/div>\n<div class=\"mc-column content-text active-extra-styles \" data-block-type=\"unstyled\" data-block-weight=\"30\" data-block-id=\"16\">\n<p class=\"content-text__container \" data-track-category=\"Link no Texto\" data-track-links=\"\">&#8220;A menstrua\u00e7\u00e3o n\u00e3o impede a doa\u00e7\u00e3o. O que determina a possibilidade ou n\u00e3o de doar, \u00e9 o teste de anemia feito em todos os doadores na triagem&#8221;, conclui a hematologista.<\/p>\n<\/div>\n<div class=\"mc-column content-text active-extra-styles \" data-block-type=\"unstyled\" data-block-weight=\"5\" data-block-id=\"17\">\n<p class=\"content-text__container \" data-track-category=\"Link no Texto\" data-track-links=\"\"><strong>Requisitos para ser um doador:<\/strong><\/p>\n<\/div>\n<div class=\"mc-column content-text active-extra-styles\" data-block-type=\"raw\" data-block-weight=\"116\" data-block-id=\"18\">\n<ul class=\"content-unordered-list\">\n<li>Ter idade m\u00ednima de 16 anos e m\u00e1xima de 69 anos<\/li>\n<li>Pesar no m\u00ednimo 50kg<\/li>\n<li>Ter dormido pelo menos 6 horas nas \u00faltimas 24 horas<\/li>\n<li>N\u00e3o ingerir bebidas alco\u00f3licas nas 24 horas que antecedem a doa\u00e7\u00e3o<\/li>\n<li>Estar bem de sa\u00fade, sem gripe, resfriado ou febre h\u00e1, no m\u00ednimo, 7 dias<\/li>\n<li>N\u00e3o estar em per\u00edodo de gravidez ou amamenta\u00e7\u00e3o<\/li>\n<li>N\u00e3o ter feito tatuagem ou piercing nos \u00faltimos 6 meses (piercing na boca ou na genit\u00e1lia impedem definitivamente a doa\u00e7\u00e3o)<\/li>\n<li>N\u00e3o ter feito uso de drogas injet\u00e1veis<\/li>\n<li>N\u00e3o ter visitado regi\u00f5es onde h\u00e1 surto de febre amarela nas \u00faltimas quatro semanas.<\/li>\n<li>N\u00e3o ter tido rela\u00e7\u00e3o sexual em que tivesse risco de doen\u00e7as sexualmente transmiss\u00edveis nos \u00faltimos 12 meses<\/li>\n<\/ul>\n<\/div>\n<div class=\"mc-column content-text active-extra-styles \" data-block-type=\"unstyled\" data-block-weight=\"4\" data-block-id=\"19\">\n<p class=\"content-text__container \" data-track-category=\"Link no Texto\" data-track-links=\"\"><strong>Orienta\u00e7\u00f5es ap\u00f3s a doa\u00e7\u00e3o<\/strong><\/p>\n<\/div>\n<div class=\"mc-column content-text active-extra-styles\" data-block-type=\"raw\" data-block-weight=\"72\" data-block-id=\"20\">\n<ul class=\"content-unordered-list\">\n<li>Repouso de 15 minutos para evitar mal estar<\/li>\n<li>Beber bastante l\u00edquido<\/li>\n<li>Evitar esfor\u00e7o f\u00edsico exagerado por 12 horas, especialmente com o bra\u00e7o utilizado na doa\u00e7\u00e3o<\/li>\n<li>Se tiver febre, diarr\u00e9ia ou outro sintoma de doen\u00e7a infecciosa at\u00e9 sete dias ap\u00f3s a doa\u00e7\u00e3o, comunicar imediatamente o Banco de Sangue<\/li>\n<li>Frequ\u00eancia de doa\u00e7\u00f5es:<br \/>\nHomens a cada 02 meses e no m\u00e1ximo 04 por ano.<br \/>\nMulheres a cada 03 meses e no m\u00e1ximo 03 por ano.<\/li>\n<\/ul>\n<\/div>\n<div class=\"mc-column content-text active-extra-styles\" data-block-type=\"raw\" data-block-weight=\"3\" data-block-id=\"21\">\n<div class=\"content-intertitle\">\n<h2>Bancos de Sangue<\/h2>\n<\/div>\n<\/div>\n<\/div>\n<div data-track-category=\"fim do conteudo\" data-track-action=\"ultimo chunk conteudo\" data-track-noninteraction=\"false\" data-track-scroll=\"entrada completa viewport\">\n<div class=\"mc-column content-text active-extra-styles \" data-block-type=\"unstyled\" data-block-weight=\"17\" data-block-id=\"22\">\n<p class=\"content-text__container \" data-track-category=\"Link no Texto\" data-track-links=\"\">Para saber os endere\u00e7os dos bancos de sangue acesse o site Movimento &#8220;Eu Dou Sangue&#8221; pelo\u00a0<a href=\"http:\/\/www.eudousangue.com.br\/onde-doar\/\" target=\"_blank\" rel=\"noopener\">http:\/\/www.eudousangue.com.br\/onde-doar\/<\/a>.<\/p>\n<p>Fonte: G1<\/p>\n<\/div>\n<\/div>\n<\/div>\n<\/div>\n<h4 class=\"content-head__subtitle\"><em>\u00a0<\/em><\/h4>\n<\/div>\n<\/div>\n<div class=\"row content-share-bar\"><\/div>\n","protected":false},"excerpt":{"rendered":"<p>Especialistas afirmam que cada doa\u00e7\u00e3o pode salvar at\u00e9 tr\u00eas vidas. Trabalhador pode tirar uma folga por ano para doar sangue, conforme prev\u00ea a CLT Dia Mundial do Doador de Sangue \u00e9 celebrado nesta quinta-feira (14), segundo a Organiza\u00e7\u00e3o Pan-Americana da Sa\u00fade\/Organiza\u00e7\u00e3o Mundial da Sa\u00fade (OPAS\/OMS). De acordo com o \u00f3rg\u00e3o, as doa\u00e7\u00f5es volunt\u00e1rias na Am\u00e9rica [&hellip;]<\/p>\n","protected":false},"author":1,"featured_media":271,"comment_status":"open","ping_status":"open","sticky":false,"template":"","format":"standard","meta":[],"categories":[2],"tags":[],"_links":{"self":[{"href":"http:\/\/servicenterblog.institucional.ws\/index.php?rest_route=\/wp\/v2\/posts\/270"}],"collection":[{"href":"http:\/\/servicenterblog.institucional.ws\/index.php?rest_route=\/wp\/v2\/posts"}],"about":[{"href":"http:\/\/servicenterblog.institucional.ws\/index.php?rest_route=\/wp\/v2\/types\/post"}],"author":[{"embeddable":true,"href":"http:\/\/servicenterblog.institucional.ws\/index.php?rest_route=\/wp\/v2\/users\/1"}],"replies":[{"embeddable":true,"href":"http:\/\/servicenterblog.institucional.ws\/index.php?rest_route=%2Fwp%2Fv2%2Fcomments&post=270"}],"version-history":[{"count":1,"href":"http:\/\/servicenterblog.institucional.ws\/index.php?rest_route=\/wp\/v2\/posts\/270\/revisions"}],"predecessor-version":[{"id":272,"href":"http:\/\/servicenterblog.institucional.ws\/index.php?rest_route=\/wp\/v2\/posts\/270\/revisions\/272"}],"wp:featuredmedia":[{"embeddable":true,"href":"http:\/\/servicenterblog.institucional.ws\/index.php?rest_route=\/wp\/v2\/media\/271"}],"wp:attachment":[{"href":"http:\/\/servicenterblog.institucional.ws\/index.php?rest_route=%2Fwp%2Fv2%2Fmedia&parent=270"}],"wp:term":[{"taxonomy":"category","embeddable":true,"href":"http:\/\/servicenterblog.institucional.ws\/index.php?rest_route=%2Fwp%2Fv2%2Fcategories&post=270"},{"taxonomy":"post_tag","embeddable":true,"href":"http:\/\/servicenterblog.institucional.ws\/index.php?rest_route=%2Fwp%2Fv2%2Ftags&post=270"}],"curies":[{"name":"wp","href":"https:\/\/api.w.org\/{rel}","templated":true}]}}