{"id":262,"date":"2018-05-28T12:54:43","date_gmt":"2018-05-28T15:54:43","guid":{"rendered":"http:\/\/servicentermedic1.hospedagemdesites.ws\/blog\/?p=262"},"modified":"2018-05-28T12:54:43","modified_gmt":"2018-05-28T15:54:43","slug":"28-de-maio-dia-internacional-de-luta-pela-saude-da-mulher","status":"publish","type":"post","link":"http:\/\/servicenterblog.institucional.ws\/?p=262","title":{"rendered":"28 de maio &#8211; Dia Internacional de Luta Pela Sa\u00fade da Mulher"},"content":{"rendered":"<div class=\"subtitle\">\n<p>O dia 28 de maio \u00e9 de extrema import\u00e2ncia para as mulheres. A data marca duas lutas para a sa\u00fade feminina, o Dia Internacional de Luta Pela Sa\u00fade da Mulher e o Dia Nacional de Redu\u00e7\u00e3o da Mortalidade Materna. Ambas t\u00eam como objetivo chamar a aten\u00e7\u00e3o e conscientizar a sociedade dos diversos problemas de sa\u00fade e dist\u00farbios comuns na vida das mulheres.<\/p>\n<p>As mulheres j\u00e1 s\u00e3o maioria no Brasil. Segundo o \u00faltimo censo do IBGE, elas representam 51 % da popula\u00e7\u00e3o brasileira. Com o aumento da expectativa de vida delas, \u00e9 ainda mais importante prestar aten\u00e7\u00e3o \u00e0 sa\u00fade nas diferentes fases da vida. Por isso, \u00e9 fundamental manter os exames preventivos sempre em dia. Saiba quais s\u00e3o eles na mat\u00e9ria do Blog da Sa\u00fade (<a href=\"http:\/\/www.blog.saude.gov.br\/index.php\/570-destaques\/34632-saude-da-mulher-exames-preventivos\">http:\/\/www.blog.saude.gov.br\/index.php\/570-destaques\/34632-saude-da-mulher-exames-preventivos<\/a>)<\/p>\n<p>Esther Vilela, coordenadora de Sa\u00fade da Mulher do Minist\u00e9rio da Sa\u00fade, comenta a import\u00e2ncia de melhorar a assist\u00eancia para as mulheres em todas as fases da vida, especialmente na gravidez e no puerp\u00e9rio, para reduzir ainda mais a taxa de mortalidade materna. \u201cO trabalho em rede, unindo a aten\u00e7\u00e3o b\u00e1sica aos hospitais, com o retorno da mulher no puerp\u00e9rio \u00e9 fundamental. \u00c9 preciso acolh\u00ea-las com seguran\u00e7a e apoio\u201d, destaca.<\/p>\n<p>A morte materna \u00e9 o \u00f3bito de uma mulher durante a gesta\u00e7\u00e3o ou at\u00e9 42 dias ap\u00f3s o t\u00e9rmino da gesta\u00e7\u00e3o, independentemente da dura\u00e7\u00e3o ou da localiza\u00e7\u00e3o da gravidez. \u00c9 causada por qualquer fator relacionado ou agravado pela gravidez ou por medidas tomadas em rela\u00e7\u00e3o a ela. N\u00e3o \u00e9 considerada morte materna a que \u00e9 provocada por fatores acidentais ou incidentais. Hipertens\u00e3o, hemorragia, as infec\u00e7\u00f5es puerperais, as doen\u00e7as do aparelho circulat\u00f3rio complicadas pela gravidez, parto e puerp\u00e9rio e o aborto s\u00e3o as cinco principais causas de morte materna.<\/p>\n<\/div>\n<p>Segundo a Organiza\u00e7\u00e3o Mundial da Sa\u00fade (OMS), o Brasil e mais dez pa\u00edses latino-americanos conquistaram avan\u00e7os significativos na redu\u00e7\u00e3o de mortes relacionadas \u00e0 gravidez ou parto de 1990 a 2013. Mundialmente, taxas tamb\u00e9m est\u00e3o em queda, embora doen\u00e7as cr\u00f4nicas e outras condi\u00e7\u00f5es m\u00e9dicas pr\u00e9-existentes ainda sejam um problema grave. O Brasil reduziu sua taxa de mortes maternas em 43% desde a d\u00e9cada de 90.<\/p>\n<p>Entre os programas institu\u00eddos pelo Minist\u00e9rio da Sa\u00fade para melhor a aten\u00e7\u00e3o durante a gesta\u00e7\u00e3o est\u00e1 a Rede Cegonha. O programa tem o objetivo de proporcionar sa\u00fade, qualidade de vida e bem estar \u00e0s mulheres durante a gesta\u00e7\u00e3o, parto, p\u00f3s-parto e o desenvolvimento da crian\u00e7a at\u00e9 os dois primeiros anos de vida, al\u00e9m de reduzir a mortalidade materna e infantil e garantir os direitos sexuais e reprodutivos de mulheres, homens, jovens e adolescentes. A proposta qualifica os servi\u00e7os ofertados pelo Sistema \u00danico de Sa\u00fade (SUS) no planejamento familiar, na confirma\u00e7\u00e3o da gravidez, no pr\u00e9-natal, no parto e no puerp\u00e9rio. Atualmente a Rede Cegonha desenvolve a\u00e7\u00f5es em 5.488 munic\u00edpios, alcan\u00e7ando 2,6 milh\u00f5es de gestantes.<\/p>\n<p>Entre as a\u00e7\u00f5es do programa est\u00e1 a implanta\u00e7\u00e3o de Centros de Parto Normal (CPN), onde a mulher \u00e9 acompanhada por uma enfermeira obstetra ou obstetriz, em um ambiente preparado para que possa exercer as suas escolhas, como se movimentar livremente e ter acesso a m\u00e9todos n\u00e3o farmacol\u00f3gicos de al\u00edvio da dor. Os Centros de Parto Normal funcionam em conjunto com as maternidades para humanizar o parto, oferecendo as gestantes um ambiente mais adequado, privativo e um atendimento centrado na mulher e na fam\u00edlia.<\/p>\n<p>A Caderneta da Gestante tamb\u00e9m \u00e9 um instrumento fundamental para o cuidado. Nela devem estar registradas as informa\u00e7\u00f5es de acompanhamento da gesta\u00e7\u00e3o e deve ser parte essencial do processo de trabalho dos profissionais de sa\u00fade, sendo utilizada em todas as consultas do pr\u00e9-natal. As informa\u00e7\u00f5es inseridas na caderneta podem apoiar o di\u00e1logo entre a equipe de sa\u00fade e a gestante na prepara\u00e7\u00e3o para o parto e a amamenta\u00e7\u00e3o. Al\u00e9m de esclarecer direitos fundamentais como a Lei do Acompanhante (<a href=\"http:\/\/www.blog.saude.gov.br\/index.php\/570-destaques\/34264-dia-dos-pais-a-importancia-do-envolvimento-e-da-presenca-paterna\">http:\/\/www.blog.saude.gov.br\/index.php\/570-destaques\/34264-dia-dos-pais-a-importancia-do-envolvimento-e-da-presenca-paterna<\/a>).<\/p>\n<p>Conhe\u00e7a a caderneta (<a href=\"http:\/\/189.28.128.100\/dab\/docs\/portaldab\/documentos\/caderneta_gestante.pdf\">http:\/\/189.28.128.100\/dab\/docs\/portaldab\/documentos\/caderneta_gestante.pdf<\/a>)<\/p>\n<p>Fonte: Blog da Sa\u00fade\/ Minist\u00e9rio da Sa\u00fade<\/p>\n","protected":false},"excerpt":{"rendered":"<p>O dia 28 de maio \u00e9 de extrema import\u00e2ncia para as mulheres. A data marca duas lutas para a sa\u00fade feminina, o Dia Internacional de Luta Pela Sa\u00fade da Mulher e o Dia Nacional de Redu\u00e7\u00e3o da Mortalidade Materna. Ambas t\u00eam como objetivo chamar a aten\u00e7\u00e3o e conscientizar a sociedade dos diversos problemas de sa\u00fade [&hellip;]<\/p>\n","protected":false},"author":1,"featured_media":263,"comment_status":"open","ping_status":"open","sticky":false,"template":"","format":"standard","meta":[],"categories":[2],"tags":[],"_links":{"self":[{"href":"http:\/\/servicenterblog.institucional.ws\/index.php?rest_route=\/wp\/v2\/posts\/262"}],"collection":[{"href":"http:\/\/servicenterblog.institucional.ws\/index.php?rest_route=\/wp\/v2\/posts"}],"about":[{"href":"http:\/\/servicenterblog.institucional.ws\/index.php?rest_route=\/wp\/v2\/types\/post"}],"author":[{"embeddable":true,"href":"http:\/\/servicenterblog.institucional.ws\/index.php?rest_route=\/wp\/v2\/users\/1"}],"replies":[{"embeddable":true,"href":"http:\/\/servicenterblog.institucional.ws\/index.php?rest_route=%2Fwp%2Fv2%2Fcomments&post=262"}],"version-history":[{"count":1,"href":"http:\/\/servicenterblog.institucional.ws\/index.php?rest_route=\/wp\/v2\/posts\/262\/revisions"}],"predecessor-version":[{"id":264,"href":"http:\/\/servicenterblog.institucional.ws\/index.php?rest_route=\/wp\/v2\/posts\/262\/revisions\/264"}],"wp:featuredmedia":[{"embeddable":true,"href":"http:\/\/servicenterblog.institucional.ws\/index.php?rest_route=\/wp\/v2\/media\/263"}],"wp:attachment":[{"href":"http:\/\/servicenterblog.institucional.ws\/index.php?rest_route=%2Fwp%2Fv2%2Fmedia&parent=262"}],"wp:term":[{"taxonomy":"category","embeddable":true,"href":"http:\/\/servicenterblog.institucional.ws\/index.php?rest_route=%2Fwp%2Fv2%2Fcategories&post=262"},{"taxonomy":"post_tag","embeddable":true,"href":"http:\/\/servicenterblog.institucional.ws\/index.php?rest_route=%2Fwp%2Fv2%2Ftags&post=262"}],"curies":[{"name":"wp","href":"https:\/\/api.w.org\/{rel}","templated":true}]}}