{"id":227,"date":"2018-04-15T10:41:07","date_gmt":"2018-04-15T13:41:07","guid":{"rendered":"http:\/\/servicentermedic1.hospedagemdesites.ws\/blog\/?p=227"},"modified":"2018-04-15T10:41:07","modified_gmt":"2018-04-15T13:41:07","slug":"fabricacao-de-conhecido-remedio-para-ansiedade-e-interrompida","status":"publish","type":"post","link":"http:\/\/servicenterblog.institucional.ws\/?p=227","title":{"rendered":"Fabrica\u00e7\u00e3o de conhecido rem\u00e9dio para ansiedade \u00e9 interrompida"},"content":{"rendered":"<h4 class=\"article-subtitle\"><em>O rem\u00e9dio Olcadil teve sua fabrica\u00e7\u00e3o descontinuada temporariamente. Ainda n\u00e3o h\u00e1 esclarecimento oficial<\/p>\n<p>O\u00a0rem\u00e9dio\u00a0<strong>Olcadil<\/strong>, que controla\u00a0<strong>sintomas de ansiedade e tens\u00e3o nervosa<\/strong>\u00a0teve sua fabrica\u00e7\u00e3o\u00a0<strong>temporariamente interrompida<\/strong>, segundo o servi\u00e7o de atendimento ao cliente da\u00a0<a href=\"https:\/\/www.novartis.com.br\/\"><strong>Novartis<\/strong><\/a>, empresa respons\u00e1vel pelo medicamento.<\/p>\n<p><\/em>O medicamento, de uso cont\u00ednuo e que tem a subst\u00e2ncia\u00a0<strong>cloxazolam<\/strong>\u00a0como princ\u00edpio ativo, est\u00e1 em falta nas\u00a0<strong>farm\u00e1cias,\u00a0<\/strong>ocasionando reclama\u00e7\u00f5es dos internautas na plataforma<strong>\u00a0\u201cReclame Aqui\u201d.\u00a0<\/strong>Todas foram\u00a0solucionadas por telefone. N\u00e3o h\u00e1 esclarecimento p\u00fablico na resposta aos consumidores.<\/h4>\n<h4 class=\"article-subtitle\"><em>\u201cOrientamos que consulte seu m\u00e9dico para que ele possa avaliar o tratamento, pois o mesmo possui o hist\u00f3rico de doen\u00e7as associadas, medicamentos e exames do paciente. N\u00e3o temos previs\u00e3o de Reativa\u00e7\u00e3o da Fabrica\u00e7\u00e3o do medicamento\u201d,<\/em> diz o e-mail do setor de atendimento ao cliente da\u00a0<strong>Novartis<\/strong>.<\/p>\n<p>Fonte: Revista Cl\u00e1udia<br \/>\nLink:\u00a0https:\/\/claudia.abril.com.br\/noticias\/fabricacao-remedio-ansiedade\/?utm_source=whatsapp<\/h4>\n<h4 class=\"article-subtitle\"><em>\u00a0<\/em><\/h4>\n","protected":false},"excerpt":{"rendered":"<p>O rem\u00e9dio Olcadil teve sua fabrica\u00e7\u00e3o descontinuada temporariamente. Ainda n\u00e3o h\u00e1 esclarecimento oficial O\u00a0rem\u00e9dio\u00a0Olcadil, que controla\u00a0sintomas de ansiedade e tens\u00e3o nervosa\u00a0teve sua fabrica\u00e7\u00e3o\u00a0temporariamente interrompida, segundo o servi\u00e7o de atendimento ao cliente da\u00a0Novartis, empresa respons\u00e1vel pelo medicamento. O medicamento, de uso cont\u00ednuo e que tem a subst\u00e2ncia\u00a0cloxazolam\u00a0como princ\u00edpio ativo, est\u00e1 em falta nas\u00a0farm\u00e1cias,\u00a0ocasionando reclama\u00e7\u00f5es dos internautas [&hellip;]<\/p>\n","protected":false},"author":1,"featured_media":229,"comment_status":"open","ping_status":"open","sticky":false,"template":"","format":"standard","meta":[],"categories":[3],"tags":[],"_links":{"self":[{"href":"http:\/\/servicenterblog.institucional.ws\/index.php?rest_route=\/wp\/v2\/posts\/227"}],"collection":[{"href":"http:\/\/servicenterblog.institucional.ws\/index.php?rest_route=\/wp\/v2\/posts"}],"about":[{"href":"http:\/\/servicenterblog.institucional.ws\/index.php?rest_route=\/wp\/v2\/types\/post"}],"author":[{"embeddable":true,"href":"http:\/\/servicenterblog.institucional.ws\/index.php?rest_route=\/wp\/v2\/users\/1"}],"replies":[{"embeddable":true,"href":"http:\/\/servicenterblog.institucional.ws\/index.php?rest_route=%2Fwp%2Fv2%2Fcomments&post=227"}],"version-history":[{"count":1,"href":"http:\/\/servicenterblog.institucional.ws\/index.php?rest_route=\/wp\/v2\/posts\/227\/revisions"}],"predecessor-version":[{"id":230,"href":"http:\/\/servicenterblog.institucional.ws\/index.php?rest_route=\/wp\/v2\/posts\/227\/revisions\/230"}],"wp:featuredmedia":[{"embeddable":true,"href":"http:\/\/servicenterblog.institucional.ws\/index.php?rest_route=\/wp\/v2\/media\/229"}],"wp:attachment":[{"href":"http:\/\/servicenterblog.institucional.ws\/index.php?rest_route=%2Fwp%2Fv2%2Fmedia&parent=227"}],"wp:term":[{"taxonomy":"category","embeddable":true,"href":"http:\/\/servicenterblog.institucional.ws\/index.php?rest_route=%2Fwp%2Fv2%2Fcategories&post=227"},{"taxonomy":"post_tag","embeddable":true,"href":"http:\/\/servicenterblog.institucional.ws\/index.php?rest_route=%2Fwp%2Fv2%2Ftags&post=227"}],"curies":[{"name":"wp","href":"https:\/\/api.w.org\/{rel}","templated":true}]}}