{"id":214,"date":"2018-03-29T12:00:18","date_gmt":"2018-03-29T15:00:18","guid":{"rendered":"http:\/\/servicentermedic1.hospedagemdesites.ws\/blog\/?p=214"},"modified":"2018-03-29T12:00:18","modified_gmt":"2018-03-29T15:00:18","slug":"ministerio-confirma-11-mil-casos-de-febre-amarela-desde-julho","status":"publish","type":"post","link":"http:\/\/servicenterblog.institucional.ws\/?p=214","title":{"rendered":"Minist\u00e9rio confirma 1,1 mil casos de febre amarela desde julho"},"content":{"rendered":"<h5 class=\"content-head__subtitle\">Todos os casos da doen\u00e7a est\u00e3o no Sudeste e no Distrito Federal. H\u00e1, no entanto, notifica\u00e7\u00f5es suspeitas em todo o Brasil.<\/h5>\n<div class=\"mc-column content-text active-extra-styles active-capital-letter\" data-block-type=\"unstyled\" data-block-weight=\"46\" data-block-id=\"2\">\n<p class=\"content-text__container theme-color-primary-first-letter\" data-track-category=\"Link no Texto\" data-track-links=\"\">Desde julho de 2017 at\u00e9 esta ter\u00e7a-feira (27), o Brasil apresentou 1131 casos de\u00a0<a href=\"http:\/\/g1.globo.com\/bemestar\/febre-amarela\/\">febre amarela<\/a>, sendo que 338 pessoas morreram devido \u00e0 doen\u00e7a \u2013 a letalidade \u00e9 de 29,8%. Todos esses registros confirmados pelo\u00a0<a href=\"http:\/\/g1.globo.com\/tudo-sobre\/ministerio-da-saude\">Minist\u00e9rio da Sa\u00fade<\/a>\u00a0foram registrados no Sudeste e no Distrito Federal.<\/p>\n<\/div>\n<div class=\"mc-column content-text active-extra-styles \" data-block-type=\"unstyled\" data-block-weight=\"30\" data-block-id=\"3\">\n<p class=\"content-text__container \" data-track-category=\"Link no Texto\" data-track-links=\"\">Entre julho de 2016 e a mesma semana de 2017, o pa\u00eds havia registrado 660 casos da doen\u00e7a e 210 mortes. Isso representa uma alta de 71,3% e 60%, respectivamente.<\/p>\n<\/div>\n<div class=\"row medium-uncollapsed content-text\" data-block-type=\"table-plugin\" data-block-id=\"4\">\n<div class=\"column medium-centered medium-22 large-20\">\n<div class=\"show-table content-media content-media--normal\">\n<p class=\"mc-column show-table__title\">Casos e mortes confirmados de febre amarela por estado<\/p>\n<div class=\"show-table__centralized\">\n<div class=\"show-table__container\">\n<table class=\"show-table__content\n show-table__content--highlight-top show-table__content--highlight-left        \"><\/p>\n<tbody>\n<tr>\n<td><\/td>\n<td>Casos<\/td>\n<td>Mortes<\/td>\n<\/tr>\n<tr>\n<td>Esp\u00edrito Santo<\/td>\n<td>5<\/td>\n<td>&#8211;<\/td>\n<\/tr>\n<tr>\n<td>Minas Gerais<\/td>\n<td>475<\/td>\n<td>147<\/td>\n<\/tr>\n<tr>\n<td>Rio de Janeiro<\/td>\n<td>186<\/td>\n<td>63<\/td>\n<\/tr>\n<tr>\n<td>S\u00e3o Paulo<\/td>\n<td>464<\/td>\n<td>127<\/td>\n<\/tr>\n<tr>\n<td>Distrito Federal<\/td>\n<td>1<\/td>\n<td>1<\/td>\n<\/tr>\n<\/tbody>\n<\/table>\n<\/div>\n<div class=\"show-table__footer\">\n<div class=\"show-table__source\">Fonte: Minist\u00e9rio da Sa\u00fade<\/div>\n<\/div>\n<\/div>\n<\/div>\n<\/div>\n<\/div>\n<div class=\"mc-column content-text active-extra-styles \" data-block-type=\"unstyled\" data-block-weight=\"33\" data-block-id=\"5\">\n<p class=\"content-text__container \" data-track-category=\"Link no Texto\" data-track-links=\"\">H\u00e1, no entanto, notifica\u00e7\u00f5es em todos os estados do Brasil. No mesmo per\u00edodo, os \u00f3rg\u00e3os de sa\u00fade receberam 4414 suspeitas da doen\u00e7a, sendo que 2368 j\u00e1 foram descartadas. Outros 915 est\u00e3o em investiga\u00e7\u00e3o.<\/p>\n<\/div>\n<div class=\"mc-column content-text active-extra-styles\" data-block-type=\"raw\" data-block-weight=\"13\" data-block-id=\"6\">\n<ul class=\"content-unordered-list\">\n<li><a href=\"https:\/\/g1.globo.com\/bemestar\/febre-amarela\/noticia\/febre-amarela-vacina-sem-efeito-propolis-salvador-figado-paralisado-previna-se-contra-os-boatos.ghtml\">Febre amarela: Vacina sem efeito? Pr\u00f3polis salvador? F\u00edgado paralisado? Previna-se contra os boatos<\/a><\/li>\n<\/ul>\n<\/div>\n<div class=\"mc-column content-text active-extra-styles \" data-block-type=\"unstyled\" data-block-weight=\"54\" data-block-id=\"7\">\n<p class=\"content-text__container \" data-track-category=\"Link no Texto\" data-track-links=\"\">Desde o \u00faltimo boletim epidemiol\u00f3gico,\u00a0<a href=\"https:\/\/g1.globo.com\/bemestar\/febre-amarela\/noticia\/brasil-tem-mais-de-mil-casos-confirmados-de-febre-amarela-atualiza-ministerio.ghtml\">divulgado pelo Minist\u00e9rio da Sa\u00fade h\u00e1 uma semana<\/a>, o governo confirmou 33 novos casos de febre amarela. O n\u00famero de mortes, no entanto, era maior no \u00faltimo relat\u00f3rio: eram 340. Segundo o governo, os dois casos exclu\u00eddos da estat\u00edstica estavam duplicados e a informa\u00e7\u00e3o foi atualizada neste novo boletim.<\/p>\n<\/div>\n<div data-track-category=\"fim do conteudo\" data-track-action=\"ultimo chunk conteudo\" data-track-noninteraction=\"false\" data-track-scroll=\"entrada completa viewport\">\n<div class=\"show-chart mc-column content-media content-media--normal\" data-block-type=\"backstage-chart\" data-block-id=\"8\">\n<div class=\"show-chart__subtitle\">\nFonte: G1<br \/>\nLink:\u00a0https:\/\/g1.globo.com\/bemestar\/febre-amarela\/noticia\/ministerio-confirma-11-mil-casos-de-febre-amarela-desde-julho.ghtml<\/div>\n<\/div>\n<\/div>\n","protected":false},"excerpt":{"rendered":"<p>Todos os casos da doen\u00e7a est\u00e3o no Sudeste e no Distrito Federal. H\u00e1, no entanto, notifica\u00e7\u00f5es suspeitas em todo o Brasil. Desde julho de 2017 at\u00e9 esta ter\u00e7a-feira (27), o Brasil apresentou 1131 casos de\u00a0febre amarela, sendo que 338 pessoas morreram devido \u00e0 doen\u00e7a \u2013 a letalidade \u00e9 de 29,8%. Todos esses registros confirmados pelo\u00a0Minist\u00e9rio [&hellip;]<\/p>\n","protected":false},"author":1,"featured_media":215,"comment_status":"open","ping_status":"open","sticky":false,"template":"","format":"standard","meta":[],"categories":[3],"tags":[],"_links":{"self":[{"href":"http:\/\/servicenterblog.institucional.ws\/index.php?rest_route=\/wp\/v2\/posts\/214"}],"collection":[{"href":"http:\/\/servicenterblog.institucional.ws\/index.php?rest_route=\/wp\/v2\/posts"}],"about":[{"href":"http:\/\/servicenterblog.institucional.ws\/index.php?rest_route=\/wp\/v2\/types\/post"}],"author":[{"embeddable":true,"href":"http:\/\/servicenterblog.institucional.ws\/index.php?rest_route=\/wp\/v2\/users\/1"}],"replies":[{"embeddable":true,"href":"http:\/\/servicenterblog.institucional.ws\/index.php?rest_route=%2Fwp%2Fv2%2Fcomments&post=214"}],"version-history":[{"count":1,"href":"http:\/\/servicenterblog.institucional.ws\/index.php?rest_route=\/wp\/v2\/posts\/214\/revisions"}],"predecessor-version":[{"id":216,"href":"http:\/\/servicenterblog.institucional.ws\/index.php?rest_route=\/wp\/v2\/posts\/214\/revisions\/216"}],"wp:featuredmedia":[{"embeddable":true,"href":"http:\/\/servicenterblog.institucional.ws\/index.php?rest_route=\/wp\/v2\/media\/215"}],"wp:attachment":[{"href":"http:\/\/servicenterblog.institucional.ws\/index.php?rest_route=%2Fwp%2Fv2%2Fmedia&parent=214"}],"wp:term":[{"taxonomy":"category","embeddable":true,"href":"http:\/\/servicenterblog.institucional.ws\/index.php?rest_route=%2Fwp%2Fv2%2Fcategories&post=214"},{"taxonomy":"post_tag","embeddable":true,"href":"http:\/\/servicenterblog.institucional.ws\/index.php?rest_route=%2Fwp%2Fv2%2Ftags&post=214"}],"curies":[{"name":"wp","href":"https:\/\/api.w.org\/{rel}","templated":true}]}}