{"id":1977,"date":"2026-02-27T16:22:50","date_gmt":"2026-02-27T19:22:50","guid":{"rendered":"http:\/\/servicenterblog.institucional.ws\/?p=1977"},"modified":"2026-02-27T16:22:50","modified_gmt":"2026-02-27T19:22:50","slug":"fevereiro-roxo-mes-de-conscientizacao-sobre-doencas-cronicas-como-o-alzheimer-a-fibromalgia-e-o-lupus","status":"publish","type":"post","link":"http:\/\/servicenterblog.institucional.ws\/?p=1977","title":{"rendered":"Fevereiro roxo M\u00eas de conscientiza\u00e7\u00e3o sobre doen\u00e7as cr\u00f4nicas como o Alzheimer, a Fibromalgia e o L\u00fapus"},"content":{"rendered":"<p data-pm-slice=\"0 0 []\">Antes que o m\u00eas acabe, vale refor\u00e7ar: Fevereiro Roxo existe para manter em pauta aquilo que n\u00e3o pode ficar \u201cpara depois\u201d \u2014 doen\u00e7as cr\u00f4nicas que pedem aten\u00e7\u00e3o cont\u00ednua, diagn\u00f3stico cuidadoso e acompanhamento de longo prazo. &#x1f49c;<\/p>\n<p>De acordo com fontes oficiais de sa\u00fade, tr\u00eas temas aparecem com frequ\u00eancia nesta campanha:<\/p>\n<p>\u2022 Alzheimer: condi\u00e7\u00e3o neurodegenerativa e a forma mais comum de dem\u00eancia. Reconhecer sinais precoces e buscar avalia\u00e7\u00e3o ajuda a organizar cuidado, suporte e tratamento.<\/p>\n<p>\u2022 L\u00fapus: doen\u00e7a autoimune inflamat\u00f3ria que pode atingir pele, articula\u00e7\u00f5es e \u00f3rg\u00e3os. Com acompanhamento m\u00e9dico, o objetivo \u00e9 controlar sintomas e prevenir complica\u00e7\u00f5es.<\/p>\n<p>\u2022 Fibromialgia: s\u00edndrome de dor cr\u00f4nica, frequentemente associada a fadiga e altera\u00e7\u00f5es do sono; o diagn\u00f3stico \u00e9 cl\u00ednico e o tratamento costuma ser multidisciplinar.<\/p>\n<p>&#x1f7e3; Reconhecer, acompanhar, cuidar \u2014 inclusive depois de fevereiro.<\/p>\n<p>Consulte seu m\u00e9dico regularmente.<\/p>\n<p>&nbsp;<\/p>\n","protected":false},"excerpt":{"rendered":"<p>Antes que o m\u00eas acabe, vale refor\u00e7ar: Fevereiro Roxo existe para manter em pauta aquilo que n\u00e3o pode ficar \u201cpara depois\u201d \u2014 doen\u00e7as cr\u00f4nicas que pedem aten\u00e7\u00e3o cont\u00ednua, diagn\u00f3stico cuidadoso e acompanhamento de longo prazo. &#x1f49c; De acordo com fontes oficiais de sa\u00fade, tr\u00eas temas aparecem com frequ\u00eancia nesta campanha: \u2022 Alzheimer: condi\u00e7\u00e3o neurodegenerativa e [&hellip;]<\/p>\n","protected":false},"author":1,"featured_media":1978,"comment_status":"open","ping_status":"open","sticky":false,"template":"","format":"standard","meta":[],"categories":[2],"tags":[418,448,11,290],"_links":{"self":[{"href":"http:\/\/servicenterblog.institucional.ws\/index.php?rest_route=\/wp\/v2\/posts\/1977"}],"collection":[{"href":"http:\/\/servicenterblog.institucional.ws\/index.php?rest_route=\/wp\/v2\/posts"}],"about":[{"href":"http:\/\/servicenterblog.institucional.ws\/index.php?rest_route=\/wp\/v2\/types\/post"}],"author":[{"embeddable":true,"href":"http:\/\/servicenterblog.institucional.ws\/index.php?rest_route=\/wp\/v2\/users\/1"}],"replies":[{"embeddable":true,"href":"http:\/\/servicenterblog.institucional.ws\/index.php?rest_route=%2Fwp%2Fv2%2Fcomments&post=1977"}],"version-history":[{"count":1,"href":"http:\/\/servicenterblog.institucional.ws\/index.php?rest_route=\/wp\/v2\/posts\/1977\/revisions"}],"predecessor-version":[{"id":1979,"href":"http:\/\/servicenterblog.institucional.ws\/index.php?rest_route=\/wp\/v2\/posts\/1977\/revisions\/1979"}],"wp:featuredmedia":[{"embeddable":true,"href":"http:\/\/servicenterblog.institucional.ws\/index.php?rest_route=\/wp\/v2\/media\/1978"}],"wp:attachment":[{"href":"http:\/\/servicenterblog.institucional.ws\/index.php?rest_route=%2Fwp%2Fv2%2Fmedia&parent=1977"}],"wp:term":[{"taxonomy":"category","embeddable":true,"href":"http:\/\/servicenterblog.institucional.ws\/index.php?rest_route=%2Fwp%2Fv2%2Fcategories&post=1977"},{"taxonomy":"post_tag","embeddable":true,"href":"http:\/\/servicenterblog.institucional.ws\/index.php?rest_route=%2Fwp%2Fv2%2Ftags&post=1977"}],"curies":[{"name":"wp","href":"https:\/\/api.w.org\/{rel}","templated":true}]}}