{"id":1932,"date":"2025-10-03T11:57:47","date_gmt":"2025-10-03T14:57:47","guid":{"rendered":"http:\/\/servicenterblog.institucional.ws\/?p=1932"},"modified":"2025-10-03T11:57:47","modified_gmt":"2025-10-03T14:57:47","slug":"nova-tecnologia-permite-regenerar-cartilagem-e-pode-mudar-tratamentos-ortopedicos","status":"publish","type":"post","link":"http:\/\/servicenterblog.institucional.ws\/?p=1932","title":{"rendered":"Nova tecnologia permite regenerar cartilagem e pode mudar tratamentos ortop\u00e9dicos"},"content":{"rendered":"<p data-start=\"210\" data-end=\"673\">Por d\u00e9cadas, a medicina repetiu um mantra: a cartilagem n\u00e3o se regenera. Essa ideia sustentou protocolos e tratamentos paliativos que buscavam apenas aliviar sintomas, como infiltra\u00e7\u00f5es recorrentes. Agora, uma inova\u00e7\u00e3o chega para desafiar esse paradigma: o\u00a0<strong data-start=\"467\" data-end=\"479\">CaReS-1S<\/strong>, implante biol\u00f3gico em hidrogel 3D capaz de estimular a regenera\u00e7\u00e3o da cartilagem hialina \u2014 o tipo mais nobre e funcional do corpo, encontrado em articula\u00e7\u00f5es como joelho, patela e tornozelo.<\/p>\n<p data-start=\"675\" data-end=\"1029\">Desenvolvido na \u00c1ustria e j\u00e1 aprovado pela Ag\u00eancia Nacional de Vigil\u00e2ncia Sanit\u00e1ria (Anvisa), o produto promete restaurar de forma estrutural e duradoura \u00e1reas lesionadas. Estudos internacionais apontam que os resultados se mant\u00eam por mais de quatro anos, com forma\u00e7\u00e3o de col\u00e1geno tipo II \u2014 essencial para a fun\u00e7\u00e3o articular \u2014 e aus\u00eancia de cicatrizes.<\/p>\n<p data-start=\"1031\" data-end=\"1348\">O procedimento, minimamente invasivo, \u00e9 realizado em aplica\u00e7\u00e3o \u00fanica, sem necessidade de culturas celulares ou m\u00faltiplas interven\u00e7\u00f5es. A recupera\u00e7\u00e3o \u00e9 r\u00e1pida: em quatro a seis semanas, pacientes j\u00e1 podem retomar carga total. As indica\u00e7\u00f5es abrangem les\u00f5es de at\u00e9 8 cm\u00b2, sobretudo em est\u00e1gios iniciais da degenera\u00e7\u00e3o.<\/p>\n<p data-start=\"1350\" data-end=\"1770\">Apesar do potencial, a tecnologia ainda n\u00e3o est\u00e1 dispon\u00edvel para a maioria dos pacientes brasileiros. O motivo est\u00e1 no modelo de incorpora\u00e7\u00e3o de novas terapias no pa\u00eds, considerado lento e reativo. Mesmo com an\u00e1lises econ\u00f4micas que demonstram o custo-benef\u00edcio do implante \u2014 evitando infiltra\u00e7\u00f5es frequentes, cirurgias repetidas e at\u00e9 pr\u00f3teses \u2014, planos de sa\u00fade e sistemas p\u00fablicos ainda resistem a adotar a novidade.<\/p>\n<p data-start=\"1772\" data-end=\"2079\">Especialistas apontam que protocolos desatualizados e a prioriza\u00e7\u00e3o de solu\u00e7\u00f5es de menor custo imediato impedem avan\u00e7os que poderiam representar impacto cl\u00ednico significativo. Para os pacientes, isso significa continuar presos a terapias tempor\u00e1rias enquanto uma alternativa definitiva j\u00e1 est\u00e1 dispon\u00edvel.<\/p>\n<p>Fonte: Conselho Nacional de Farm\u00e1cia<br \/>\nhttps:\/\/site.cff.org.br\/noticia\/Noticias-gerais\/27\/08\/2025\/nova-tecnologia-permite-regenerar-cartilagem-e-pode-mudar-tratamentos-ortopedicos<\/p>\n","protected":false},"excerpt":{"rendered":"<p>Por d\u00e9cadas, a medicina repetiu um mantra: a cartilagem n\u00e3o se regenera. Essa ideia sustentou protocolos e tratamentos paliativos que buscavam apenas aliviar sintomas, como infiltra\u00e7\u00f5es recorrentes. Agora, uma inova\u00e7\u00e3o chega para desafiar esse paradigma: o\u00a0CaReS-1S, implante biol\u00f3gico em hidrogel 3D capaz de estimular a regenera\u00e7\u00e3o da cartilagem hialina \u2014 o tipo mais nobre e [&hellip;]<\/p>\n","protected":false},"author":1,"featured_media":1933,"comment_status":"open","ping_status":"open","sticky":false,"template":"","format":"standard","meta":[],"categories":[3],"tags":[445,306],"_links":{"self":[{"href":"http:\/\/servicenterblog.institucional.ws\/index.php?rest_route=\/wp\/v2\/posts\/1932"}],"collection":[{"href":"http:\/\/servicenterblog.institucional.ws\/index.php?rest_route=\/wp\/v2\/posts"}],"about":[{"href":"http:\/\/servicenterblog.institucional.ws\/index.php?rest_route=\/wp\/v2\/types\/post"}],"author":[{"embeddable":true,"href":"http:\/\/servicenterblog.institucional.ws\/index.php?rest_route=\/wp\/v2\/users\/1"}],"replies":[{"embeddable":true,"href":"http:\/\/servicenterblog.institucional.ws\/index.php?rest_route=%2Fwp%2Fv2%2Fcomments&post=1932"}],"version-history":[{"count":1,"href":"http:\/\/servicenterblog.institucional.ws\/index.php?rest_route=\/wp\/v2\/posts\/1932\/revisions"}],"predecessor-version":[{"id":1934,"href":"http:\/\/servicenterblog.institucional.ws\/index.php?rest_route=\/wp\/v2\/posts\/1932\/revisions\/1934"}],"wp:featuredmedia":[{"embeddable":true,"href":"http:\/\/servicenterblog.institucional.ws\/index.php?rest_route=\/wp\/v2\/media\/1933"}],"wp:attachment":[{"href":"http:\/\/servicenterblog.institucional.ws\/index.php?rest_route=%2Fwp%2Fv2%2Fmedia&parent=1932"}],"wp:term":[{"taxonomy":"category","embeddable":true,"href":"http:\/\/servicenterblog.institucional.ws\/index.php?rest_route=%2Fwp%2Fv2%2Fcategories&post=1932"},{"taxonomy":"post_tag","embeddable":true,"href":"http:\/\/servicenterblog.institucional.ws\/index.php?rest_route=%2Fwp%2Fv2%2Ftags&post=1932"}],"curies":[{"name":"wp","href":"https:\/\/api.w.org\/{rel}","templated":true}]}}