{"id":1922,"date":"2025-08-30T15:42:27","date_gmt":"2025-08-30T18:42:27","guid":{"rendered":"http:\/\/servicenterblog.institucional.ws\/?p=1922"},"modified":"2025-08-30T15:42:27","modified_gmt":"2025-08-30T18:42:27","slug":"30-de-agosto-dia-nacional-de-conscientizacao-sobre-a-esclerose-multipla-agosto-laranja","status":"publish","type":"post","link":"http:\/\/servicenterblog.institucional.ws\/?p=1922","title":{"rendered":"30 de agosto \u2013 Dia Nacional de Conscientiza\u00e7\u00e3o sobre a Esclerose M\u00faltipla (Agosto Laranja)"},"content":{"rendered":"<p data-start=\"264\" data-end=\"593\">Hoje reservamos um momento para iluminar quest\u00f5es sobre a Esclerose M\u00faltipla (EM): uma doen\u00e7a neurol\u00f3gica cr\u00f4nica e autoimune que, embora ainda sem cura, tem combatido os desafios por meio da informa\u00e7\u00e3o, da ci\u00eancia e da empatia.<\/p>\n<p data-start=\"598\" data-end=\"818\">Estima-se que mais de <strong data-start=\"620\" data-end=\"642\">35 mil brasileiros<\/strong> convivam com a EM, especialmente jovens adultos, na m\u00e9dia de <strong data-start=\"705\" data-end=\"716\">30 anos, <\/strong>com maior preval\u00eancia entre mulheres (aproximadamente 2:1)<\/p>\n<p data-start=\"823\" data-end=\"1069\">A data foi institu\u00edda em 2006, pela <strong data-start=\"859\" data-end=\"876\">Lei n\u00ba 11.303<\/strong>, fruto do empenho da <strong data-start=\"898\" data-end=\"952\">Associa\u00e7\u00e3o Brasileira de Esclerose M\u00faltipla (ABEM)<\/strong>, e celebra ainda o anivers\u00e1rio da fundadora da entidade, <strong data-start=\"1010\" data-end=\"1028\">Ana Maria Levy.<\/strong><\/p>\n<p data-start=\"1074\" data-end=\"1452\">A EM ataca o sistema nervoso central ao afetar a <strong data-start=\"1123\" data-end=\"1144\">bainha de mielina<\/strong>, prejudicando a comunica\u00e7\u00e3o entre o c\u00e9rebro, a medula e o corpo, resultando em surtos que geram fadiga intensa, fraqueza, altera\u00e7\u00f5es visuais, equil\u00edbrio comprometido, sensibilidade, dor, disfun\u00e7\u00f5es urin\u00e1rias e intestinais, al\u00e9m de altera\u00e7\u00f5es cognitivas e emocionais.<\/p>\n<p data-start=\"1457\" data-end=\"1637\">O diagn\u00f3stico e o tratamento precoces, conduzidos por um <strong data-start=\"1514\" data-end=\"1531\">neuro\u00adlogista<\/strong>, s\u00e3o cruciais para conter surtos e preservar a qualidade de vida.<\/p>\n<p data-start=\"1870\" data-end=\"2106\">Neste dia de conscientiza\u00e7\u00e3o, refor\u00e7amos nosso compromisso com a causa: compartilhar conhecimento, acolher com empatia e apoiar o acesso aos cuidados essenciais. Seja parte dessa jornada iluminada e encorajadora para quem vive com EM.<\/p>\n<p data-start=\"2111\" data-end=\"2179\">#AgostoLaranja #EscleroseM\u00faltipla #Conscientiza\u00e7\u00e3o #ABEM #Sa\u00fadeNeuro<\/p>\n","protected":false},"excerpt":{"rendered":"<p>Hoje reservamos um momento para iluminar quest\u00f5es sobre a Esclerose M\u00faltipla (EM): uma doen\u00e7a neurol\u00f3gica cr\u00f4nica e autoimune que, embora ainda sem cura, tem combatido os desafios por meio da informa\u00e7\u00e3o, da ci\u00eancia e da empatia. Estima-se que mais de 35 mil brasileiros convivam com a EM, especialmente jovens adultos, na m\u00e9dia de 30 anos, [&hellip;]<\/p>\n","protected":false},"author":1,"featured_media":1923,"comment_status":"open","ping_status":"open","sticky":false,"template":"","format":"standard","meta":[],"categories":[2],"tags":[251,153,404,22,359,71,11],"_links":{"self":[{"href":"http:\/\/servicenterblog.institucional.ws\/index.php?rest_route=\/wp\/v2\/posts\/1922"}],"collection":[{"href":"http:\/\/servicenterblog.institucional.ws\/index.php?rest_route=\/wp\/v2\/posts"}],"about":[{"href":"http:\/\/servicenterblog.institucional.ws\/index.php?rest_route=\/wp\/v2\/types\/post"}],"author":[{"embeddable":true,"href":"http:\/\/servicenterblog.institucional.ws\/index.php?rest_route=\/wp\/v2\/users\/1"}],"replies":[{"embeddable":true,"href":"http:\/\/servicenterblog.institucional.ws\/index.php?rest_route=%2Fwp%2Fv2%2Fcomments&post=1922"}],"version-history":[{"count":1,"href":"http:\/\/servicenterblog.institucional.ws\/index.php?rest_route=\/wp\/v2\/posts\/1922\/revisions"}],"predecessor-version":[{"id":1924,"href":"http:\/\/servicenterblog.institucional.ws\/index.php?rest_route=\/wp\/v2\/posts\/1922\/revisions\/1924"}],"wp:featuredmedia":[{"embeddable":true,"href":"http:\/\/servicenterblog.institucional.ws\/index.php?rest_route=\/wp\/v2\/media\/1923"}],"wp:attachment":[{"href":"http:\/\/servicenterblog.institucional.ws\/index.php?rest_route=%2Fwp%2Fv2%2Fmedia&parent=1922"}],"wp:term":[{"taxonomy":"category","embeddable":true,"href":"http:\/\/servicenterblog.institucional.ws\/index.php?rest_route=%2Fwp%2Fv2%2Fcategories&post=1922"},{"taxonomy":"post_tag","embeddable":true,"href":"http:\/\/servicenterblog.institucional.ws\/index.php?rest_route=%2Fwp%2Fv2%2Ftags&post=1922"}],"curies":[{"name":"wp","href":"https:\/\/api.w.org\/{rel}","templated":true}]}}