{"id":1897,"date":"2025-08-02T11:13:43","date_gmt":"2025-08-02T14:13:43","guid":{"rendered":"http:\/\/servicenterblog.institucional.ws\/?p=1897"},"modified":"2025-08-02T11:13:51","modified_gmt":"2025-08-02T14:13:51","slug":"%f0%9f%a7%a1-agosto-laranja-chegou","status":"publish","type":"post","link":"http:\/\/servicenterblog.institucional.ws\/?p=1897","title":{"rendered":"&#x1f9e1; Agosto Laranja chegou!"},"content":{"rendered":"<p>M\u00eas de conscientiza\u00e7\u00e3o sobre a Esclerose M\u00faltipla (EM), uma doen\u00e7a neurol\u00f3gica, cr\u00f4nica e autoimune que atinge cerca de 40 mil brasileiros, segundo a ABEM (Associa\u00e7\u00e3o Brasileira de Esclerose M\u00faltipla).<\/p>\n<p>O diagn\u00f3stico precoce e o tratamento adequado fazem toda a diferen\u00e7a na qualidade de vida das pessoas com EM.<\/p>\n<div><\/div>\n<p>Voc\u00ea sabia?<\/p>\n<ul>\n<li>A EM atinge principalmente jovens entre 20 e 40 anos<\/li>\n<li>\u00c9 mais comum em mulheres<\/li>\n<li>Os sintomas variam, mas podem incluir vis\u00e3o emba\u00e7ada, formigamento e desequil\u00edbrio<\/li>\n<\/ul>\n<div><\/div>\n<p>Use o m\u00eas de agosto para espalhar informa\u00e7\u00e3o e combater o preconceito.<br \/>\nCompartilhe, apoie, informe.<\/p>\n<p>Saiba mais em: www.agostolaranja.org.br<br \/>\n(Campanha oficial da ABEM \u2013 Associa\u00e7\u00e3o Brasileira de Esclerose M\u00faltipla)<\/p>\n<p>A Servicenter apoia essa causa.<\/p>\n<div><\/div>\n<p>#AgostoLaranja #EscleroseM\u00faltipla #Conscientiza\u00e7\u00e3oEM #ABEM #Sa\u00fadeNeurol\u00f3gica #AgostoConsciente #M\u00easLaranja<\/p>\n","protected":false},"excerpt":{"rendered":"<p>M\u00eas de conscientiza\u00e7\u00e3o sobre a Esclerose M\u00faltipla (EM), uma doen\u00e7a neurol\u00f3gica, cr\u00f4nica e autoimune que atinge cerca de 40 mil brasileiros, segundo a ABEM (Associa\u00e7\u00e3o Brasileira de Esclerose M\u00faltipla). O diagn\u00f3stico precoce e o tratamento adequado fazem toda a diferen\u00e7a na qualidade de vida das pessoas com EM. Voc\u00ea sabia? A EM atinge principalmente jovens [&hellip;]<\/p>\n","protected":false},"author":1,"featured_media":1898,"comment_status":"open","ping_status":"open","sticky":false,"template":"","format":"standard","meta":[],"categories":[2],"tags":[64,22,441],"_links":{"self":[{"href":"http:\/\/servicenterblog.institucional.ws\/index.php?rest_route=\/wp\/v2\/posts\/1897"}],"collection":[{"href":"http:\/\/servicenterblog.institucional.ws\/index.php?rest_route=\/wp\/v2\/posts"}],"about":[{"href":"http:\/\/servicenterblog.institucional.ws\/index.php?rest_route=\/wp\/v2\/types\/post"}],"author":[{"embeddable":true,"href":"http:\/\/servicenterblog.institucional.ws\/index.php?rest_route=\/wp\/v2\/users\/1"}],"replies":[{"embeddable":true,"href":"http:\/\/servicenterblog.institucional.ws\/index.php?rest_route=%2Fwp%2Fv2%2Fcomments&post=1897"}],"version-history":[{"count":1,"href":"http:\/\/servicenterblog.institucional.ws\/index.php?rest_route=\/wp\/v2\/posts\/1897\/revisions"}],"predecessor-version":[{"id":1900,"href":"http:\/\/servicenterblog.institucional.ws\/index.php?rest_route=\/wp\/v2\/posts\/1897\/revisions\/1900"}],"wp:featuredmedia":[{"embeddable":true,"href":"http:\/\/servicenterblog.institucional.ws\/index.php?rest_route=\/wp\/v2\/media\/1898"}],"wp:attachment":[{"href":"http:\/\/servicenterblog.institucional.ws\/index.php?rest_route=%2Fwp%2Fv2%2Fmedia&parent=1897"}],"wp:term":[{"taxonomy":"category","embeddable":true,"href":"http:\/\/servicenterblog.institucional.ws\/index.php?rest_route=%2Fwp%2Fv2%2Fcategories&post=1897"},{"taxonomy":"post_tag","embeddable":true,"href":"http:\/\/servicenterblog.institucional.ws\/index.php?rest_route=%2Fwp%2Fv2%2Ftags&post=1897"}],"curies":[{"name":"wp","href":"https:\/\/api.w.org\/{rel}","templated":true}]}}