{"id":1894,"date":"2025-07-28T14:06:45","date_gmt":"2025-07-28T17:06:45","guid":{"rendered":"http:\/\/servicenterblog.institucional.ws\/?p=1894"},"modified":"2025-07-28T14:06:45","modified_gmt":"2025-07-28T17:06:45","slug":"28-de-julho-dia-mundial-de-luta-contra-as-hepatites-virais","status":"publish","type":"post","link":"http:\/\/servicenterblog.institucional.ws\/?p=1894","title":{"rendered":"28 de Julho \u2013 Dia Mundial de Luta Contra as Hepatites Virais"},"content":{"rendered":"<h4 data-start=\"254\" data-end=\"335\">Conscientiza\u00e7\u00e3o, preven\u00e7\u00e3o e diagn\u00f3stico: um compromisso com a sa\u00fade p\u00fablica<\/h4>\n<p data-start=\"337\" data-end=\"780\">O Dia Mundial de Luta Contra as Hepatites Virais, celebrado em <strong data-start=\"400\" data-end=\"415\">28 de julho<\/strong>, \u00e9 uma data criada pela <strong data-start=\"440\" data-end=\"478\">Organiza\u00e7\u00e3o Mundial da Sa\u00fade (OMS)<\/strong> com o objetivo de chamar a aten\u00e7\u00e3o da popula\u00e7\u00e3o global para a import\u00e2ncia da preven\u00e7\u00e3o, diagn\u00f3stico precoce e tratamento das hepatites dos tipos B e C \u2014 duas doen\u00e7as que, apesar de muitas vezes silenciosas, podem causar s\u00e9rias complica\u00e7\u00f5es no f\u00edgado, como cirrose, insufici\u00eancia hep\u00e1tica e at\u00e9 c\u00e2ncer.<\/p>\n<p data-start=\"782\" data-end=\"956\">No Brasil, a campanha integra o movimento <strong data-start=\"824\" data-end=\"841\">Julho Amarelo<\/strong>, institu\u00eddo pelo <strong data-start=\"859\" data-end=\"882\">Minist\u00e9rio da Sa\u00fade<\/strong> como um m\u00eas inteiro dedicado \u00e0 conscientiza\u00e7\u00e3o sobre as hepatites virais.<\/p>\n<hr data-start=\"958\" data-end=\"961\" \/>\n<h3 data-start=\"963\" data-end=\"1002\">&#x1f6a8; Um problema silencioso e urgente<\/h3>\n<p data-start=\"1004\" data-end=\"1383\">Segundo dados do Minist\u00e9rio da Sa\u00fade, mais de <strong data-start=\"1050\" data-end=\"1110\">1 milh\u00e3o de pessoas vivem com hepatites B ou C no Brasil<\/strong>, muitas delas sem saber que est\u00e3o infectadas. Isso acontece porque, em grande parte dos casos, os sintomas demoram a aparecer ou s\u00e3o confundidos com outras doen\u00e7as. A falta de diagn\u00f3stico precoce dificulta o in\u00edcio do tratamento e aumenta o risco de agravamento da doen\u00e7a.<\/p>\n<p data-start=\"1385\" data-end=\"1547\">De acordo com a <strong data-start=\"1401\" data-end=\"1408\">OMS<\/strong>, as hepatites virais causam, no mundo, cerca de <strong data-start=\"1457\" data-end=\"1489\">1,1 milh\u00e3o de mortes por ano<\/strong> \u2014 uma m\u00e9dia superior \u00e0 de doen\u00e7as como HIV e tuberculose.<\/p>\n<hr data-start=\"1549\" data-end=\"1552\" \/>\n<h3 data-start=\"1554\" data-end=\"1587\">&#x2705; Prevenir \u00e9 o melhor caminho<\/h3>\n<p data-start=\"1589\" data-end=\"1677\">A boa not\u00edcia \u00e9 que a preven\u00e7\u00e3o \u00e9 poss\u00edvel e acess\u00edvel. Veja algumas formas de prote\u00e7\u00e3o:<\/p>\n<ul data-start=\"1679\" data-end=\"2162\">\n<li data-start=\"1679\" data-end=\"1811\">\n<p data-start=\"1681\" data-end=\"1811\"><strong data-start=\"1681\" data-end=\"1695\">Hepatite A<\/strong>: est\u00e1 associada a m\u00e1s condi\u00e7\u00f5es de higiene e saneamento. Pode ser evitada com boas pr\u00e1ticas de higiene e vacina\u00e7\u00e3o.<\/p>\n<\/li>\n<li data-start=\"1812\" data-end=\"1980\">\n<p data-start=\"1814\" data-end=\"1980\"><strong data-start=\"1814\" data-end=\"1828\">Hepatite B<\/strong>: \u00e9 uma IST (infec\u00e7\u00e3o sexualmente transmiss\u00edvel) e pode ser evitada com <strong data-start=\"1900\" data-end=\"1913\">vacina\u00e7\u00e3o<\/strong>, uso de preservativos e cuidado com instrumentos perfurocortantes.<\/p>\n<\/li>\n<li data-start=\"1981\" data-end=\"2162\">\n<p data-start=\"1983\" data-end=\"2162\"><strong data-start=\"1983\" data-end=\"1997\">Hepatite C<\/strong>: ainda n\u00e3o tem vacina, mas o risco pode ser reduzido com uso de preservativos, cuidado com tatuagens, piercings e compartilhamento de objetos cortantes ou seringas.<\/p>\n<\/li>\n<\/ul>\n<hr data-start=\"2164\" data-end=\"2167\" \/>\n<h3 data-start=\"2169\" data-end=\"2203\">&#x1fa7a; Teste e tratamento pelo SUS<\/h3>\n<p data-start=\"2205\" data-end=\"2554\">O diagn\u00f3stico das hepatites virais \u00e9 <strong data-start=\"2242\" data-end=\"2272\">simples, r\u00e1pido e gratuito<\/strong>. Basta procurar uma unidade de sa\u00fade do SUS e solicitar o teste. Em caso positivo, o tratamento \u00e9 oferecido pelo sistema p\u00fablico, com alto \u00edndice de sucesso \u2014 especialmente no caso da hepatite C, que hoje conta com medicamentos capazes de curar a infec\u00e7\u00e3o em mais de 95% dos casos.<\/p>\n<hr data-start=\"2556\" data-end=\"2559\" \/>\n<h3 data-start=\"2561\" data-end=\"2594\">&#x1f49b; Participe do Julho Amarelo<\/h3>\n<p data-start=\"2596\" data-end=\"2777\">A campanha <strong data-start=\"2607\" data-end=\"2624\">Julho Amarelo<\/strong> refor\u00e7a que a luta contra as hepatites virais \u00e9 de todos n\u00f3s. Conscientize, compartilhe informa\u00e7\u00f5es, incentive amigos e familiares a realizarem o teste.<\/p>\n<p data-start=\"2779\" data-end=\"2804\">A informa\u00e7\u00e3o salva vidas.<\/p>\n<hr data-start=\"2806\" data-end=\"2809\" \/>\n<p data-start=\"2811\" data-end=\"2824\"><strong data-start=\"2811\" data-end=\"2822\">Fontes:<\/strong><\/p>\n<ul data-start=\"2825\" data-end=\"2963\">\n<li data-start=\"2825\" data-end=\"2895\">\n<p data-start=\"2827\" data-end=\"2895\">Minist\u00e9rio da Sa\u00fade \u2013 <a class=\"cursor-pointer\" target=\"_new\" rel=\"noopener\" data-start=\"2849\" data-end=\"2893\">www.gov.br\/saude<\/a><\/p>\n<\/li>\n<li data-start=\"2896\" data-end=\"2963\">\n<p data-start=\"2898\" data-end=\"2963\">Organiza\u00e7\u00e3o Mundial da Sa\u00fade \u2013 <a class=\"\" href=\"https:\/\/www.who.int\" target=\"_new\" rel=\"noopener\" data-start=\"2929\" data-end=\"2963\">www.who.int<\/a><\/p>\n<\/li>\n<\/ul>\n","protected":false},"excerpt":{"rendered":"<p>Conscientiza\u00e7\u00e3o, preven\u00e7\u00e3o e diagn\u00f3stico: um compromisso com a sa\u00fade p\u00fablica O Dia Mundial de Luta Contra as Hepatites Virais, celebrado em 28 de julho, \u00e9 uma data criada pela Organiza\u00e7\u00e3o Mundial da Sa\u00fade (OMS) com o objetivo de chamar a aten\u00e7\u00e3o da popula\u00e7\u00e3o global para a import\u00e2ncia da preven\u00e7\u00e3o, diagn\u00f3stico precoce e tratamento das hepatites [&hellip;]<\/p>\n","protected":false},"author":1,"featured_media":1895,"comment_status":"open","ping_status":"open","sticky":false,"template":"","format":"standard","meta":[],"categories":[2],"tags":[251,153,320,199,71,26,11],"_links":{"self":[{"href":"http:\/\/servicenterblog.institucional.ws\/index.php?rest_route=\/wp\/v2\/posts\/1894"}],"collection":[{"href":"http:\/\/servicenterblog.institucional.ws\/index.php?rest_route=\/wp\/v2\/posts"}],"about":[{"href":"http:\/\/servicenterblog.institucional.ws\/index.php?rest_route=\/wp\/v2\/types\/post"}],"author":[{"embeddable":true,"href":"http:\/\/servicenterblog.institucional.ws\/index.php?rest_route=\/wp\/v2\/users\/1"}],"replies":[{"embeddable":true,"href":"http:\/\/servicenterblog.institucional.ws\/index.php?rest_route=%2Fwp%2Fv2%2Fcomments&post=1894"}],"version-history":[{"count":1,"href":"http:\/\/servicenterblog.institucional.ws\/index.php?rest_route=\/wp\/v2\/posts\/1894\/revisions"}],"predecessor-version":[{"id":1896,"href":"http:\/\/servicenterblog.institucional.ws\/index.php?rest_route=\/wp\/v2\/posts\/1894\/revisions\/1896"}],"wp:featuredmedia":[{"embeddable":true,"href":"http:\/\/servicenterblog.institucional.ws\/index.php?rest_route=\/wp\/v2\/media\/1895"}],"wp:attachment":[{"href":"http:\/\/servicenterblog.institucional.ws\/index.php?rest_route=%2Fwp%2Fv2%2Fmedia&parent=1894"}],"wp:term":[{"taxonomy":"category","embeddable":true,"href":"http:\/\/servicenterblog.institucional.ws\/index.php?rest_route=%2Fwp%2Fv2%2Fcategories&post=1894"},{"taxonomy":"post_tag","embeddable":true,"href":"http:\/\/servicenterblog.institucional.ws\/index.php?rest_route=%2Fwp%2Fv2%2Ftags&post=1894"}],"curies":[{"name":"wp","href":"https:\/\/api.w.org\/{rel}","templated":true}]}}