{"id":1881,"date":"2025-07-07T13:13:06","date_gmt":"2025-07-07T16:13:06","guid":{"rendered":"http:\/\/servicenterblog.institucional.ws\/?p=1881"},"modified":"2025-07-07T13:13:06","modified_gmt":"2025-07-07T16:13:06","slug":"por-que-oposicao-ao-fluor-na-agua-esta-aumentando-apesar-de-reducao-em-caries","status":"publish","type":"post","link":"http:\/\/servicenterblog.institucional.ws\/?p=1881","title":{"rendered":"Por que oposi\u00e7\u00e3o ao fl\u00faor na \u00e1gua est\u00e1 aumentando, apesar de redu\u00e7\u00e3o em c\u00e1ries"},"content":{"rendered":"<div class=\"bbc-19j92fr ebmt73l0\" dir=\"ltr\">\n<p class=\"bbc-hhl7in e17g058b0\" dir=\"ltr\">Desde que os cientistas descobriram que pessoas que viviam em locais com n\u00edveis mais altos de fl\u00faor na \u00e1gua tinham taxas menores de c\u00e1rie dent\u00e1ria, alguns pa\u00edses passaram a adicionar o fl\u00faor \u00e0\u00a0\u00e1gua pot\u00e1vel\u00a0como uma forma de melhorar a sa\u00fade bucal.<\/p>\n<\/div>\n<div class=\"bbc-19j92fr ebmt73l0\" dir=\"ltr\">\n<p class=\"bbc-hhl7in e17g058b0\" dir=\"ltr\">No Brasil, a adi\u00e7\u00e3o de fl\u00faor \u00e0 \u00e1gua tratada \u00e9 obrigat\u00f3ria por lei desde 1974. Segundo a Funda\u00e7\u00e3o Nacional de Sa\u00fade (Funasa), a fluoreta\u00e7\u00e3o da \u00e1gua reduziu a preval\u00eancia de c\u00e1ries entre 50% e 65% ap\u00f3s dez anos de exposi\u00e7\u00e3o \u00e0 subst\u00e2ncia.<\/p>\n<\/div>\n<div class=\"bbc-19j92fr ebmt73l0\" dir=\"ltr\">\n<p class=\"bbc-hhl7in e17g058b0\" dir=\"ltr\">Mas a oposi\u00e7\u00e3o ao fl\u00faor est\u00e1 se espalhando no mundo, e especialmente nos EUA.<\/p>\n<\/div>\n<div class=\"bbc-19j92fr ebmt73l0\" dir=\"ltr\">\n<p class=\"bbc-hhl7in e17g058b0\" dir=\"ltr\">O mineral apareceu recentemente no relat\u00f3rio\u00a0<i class=\"bbc-h1y5j7 eih42320\">Make America Healthy Again<\/i>\u00a0(Fa\u00e7a a Am\u00e9rica saud\u00e1vel de novo, na tradu\u00e7\u00e3o livre para o portugu\u00eas) sobre doen\u00e7as na inf\u00e2ncia, em meio a uma longa lista de fatores respons\u00e1veis pela crise de doen\u00e7as cr\u00f4nicas que afeta as crian\u00e7as nos\u00a0Estados Unidos.<\/p>\n<p dir=\"ltr\">O influenciador de bem-estar Calley Means, que atua como conselheiro do governo dos EUA, disse que o uso de fl\u00faor na \u00e1gua pot\u00e1vel \u00e9 um &#8220;ataque \u00e0s crian\u00e7as de baixa renda&#8221; e sugeriu que os pais joguem fora\u00a0pastas de dente\u00a0que contenham fl\u00faor.<\/p>\n<div class=\"bbc-19j92fr ebmt73l0\" dir=\"ltr\">\n<p class=\"bbc-hhl7in e17g058b0\" dir=\"ltr\">A opini\u00e3o do influenciador parece estar alinhada com a de\u00a0Robert F. Kennedy Jr., secret\u00e1rio de Sa\u00fade e Servi\u00e7os Humanos dos Estados Unidos. A irm\u00e3 de Calley, Casey Means, tamb\u00e9m foi indicada por Donald Trump para o cargo de cirurgi\u00e3-geral dos EUA.<\/p>\n<\/div>\n<div class=\"bbc-19j92fr ebmt73l0\" dir=\"ltr\">\n<p class=\"bbc-hhl7in e17g058b0\" dir=\"ltr\">No final de mar\u00e7o de 2025, Utah se tornou o primeiro estado americano a proibir o uso de fl\u00faor no abastecimento p\u00fablico de\u00a0\u00e1gua.<\/p>\n<\/div>\n<div class=\"bbc-19j92fr ebmt73l0\" dir=\"ltr\">\n<p class=\"bbc-hhl7in e17g058b0\" dir=\"ltr\">No in\u00edcio de maio, o governador da Fl\u00f3rida, Ron DeSantis, tamb\u00e9m sancionou uma lei que bane &#8220;certos aditivos&#8221; do sistema de \u00e1gua, o que inclui o fl\u00faor \u2014 encerrando uma pr\u00e1tica que vinha sendo adotada desde 1949.<\/p>\n<\/div>\n<div class=\"bbc-19j92fr ebmt73l0\" dir=\"ltr\">\n<p class=\"bbc-hhl7in e17g058b0\" dir=\"ltr\">Em abril, Kennedy Jr. anunciou que instruiria os Centros de Controle e Preven\u00e7\u00e3o de Doen\u00e7as dos Estados Unidos a recomendarem contra a fluoreta\u00e7\u00e3o, enquanto a Ag\u00eancia de Prote\u00e7\u00e3o Ambiental conduz uma revis\u00e3o nas evid\u00eancias cient\u00edficas sobre os poss\u00edveis riscos \u00e0 sa\u00fade relacionados \u00e0 adi\u00e7\u00e3o de fl\u00faor na \u00e1gua.<\/p>\n<div class=\"bbc-19j92fr ebmt73l0\" dir=\"ltr\">\n<h2 id=\"Evid\u00eancias-cient\u00edficas-\" class=\"bbc-1lgzob2 eglt09e0\" tabindex=\"-1\">Evid\u00eancias cient\u00edficas<\/h2>\n<\/div>\n<div class=\"bbc-19j92fr ebmt73l0\" dir=\"ltr\">\n<p class=\"bbc-hhl7in e17g058b0\" dir=\"ltr\">Muitos cientistas consideram a fluoreta\u00e7\u00e3o da \u00e1gua para abastecimento como uma vit\u00f3ria da sa\u00fade p\u00fablica \u2014 que tem reduzido as taxas de c\u00e1ries e melhorado a sa\u00fade bucal de milh\u00f5es de pessoas ao redor do mundo.<\/p>\n<\/div>\n<div class=\"bbc-19j92fr ebmt73l0\" dir=\"ltr\">\n<p class=\"bbc-hhl7in e17g058b0\" dir=\"ltr\">Algumas revis\u00f5es recentes de evid\u00eancias sugerem que os benef\u00edcios podem n\u00e3o ser os mesmos que eram 50 anos atr\u00e1s, antes de o fl\u00faor estar amplamente dispon\u00edvel em pastas de dentes, apesar de ainda ser ben\u00e9fico.<\/p>\n<\/div>\n<div class=\"bbc-19j92fr ebmt73l0\" dir=\"ltr\">\n<p class=\"bbc-hhl7in e17g058b0\" dir=\"ltr\">Uma revis\u00e3o feita em 2016 na\u00a0Austr\u00e1lia\u00a0descobriu que a \u00e1gua com fl\u00faor reduziu em 35% as c\u00e1ries nos dentes de leite das crian\u00e7as. J\u00e1 um relat\u00f3rio de monitoramento de 2022 na\u00a0Inglaterra\u00a0tamb\u00e9m identificou o mesmo percentual de redu\u00e7\u00e3o de c\u00e1ries em crian\u00e7as de tr\u00eas anos.<\/p>\n<\/div>\n<div class=\"bbc-19j92fr ebmt73l0\" dir=\"ltr\">\n<p class=\"bbc-hhl7in e17g058b0\" dir=\"ltr\">Esse efeito \u00e9 ainda maior em crian\u00e7as vivendo em \u00e1reas mais carentes, com menos acesso a tratamentos odontol\u00f3gicos ou mesmo \u00e0\u00a0escova\u00e7\u00e3o regular.<\/p>\n<\/div>\n<div class=\"bbc-19j92fr ebmt73l0\" dir=\"ltr\">\n<p class=\"bbc-hhl7in e17g058b0\" dir=\"ltr\">Introduzida inicialmente na cidade de Grand Rapids, no estado do Michigan, em 1945, a fluoreta\u00e7\u00e3o de \u00e1gua para abastecimento \u00e9 praticada hoje em cerca de 25 pa\u00edses, incluindo o Brasil, a Mal\u00e1sia, Cingapura, Irlanda, Espanha e partes do Reino Unido. No total, a \u00e1gua pot\u00e1vel fluoretada \u00e9 fornecida para mais de 400 milh\u00f5es de pessoas no mundo.<\/p>\n<div class=\"bbc-19j92fr ebmt73l0\" dir=\"ltr\">\n<p class=\"bbc-hhl7in e17g058b0\" dir=\"ltr\">Nos Estados Unidos, cerca de 63% da popula\u00e7\u00e3o \u2014 209 milh\u00f5es de pessoas \u2014 consome \u00e1gua com fl\u00faor. Para quase de 12 milh\u00f5es,\u00a0o mineral n\u00e3o \u00e9 adicionado, mas \u00e9 natural do abastecimento de \u00e1gua.<\/p>\n<\/div>\n<div class=\"bbc-19j92fr ebmt73l0\" dir=\"ltr\">\n<p class=\"bbc-hhl7in e17g058b0\" dir=\"ltr\">Um dos argumentos contra a fluoreta\u00e7\u00e3o \u00e9 que alguns estudos associam a exposi\u00e7\u00e3o ao fl\u00faor a uma leve redu\u00e7\u00e3o de m\u00e9dia do QI de crian\u00e7as, como destacado em uma meta-an\u00e1lise de 2025 \u2014 um tipo de estudo que combina resultados de v\u00e1rias pesquisas anteriores.<\/p>\n<\/div>\n<div class=\"bbc-19j92fr ebmt73l0\" dir=\"ltr\">\n<p class=\"bbc-hhl7in e17g058b0\" dir=\"ltr\">Contudo, em revis\u00f5es detalhadas das evid\u00eancias, cientistas conclu\u00edram que essa associa\u00e7\u00e3o acontece quando os n\u00edveis de fl\u00faor est\u00e3o o dobro acima do limite recomendado nos Estados Unidos, al\u00e9m de terem identificado problemas metodol\u00f3gicos e estat\u00edsticos significativos nessa meta-an\u00e1lise de 2025.<\/p>\n<\/div>\n<div class=\"bbc-19j92fr ebmt73l0\" dir=\"ltr\">\n<p class=\"bbc-hhl7in e17g058b0\" dir=\"ltr\">Os que se op\u00f5em \u00e0 fluoreta\u00e7\u00e3o artificial da \u00e1gua tamb\u00e9m apontam para o fato de que a maioria dos pa\u00edses no mundo n\u00e3o adicionam o mineral na \u00e1gua.<\/p>\n<\/div>\n<div class=\"bbc-19j92fr ebmt73l0\" dir=\"ltr\">\n<p class=\"bbc-hhl7in e17g058b0\" dir=\"ltr\">Mas isso \u00e9 verdade? E, caso seja, por que esses pa\u00edses fazem isso? E quais s\u00e3o os resultados?<\/p>\n<\/div>\n<div class=\"bbc-19j92fr ebmt73l0\" dir=\"ltr\">\n<h2 id=\"Fl\u00faor-ajuda-a-reduzir-desigualdades\" class=\"bbc-1lgzob2 eglt09e0\" tabindex=\"-1\">&#8216;Fl\u00faor ajuda a reduzir desigualdades&#8217;<\/h2>\n<\/div>\n<div class=\"bbc-19j92fr ebmt73l0\" dir=\"ltr\">\n<p class=\"bbc-hhl7in e17g058b0\" dir=\"ltr\">O fl\u00faor \u00e9 um mineral natural, conhecido por ajudar a\u00a0prevenir c\u00e1ries dent\u00e1rias ao fortalecer a camada externa do dente, o esmalte, e repor os minerais perdidos devido aos \u00e1cidos que produzimos quando comemos.<\/p>\n<\/div>\n<div class=\"bbc-19j92fr ebmt73l0\" dir=\"ltr\">\n<p class=\"bbc-hhl7in e17g058b0\" dir=\"ltr\">Muitas pessoas fazem uso t\u00f3pico do fl\u00faor, aplicando por meio de uma pasta de dente, por exemplo. Contudo, estudos sugerem que uma exposi\u00e7\u00e3o cont\u00ednua, sist\u00eamica e em doses baixas \u2014 como no consumo de \u00e1gua pot\u00e1vel \u2014 \u00e9 mais efetiva, principalmente em crian\u00e7as, cujos ossos e dentes ainda est\u00e3o se formando.<\/p>\n<\/div>\n<div class=\"bbc-19j92fr ebmt73l0\" dir=\"ltr\">\n<p class=\"bbc-hhl7in e17g058b0\" dir=\"ltr\">Uma revis\u00e3o cient\u00edfica de 32 estudos, realizada em 2019, revelou que crian\u00e7as que viviam em \u00e1reas com \u00e1gua fluoretada apresentavam menores \u00edndices de c\u00e1ries do que aquelas que viviam em regi\u00f5es sem fluoreta\u00e7\u00e3o.<\/p>\n<\/div>\n<div class=\"bbc-19j92fr ebmt73l0\" dir=\"ltr\">\n<p class=\"bbc-hhl7in e17g058b0\" dir=\"ltr\">&#8220;A diferen\u00e7a entre a pasta de dente e a \u00e1gua \u00e9 que, considerando que as pessoas bebem \u00e1gua durante o dia, elas t\u00eam uma exposi\u00e7\u00e3o constante ao fl\u00faor em concentra\u00e7\u00f5es muito baixas&#8221;, diz Vida Zohoori, professora de sa\u00fade p\u00fablica e nutri\u00e7\u00e3o na Universidade de Teeside, no Reino Unido, especialista em pesquisas sobre fl\u00faor e coautora das diretrizes de 2022 sobre fluoreta\u00e7\u00e3o da \u00e1gua da Associa\u00e7\u00e3o Internacional para Pesquisa Dental, Oral e Craniofacial (IADR, na sigla em ingl\u00eas).<\/p>\n<\/div>\n<div class=\"bbc-19j92fr ebmt73l0\" dir=\"ltr\">\n<p class=\"bbc-hhl7in e17g058b0\" dir=\"ltr\">&#8220;O benef\u00edcios v\u00eam justamente dessa exposi\u00e7\u00e3o cont\u00ednua a baixo n\u00edveis de fl\u00faor.&#8221;<\/p>\n<\/div>\n<div class=\"bbc-19j92fr ebmt73l0\" dir=\"ltr\">\n<p class=\"bbc-hhl7in e17g058b0\" dir=\"ltr\">Esse efeito \u00e9 notado principalmente em crian\u00e7as de contextos socioecon\u00f4micos vulner\u00e1veis.<\/p>\n<\/div>\n<div class=\"bbc-19j92fr ebmt73l0\" dir=\"ltr\">\n<p class=\"bbc-hhl7in e17g058b0\" dir=\"ltr\">&#8220;A fluoreta\u00e7\u00e3o da \u00e1gua de abastecimento p\u00fablico serve para reduzir a diferen\u00e7a entre pessoas pobres e ricas&#8221;, diz Zohoori.<\/p>\n<\/div>\n<div class=\"bbc-19j92fr ebmt73l0\" dir=\"ltr\">\n<p class=\"bbc-hhl7in e17g058b0\" dir=\"ltr\">&#8220;Ela alcan\u00e7a a todos, toda a popula\u00e7\u00e3o, n\u00e3o apenas grupos espec\u00edficos e, por isso, ajuda a reduzir as desigualdades na sa\u00fade de forma geral.&#8221;<\/p>\n<\/div>\n<div class=\"bbc-19j92fr ebmt73l0\" dir=\"ltr\">\n<p class=\"bbc-hhl7in e17g058b0\" dir=\"ltr\">Ela destaca a diferen\u00e7a entre a cidade onde a universidade em que ela trabalha est\u00e1 localizada, Middlesbrough, no norte da Inglaterra, da cidade vizinha de Hartlepool. Ambas enfrentam desvantagens socioecon\u00f4micas. Mas, a \u00e1gua de Hartlepool tem n\u00edveis naturais de fl\u00faor de at\u00e9 1,3 mg\/L, diferente de Middlesbrough.<\/p>\n<\/div>\n<div class=\"bbc-19j92fr ebmt73l0\" dir=\"ltr\">\n<p class=\"bbc-hhl7in e17g058b0\" dir=\"ltr\">&#8220;Middlesbrough \u00e9 um dos locais com as maiores taxas de c\u00e1ries em crian\u00e7as, enquanto Hartlepool tem taxas muito menores&#8221;, afirma.<\/p>\n<\/div>\n<div class=\"bbc-19j92fr ebmt73l0\" dir=\"ltr\">\n<p class=\"bbc-hhl7in e17g058b0\" dir=\"ltr\">Em mar\u00e7o, o Departamento de Sa\u00fade e Assist\u00eancia Social da Inglaterra recomendou a expans\u00e3o do abastecimento de \u00e1gua fluoretada para \u00e1reas do nordeste da Inglaterra, incluindo Middlesbrough.<\/p>\n<\/div>\n<div class=\"bbc-19j92fr ebmt73l0\" dir=\"ltr\">\n<h2 id=\"Excesso-de-fl\u00faor\" class=\"bbc-1lgzob2 eglt09e0\" tabindex=\"-1\">Excesso de fl\u00faor<\/h2>\n<\/div>\n<div class=\"bbc-19j92fr ebmt73l0\" dir=\"ltr\">\n<p class=\"bbc-hhl7in e17g058b0\" dir=\"ltr\">Mas o\u00a0fl\u00faor em excesso tamb\u00e9m pode ser um problema. Concentra\u00e7\u00f5es superiores a 1,5 mg de fl\u00faor por litro podem causar fluorose dent\u00e1ria, uma condi\u00e7\u00e3o est\u00e9tica que deixa manchas brancas nos dentes. J\u00e1 n\u00edveis superiores a 6 mg\/l podem levar \u00e0 fluorose esquel\u00e9tica, uma condi\u00e7\u00e3o \u00f3ssea grave que pode causar incapacidades.<\/p>\n<\/div>\n<div class=\"bbc-19j92fr ebmt73l0\" dir=\"ltr\">\n<p class=\"bbc-hhl7in e17g058b0\" dir=\"ltr\">As diretrizes da\u00a0Organiza\u00e7\u00e3o Mundial da Sa\u00fade (OMS)\u00a0recomendam que a \u00e1gua pot\u00e1vel contenha no m\u00e1ximo 1,5 mg\/l de fl\u00faor. Nos Estados Unidos, o Servi\u00e7o de Sa\u00fade P\u00fablica recomenda at\u00e9 0,7 mg\/l, enquanto as companhias de abastecimento que adicionam fl\u00faor na \u00e1gua na Inglaterra s\u00e3o orientadas a manter as concentra\u00e7\u00f5es abaixo de 1 mg\/l.<\/p>\n<\/div>\n<div class=\"bbc-19j92fr ebmt73l0\" dir=\"ltr\">\n<p class=\"bbc-hhl7in e17g058b0\" dir=\"ltr\">As preocupa\u00e7\u00f5es com o consumo excessivo de fl\u00faor s\u00e3o um dos motivos pelos quais alguns pa\u00edses escolhem n\u00e3o fluoretar artificialmente a \u00e1gua para abastecimentos \u2014 a \u00e1gua pot\u00e1vel desses locais j\u00e1 apresenta, naturalmente, n\u00edveis de fl\u00faor.<\/p>\n<div class=\"bbc-19j92fr ebmt73l0\" dir=\"ltr\">\n<p class=\"bbc-hhl7in e17g058b0\" dir=\"ltr\">O fl\u00faor est\u00e1 presente no solo, nas plantas e na \u00e1gua. Alguns tipos de rochas e solos possuem concentra\u00e7\u00f5es maiores do que os outros. &#8220;Tudo se resume \u00e0 geoqu\u00edmica&#8221;, afirma Joel Podgorski, cientista do Instituto Federal Su\u00ed\u00e7o de Ci\u00eancia e Tecnologia Aqu\u00e1tica, em Dubendorf, na Su\u00edca.<\/p>\n<\/div>\n<div class=\"bbc-19j92fr ebmt73l0\" dir=\"ltr\">\n<p class=\"bbc-hhl7in e17g058b0\" dir=\"ltr\">Ele destaca, em especial, as rochas \u00edgneas, como as que s\u00e3o formadas pela lava, e que tendem a ter mais quantidade de fl\u00faor.<\/p>\n<\/div>\n<div class=\"bbc-19j92fr ebmt73l0\" dir=\"ltr\">\n<p class=\"bbc-hhl7in e17g058b0\" dir=\"ltr\">A presen\u00e7a de rochas contendo fl\u00faor pode aumentar os n\u00edveis do mineral na \u00e1gua subterr\u00e2nea. Na It\u00e1lia, por exemplo, as concentra\u00e7\u00f5es de fl\u00faor na \u00e1gua v\u00e3o de 0,1 a 6,1 mg\/l, mas em \u00e1reas com rochas vulc\u00e2nicas, esses n\u00edveis podem chegar a 30,2 mg\/l.<\/p>\n<\/div>\n<div class=\"bbc-19j92fr ebmt73l0\" dir=\"ltr\">\n<p class=\"bbc-hhl7in e17g058b0\" dir=\"ltr\">Em algumas regi\u00f5es, como L\u00e1cio ou Cal\u00e1bria, o fl\u00faor \u00e9 ativamente removido ou a \u00e1gua \u00e9 dilu\u00edda para manter o abastecimento abaixo de 1,5 mg\/l, como recomendado pela OMS e pela Uni\u00e3o Europeia, explica Tommaso Filppini, professor associado de epidemiologia e sa\u00fade p\u00fablica na Universidade de M\u00f3dena e Reggio Emilia.<\/p>\n<\/div>\n<div class=\"bbc-19j92fr ebmt73l0\" dir=\"ltr\">\n<p class=\"bbc-hhl7in e17g058b0\" dir=\"ltr\">Mas h\u00e1 uma variedade de outras raz\u00f5es que fazem com que os pa\u00edses n\u00e3o adicionem fl\u00faor na \u00e1gua.<\/p>\n<\/div>\n<div class=\"bbc-19j92fr ebmt73l0\" dir=\"ltr\">\n<p class=\"bbc-hhl7in e17g058b0\" dir=\"ltr\">Na Europa, um relat\u00f3rio de 2018 mostrou que, de 28 na\u00e7\u00f5es da Uni\u00e3o Europeia, apenas a Irlanda, partes do Reino Unido e da Espanha colocavam fl\u00faor em seus sistemas para abastecimento de \u00e1gua. Onze pa\u00edses haviam adotado essa pr\u00e1tica no passado, mas a interromperam, e outros 14 nunca fizeram a fluoreta\u00e7\u00e3o.<\/p>\n<\/div>\n<div class=\"bbc-19j92fr ebmt73l0\" dir=\"ltr\">\n<p class=\"bbc-hhl7in e17g058b0\" dir=\"ltr\">Contudo, pa\u00edses que interromperam programas de fluoreta\u00e7\u00e3o da \u00e1gua n\u00e3o disseram que fizeram isso por preocupa\u00e7\u00f5es com a seguran\u00e7a da popula\u00e7\u00e3o, afirma Mary Rose Sweeney, autora l\u00edder do estudo e atualmente pesquisadora de sa\u00fade p\u00fablica do Royal College of Surgeons, na Inglaterra.<\/p>\n<\/div>\n<div class=\"bbc-19j92fr ebmt73l0\" dir=\"ltr\">\n<p class=\"bbc-hhl7in e17g058b0\" dir=\"ltr\">Em vez disso, eles citaram reclama\u00e7\u00f5es da popula\u00e7\u00e3o, como de pessoas que consideravam aquilo uma viola\u00e7\u00e3o dos direitos humanos ou defendiam que a ingest\u00e3o de fl\u00faor deveria ser uma escolha individual.<\/p>\n<div class=\"bbc-19j92fr ebmt73l0\" dir=\"ltr\">\n<p class=\"bbc-hhl7in e17g058b0\" dir=\"ltr\">Outros pa\u00edses apontaram para o fato de que as popula\u00e7\u00f5es j\u00e1 obtinham fl\u00faor suficiente de outras formas.<\/p>\n<\/div>\n<div class=\"bbc-19j92fr ebmt73l0\" dir=\"ltr\">\n<p class=\"bbc-hhl7in e17g058b0\" dir=\"ltr\">Dos 11 pa\u00edses que interromperam os programas de fluoreta\u00e7\u00e3o, apenas dois citaram as quest\u00f5es de seguran\u00e7a e efic\u00e1cia \u2014 a Finl\u00e2ndia disse que a efic\u00e1cia do fl\u00faor n\u00e3o tinha sido provada, enquanto a Rep\u00fablica Tcheca citou &#8220;debates&#8221; sobre seguran\u00e7a da fluoreta\u00e7\u00e3o. Nenhum deles disse que parou o processo porque o fl\u00faor trazia algum preju\u00edzo.<\/p>\n<\/div>\n<div class=\"bbc-19j92fr ebmt73l0\" dir=\"ltr\">\n<p class=\"bbc-hhl7in e17g058b0\" dir=\"ltr\">Para algumas dessas popula\u00e7\u00f5es, o fl\u00faor estava naturalmente dispon\u00edvel na \u00e1gua pot\u00e1vel, mas para outros, certos alimentos e bebidas continham fl\u00faor. De acordo com o relat\u00f3rio de 2018, a Bulg\u00e1ria colocava fl\u00faor no leite enquanto a Gr\u00e9cia adicionava o mineral em garrafas de \u00e1gua.<\/p>\n<\/div>\n<div class=\"bbc-19j92fr ebmt73l0\" dir=\"ltr\">\n<p class=\"bbc-hhl7in e17g058b0\" dir=\"ltr\">Diferentes abordagens de fluoreta\u00e7\u00e3o existem fora da Uni\u00e3o Europeia. Zohoori est\u00e1 atualmente liderando um estudo comparando sistemas de fluoreta\u00e7\u00e3o no Brasil, Reino Unido, Col\u00f4mbia e Chile.<\/p>\n<\/div>\n<div class=\"bbc-19j92fr ebmt73l0\" dir=\"ltr\">\n<p class=\"bbc-hhl7in e17g058b0\" dir=\"ltr\">&#8220;Alguns pa\u00edses, com a Su\u00ed\u00e7a, colocam fl\u00faor no sal&#8221;, afirma. &#8220;O Brasil utiliza a fluoreta\u00e7\u00e3o da \u00e1gua, a Col\u00f4mbia, do sal, e o Chile, do leite.&#8221;<\/p>\n<\/div>\n<div class=\"bbc-19j92fr ebmt73l0\" dir=\"ltr\">\n<h2 id=\"A-experi\u00eancia-em-pa\u00edses-asi\u00e1ticos\" class=\"bbc-1lgzob2 eglt09e0\" tabindex=\"-1\">A experi\u00eancia em pa\u00edses asi\u00e1ticos<\/h2>\n<div class=\"bbc-19j92fr ebmt73l0\" dir=\"ltr\">\n<p class=\"bbc-hhl7in e17g058b0\" dir=\"ltr\">Uma revis\u00e3o cient\u00edfica realizada em 2012 em pa\u00edses asi\u00e1ticos mostrou que pa\u00edses que escolheram n\u00e3o colocar fl\u00faor na \u00e1gua fizeram por uma dessas tr\u00eas raz\u00f5es: n\u00edveis naturalmente altos de fl\u00faor (como em algumas partes da \u00cdndia); barreiras t\u00e9cnicas ou financeiras (como no Nepal); ou porque o fl\u00faor era fornecido para as comunidades de outras formas.<\/p>\n<\/div>\n<div class=\"bbc-19j92fr ebmt73l0\" dir=\"ltr\">\n<p class=\"bbc-hhl7in e17g058b0\" dir=\"ltr\">A Tail\u00e2ndia, por exemplo, n\u00e3o adiciona fl\u00faor na \u00e1gua, mas tem um dos maiores programas de fluoreta\u00e7\u00e3o de leite do mundo. O leite, enriquecido com 2,5 mg\/L de fl\u00faor, \u00e9 distribu\u00eddo gratuitamente para mais de um milh\u00e3o de crian\u00e7as, diariamente, em escolas p\u00fablicas. As crian\u00e7as tamb\u00e9m recebem o leite fluoretado durante as f\u00e9rias escolares.<\/p>\n<\/div>\n<div class=\"bbc-19j92fr ebmt73l0\" dir=\"ltr\">\n<p class=\"bbc-hhl7in e17g058b0\" dir=\"ltr\">O programa tailand\u00eas inclui educa\u00e7\u00e3o em sa\u00fade bucal, exames odontol\u00f3gicos de rotina e aplica\u00e7\u00e3o de fl\u00faor \u2014 geralmente feita por um dentista \u2014 diretamente nos dentes, al\u00e9m de sess\u00f5es supervisionadas para escova\u00e7\u00e3o de dente com pastas dentais fluoretadas.<\/p>\n<\/div>\n<div class=\"bbc-19j92fr ebmt73l0\" dir=\"ltr\">\n<p class=\"bbc-hhl7in e17g058b0\" dir=\"ltr\">Um estudo mostrou que, com um custo de apenas US$ 0,40 (cerca de R$ 2,20 na convers\u00e3o atual) por crian\u00e7a ao ano, essa abordagem reduziu em mais de um ter\u00e7o a preval\u00eancia de c\u00e1ries.<\/p>\n<\/div>\n<div class=\"bbc-19j92fr ebmt73l0\" dir=\"ltr\">\n<h2 id=\"Fl\u00faor-no-leite-e-no-sal\" class=\"bbc-1lgzob2 eglt09e0\" tabindex=\"-1\">Fl\u00faor no leite e no sal<\/h2>\n<\/div>\n<div class=\"bbc-19j92fr ebmt73l0\" dir=\"ltr\">\n<p class=\"bbc-hhl7in e17g058b0\" dir=\"ltr\">Depois da \u00e1gua fluoretada, a adi\u00e7\u00e3o de fl\u00faor ao sal \u00e9 a segunda forma mais comum encontrada pelos pa\u00edses para fornecer o mineral \u00e0 popula\u00e7\u00e3o, segundo a revis\u00e3o de 2018.<\/p>\n<\/div>\n<div class=\"bbc-19j92fr ebmt73l0\" dir=\"ltr\">\n<p class=\"bbc-hhl7in e17g058b0\" dir=\"ltr\">O primeiro pa\u00eds a colocar fl\u00faor no sal foi a Su\u00ed\u00e7a, em 1955.<\/p>\n<\/div>\n<div class=\"bbc-19j92fr ebmt73l0\" dir=\"ltr\">\n<p class=\"bbc-hhl7in e17g058b0\" dir=\"ltr\">Assim como o leite, o sal fluoretado tamb\u00e9m \u00e9 eficaz na redu\u00e7\u00e3o de c\u00e1ries dent\u00e1rias, mas menos eficiente do que a \u00e1gua. Em m\u00e9dia, o sal fluoretado cont\u00e9m cerca de 0,5 a 0,75 mg de fl\u00faor por dia na ingest\u00e3o de uma pessoa, enquanto adultos precisam de cerca de 3 mg diariamente.<\/p>\n<\/div>\n<div class=\"bbc-19j92fr ebmt73l0\" dir=\"ltr\">\n<p class=\"bbc-hhl7in e17g058b0\" dir=\"ltr\">Zohoori diz que o sal pode n\u00e3o ser a melhor op\u00e7\u00e3o de todas. &#8220;Como nutricionista, eu n\u00e3o quero incentivar o consumo de sal&#8221;, diz. &#8220;Para mim, a \u00e1gua fluoretada \u00e9 o melhor m\u00e9todo.&#8221;<\/p>\n<div class=\"bbc-19j92fr ebmt73l0\" dir=\"ltr\">\n<p class=\"bbc-hhl7in e17g058b0\" dir=\"ltr\">O acesso a servi\u00e7os odontol\u00f3gicos tamb\u00e9m pode influenciar a decis\u00e3o de um pa\u00eds para colocar fl\u00faor na \u00e1gua. Um estudo de 2015 encontrou disparidades enormes no acesso \u00e0 sa\u00fade bucal entre os Estados Unidos e alguns pa\u00edses da Europa.<\/p>\n<\/div>\n<div class=\"bbc-19j92fr ebmt73l0\" dir=\"ltr\">\n<p class=\"bbc-hhl7in e17g058b0\" dir=\"ltr\">Em cinco dos 10 pa\u00edses europeus pesquisados, mais de 75% dos participantes disse ter cobertura odontol\u00f3gica. Isso incluiu 98% na Alemanha, 96% na Rep\u00fablica Tcheca e 92% na Dinamarca.<\/p>\n<\/div>\n<div class=\"bbc-19j92fr ebmt73l0\" dir=\"ltr\">\n<p class=\"bbc-hhl7in e17g058b0\" dir=\"ltr\">Nos Estados Unidos, apenas 48% disse ter cobertura para esse tipo de tratamento.<\/p>\n<\/div>\n<div class=\"bbc-19j92fr ebmt73l0\" dir=\"ltr\">\n<p class=\"bbc-hhl7in e17g058b0\" dir=\"ltr\">Ainda assim, Zohoori alerta que \u00e9 preciso cautela ao olhar para os n\u00edveis relativamente baixos de fluoreta\u00e7\u00e3o de \u00e1gua na Europa e us\u00e1-los como um motivo para interromper a pr\u00e1tica em outros lugares. Segundo ela, a Europa n\u00e3o tem um hist\u00f3rico bom em sa\u00fade bucal.<\/p>\n<\/div>\n<div class=\"bbc-19j92fr ebmt73l0\" dir=\"ltr\">\n<p class=\"bbc-hhl7in e17g058b0\" dir=\"ltr\">Um relat\u00f3rio da OMS de 2023 mostrou que a Europa tem a maior taxa de preval\u00eancia de doen\u00e7as bucais graves do mundo, incluindo c\u00e1ries permanentes nos dentes. Mais de um em tr\u00eas adultos t\u00eam c\u00e1ries.<\/p>\n<\/div>\n<div class=\"bbc-19j92fr ebmt73l0\" dir=\"ltr\">\n<p class=\"bbc-hhl7in e17g058b0\" dir=\"ltr\">&#8220;Entre os 28 pa\u00edses da Uni\u00e3o Europeia, o custo para tratamento de c\u00e1ries \u00e9 mais alto do que para doen\u00e7as como Alzheimer, c\u00e2ncer ou AVC&#8221;, diz Zohoori.<\/p>\n<\/div>\n<div class=\"bbc-19j92fr ebmt73l0\" dir=\"ltr\">\n<p class=\"bbc-hhl7in e17g058b0\" dir=\"ltr\">&#8220;As c\u00e1ries s\u00e3o o terceiro problema de sa\u00fade mais oneroso no geral, atr\u00e1s apenas de diabetes e doen\u00e7as cardiovasculares.&#8221;<\/p>\n<\/div>\n<div class=\"bbc-19j92fr ebmt73l0\" dir=\"ltr\">\n<h2 id=\"O-caso-do-Jap\u00e3o\" class=\"bbc-1lgzob2 eglt09e0\" tabindex=\"-1\">O caso do Jap\u00e3o<\/h2>\n<\/div>\n<div class=\"bbc-19j92fr ebmt73l0\" dir=\"ltr\">\n<p class=\"bbc-hhl7in e17g058b0\" dir=\"ltr\">No Jap\u00e3o, a \u00e1gua pot\u00e1vel n\u00e3o \u00e9 artificialmente fluoretada, mas o mineral \u00e9 distribu\u00eddo ao p\u00fablico de outras formas, como em bochechos com fl\u00faor em escolas de v\u00e1rias prefeituras.<\/p>\n<\/div>\n<div class=\"bbc-19j92fr ebmt73l0\" dir=\"ltr\">\n<p class=\"bbc-hhl7in e17g058b0\" dir=\"ltr\">Alguns pesquisadores defendem que o Jap\u00e3o deveria considerar mudar sua pol\u00edtica de fluoreta\u00e7\u00e3o da \u00e1gua pot\u00e1vel.<\/p>\n<\/div>\n<div class=\"bbc-19j92fr ebmt73l0\" dir=\"ltr\">\n<p class=\"bbc-hhl7in e17g058b0\" dir=\"ltr\">Um estudo de 2023 com cerca de 35 mil crian\u00e7as, entre 5 anos e meio e 12 anos, revelou que quatro a cada dez crian\u00e7as de 7 anos tinham feito tratamento dent\u00e1rio por causa de c\u00e1ries apenas no ano anterior. Isso representa uma propor\u00e7\u00e3o alta, considerando que, em m\u00e9dia, as crian\u00e7as no Jap\u00e3o\u00a0consomem menos a\u00e7\u00facar e menos doces do que nos pa\u00edses europeus.<\/p>\n<\/div>\n<div class=\"bbc-19j92fr ebmt73l0\" dir=\"ltr\">\n<p class=\"bbc-hhl7in e17g058b0\" dir=\"ltr\">Os pesquisadores tamb\u00e9m descobriram que as crian\u00e7as no Jap\u00e3o, que vivem em \u00e1reas com n\u00edveis mais altos de fl\u00faor natural, tinham menos c\u00e1ries. Cada aumento de 0,1 parte por milh\u00e3o na concentra\u00e7\u00e3o de fl\u00faor estava associado a uma redu\u00e7\u00e3o de cerca de 3,3% na preval\u00eancia de c\u00e1ries.<\/p>\n<\/div>\n<div class=\"bbc-19j92fr ebmt73l0\" dir=\"ltr\">\n<p class=\"bbc-hhl7in e17g058b0\" dir=\"ltr\">&#8220;Esses resultados sugerem a possibilidade de reduzir c\u00e1ries por meio da utiliza\u00e7\u00e3o do fl\u00faor em n\u00edvel populacional no Jap\u00e3o&#8221;, escreveram os autores do estudo.<\/p>\n<\/div>\n<div class=\"bbc-19j92fr ebmt73l0\" dir=\"ltr\">\n<p class=\"bbc-hhl7in e17g058b0\" dir=\"ltr\">Enquanto alguns pa\u00edses, como os Estados Unidos, discutem remover o fl\u00faor da \u00e1gua, outras regi\u00f5es j\u00e1 tomaram essa decis\u00e3o e depois a reverteram.<\/p>\n<\/div>\n<div class=\"bbc-19j92fr ebmt73l0\" dir=\"ltr\">\n<p class=\"bbc-hhl7in e17g058b0\" dir=\"ltr\">Um exemplo conhecido \u00e9 de Calgary, no Canad\u00e1, que parou de colocar fl\u00faor na \u00e1gua em 2011 \u2014 e, ap\u00f3s ver um aumento nos casos de c\u00e1ries dent\u00e1rias, decidiu restabelecer a fluoreta\u00e7\u00e3o no in\u00edcio deste ano.<\/p>\n<\/div>\n<div class=\"bbc-19j92fr ebmt73l0\" dir=\"ltr\">\n<p class=\"bbc-hhl7in e17g058b0\" dir=\"ltr\">&#8220;No fim das contas, se o fl\u00faor for removido da \u00e1gua, isso ser\u00e1 mais uma desigualdade na sa\u00fade. Ser\u00e3o as comunidades mais vulner\u00e1veis que sentir\u00e3o esses efeitos de forma desproporcional&#8221;, afirma Sweeney.<\/p>\n<p>Fonte: BBC News Brasil<br \/>\nhttps:\/\/www.bbc.com\/portuguese\/articles\/cgr5lrvr94wo<\/p>\n<\/div>\n<\/div>\n<\/div>\n<\/div>\n<\/div>\n<\/div>\n<\/div>\n<\/div>\n","protected":false},"excerpt":{"rendered":"<p>Desde que os cientistas descobriram que pessoas que viviam em locais com n\u00edveis mais altos de fl\u00faor na \u00e1gua tinham taxas menores de c\u00e1rie dent\u00e1ria, alguns pa\u00edses passaram a adicionar o fl\u00faor \u00e0\u00a0\u00e1gua pot\u00e1vel\u00a0como uma forma de melhorar a sa\u00fade bucal. No Brasil, a adi\u00e7\u00e3o de fl\u00faor \u00e0 \u00e1gua tratada \u00e9 obrigat\u00f3ria por lei desde [&hellip;]<\/p>\n","protected":false},"author":1,"featured_media":1882,"comment_status":"open","ping_status":"open","sticky":false,"template":"","format":"standard","meta":[],"categories":[3],"tags":[],"_links":{"self":[{"href":"http:\/\/servicenterblog.institucional.ws\/index.php?rest_route=\/wp\/v2\/posts\/1881"}],"collection":[{"href":"http:\/\/servicenterblog.institucional.ws\/index.php?rest_route=\/wp\/v2\/posts"}],"about":[{"href":"http:\/\/servicenterblog.institucional.ws\/index.php?rest_route=\/wp\/v2\/types\/post"}],"author":[{"embeddable":true,"href":"http:\/\/servicenterblog.institucional.ws\/index.php?rest_route=\/wp\/v2\/users\/1"}],"replies":[{"embeddable":true,"href":"http:\/\/servicenterblog.institucional.ws\/index.php?rest_route=%2Fwp%2Fv2%2Fcomments&post=1881"}],"version-history":[{"count":1,"href":"http:\/\/servicenterblog.institucional.ws\/index.php?rest_route=\/wp\/v2\/posts\/1881\/revisions"}],"predecessor-version":[{"id":1883,"href":"http:\/\/servicenterblog.institucional.ws\/index.php?rest_route=\/wp\/v2\/posts\/1881\/revisions\/1883"}],"wp:featuredmedia":[{"embeddable":true,"href":"http:\/\/servicenterblog.institucional.ws\/index.php?rest_route=\/wp\/v2\/media\/1882"}],"wp:attachment":[{"href":"http:\/\/servicenterblog.institucional.ws\/index.php?rest_route=%2Fwp%2Fv2%2Fmedia&parent=1881"}],"wp:term":[{"taxonomy":"category","embeddable":true,"href":"http:\/\/servicenterblog.institucional.ws\/index.php?rest_route=%2Fwp%2Fv2%2Fcategories&post=1881"},{"taxonomy":"post_tag","embeddable":true,"href":"http:\/\/servicenterblog.institucional.ws\/index.php?rest_route=%2Fwp%2Fv2%2Ftags&post=1881"}],"curies":[{"name":"wp","href":"https:\/\/api.w.org\/{rel}","templated":true}]}}