{"id":1858,"date":"2025-05-28T19:22:01","date_gmt":"2025-05-28T22:22:01","guid":{"rendered":"http:\/\/servicenterblog.institucional.ws\/?p=1858"},"modified":"2025-05-28T19:22:01","modified_gmt":"2025-05-28T22:22:01","slug":"28-de-maio-dia-internacional-de-luta-pela-saude-da-mulher-2","status":"publish","type":"post","link":"http:\/\/servicenterblog.institucional.ws\/?p=1858","title":{"rendered":"28 de Maio \u2013 Dia Internacional de Luta pela Sa\u00fade da Mulher"},"content":{"rendered":"<p data-start=\"284\" data-end=\"492\">Criada em 1984 pela Rede de Sa\u00fade das Mulheres Latino-Americanas e do Caribe, essa data chama a aten\u00e7\u00e3o para os desafios enfrentados pelas mulheres no acesso a uma sa\u00fade de qualidade, integral e humanizada.<\/p>\n<p data-start=\"494\" data-end=\"678\">A proposta \u00e9 clara: combater desigualdades, ampliar o acesso \u00e0 informa\u00e7\u00e3o e garantir que <strong data-start=\"583\" data-end=\"675\">a sa\u00fade da mulher seja uma prioridade em todas as pol\u00edticas p\u00fablicas e pr\u00e1ticas cl\u00ednicas<\/strong>.<\/p>\n<p data-start=\"680\" data-end=\"721\">&#x1f539; <strong data-start=\"683\" data-end=\"719\">O que envolve a sa\u00fade da mulher?<\/strong><\/p>\n<ul data-start=\"722\" data-end=\"943\">\n<li data-start=\"722\" data-end=\"752\">\n<p data-start=\"724\" data-end=\"752\">Sa\u00fade reprodutiva e sexual<\/p>\n<\/li>\n<li data-start=\"753\" data-end=\"781\">\n<p data-start=\"755\" data-end=\"781\">Sa\u00fade mental e emocional<\/p>\n<\/li>\n<li data-start=\"782\" data-end=\"835\">\n<p data-start=\"784\" data-end=\"835\">Preven\u00e7\u00e3o ao c\u00e2ncer (mama, colo do \u00fatero, ov\u00e1rio)<\/p>\n<\/li>\n<li data-start=\"836\" data-end=\"874\">\n<p data-start=\"838\" data-end=\"874\">Cuidados hormonais e ginecol\u00f3gicos<\/p>\n<\/li>\n<li data-start=\"875\" data-end=\"943\">\n<p data-start=\"877\" data-end=\"943\">Aten\u00e7\u00e3o ao cora\u00e7\u00e3o, metabolismo, ossos e envelhecimento saud\u00e1vel<\/p>\n<\/li>\n<\/ul>\n<p data-start=\"945\" data-end=\"1031\">&#x1f4cc; A\u00e7\u00f5es de preven\u00e7\u00e3o, exames regulares e escuta qualificada fazem toda a diferen\u00e7a.<\/p>\n<p data-start=\"1033\" data-end=\"1159\">Neste dia, refor\u00e7amos a import\u00e2ncia da <strong data-start=\"1072\" data-end=\"1157\">medicina que enxerga a mulher em sua totalidade \u2014 corpo, mente e contexto social.<\/strong><\/p>\n","protected":false},"excerpt":{"rendered":"<p>Criada em 1984 pela Rede de Sa\u00fade das Mulheres Latino-Americanas e do Caribe, essa data chama a aten\u00e7\u00e3o para os desafios enfrentados pelas mulheres no acesso a uma sa\u00fade de qualidade, integral e humanizada. A proposta \u00e9 clara: combater desigualdades, ampliar o acesso \u00e0 informa\u00e7\u00e3o e garantir que a sa\u00fade da mulher seja uma prioridade [&hellip;]<\/p>\n","protected":false},"author":1,"featured_media":1859,"comment_status":"open","ping_status":"open","sticky":false,"template":"","format":"standard","meta":[],"categories":[1],"tags":[81,11],"_links":{"self":[{"href":"http:\/\/servicenterblog.institucional.ws\/index.php?rest_route=\/wp\/v2\/posts\/1858"}],"collection":[{"href":"http:\/\/servicenterblog.institucional.ws\/index.php?rest_route=\/wp\/v2\/posts"}],"about":[{"href":"http:\/\/servicenterblog.institucional.ws\/index.php?rest_route=\/wp\/v2\/types\/post"}],"author":[{"embeddable":true,"href":"http:\/\/servicenterblog.institucional.ws\/index.php?rest_route=\/wp\/v2\/users\/1"}],"replies":[{"embeddable":true,"href":"http:\/\/servicenterblog.institucional.ws\/index.php?rest_route=%2Fwp%2Fv2%2Fcomments&post=1858"}],"version-history":[{"count":1,"href":"http:\/\/servicenterblog.institucional.ws\/index.php?rest_route=\/wp\/v2\/posts\/1858\/revisions"}],"predecessor-version":[{"id":1860,"href":"http:\/\/servicenterblog.institucional.ws\/index.php?rest_route=\/wp\/v2\/posts\/1858\/revisions\/1860"}],"wp:featuredmedia":[{"embeddable":true,"href":"http:\/\/servicenterblog.institucional.ws\/index.php?rest_route=\/wp\/v2\/media\/1859"}],"wp:attachment":[{"href":"http:\/\/servicenterblog.institucional.ws\/index.php?rest_route=%2Fwp%2Fv2%2Fmedia&parent=1858"}],"wp:term":[{"taxonomy":"category","embeddable":true,"href":"http:\/\/servicenterblog.institucional.ws\/index.php?rest_route=%2Fwp%2Fv2%2Fcategories&post=1858"},{"taxonomy":"post_tag","embeddable":true,"href":"http:\/\/servicenterblog.institucional.ws\/index.php?rest_route=%2Fwp%2Fv2%2Ftags&post=1858"}],"curies":[{"name":"wp","href":"https:\/\/api.w.org\/{rel}","templated":true}]}}