{"id":1851,"date":"2025-04-28T11:22:57","date_gmt":"2025-04-28T14:22:57","guid":{"rendered":"http:\/\/servicenterblog.institucional.ws\/?p=1851"},"modified":"2025-04-28T11:22:57","modified_gmt":"2025-04-28T14:22:57","slug":"gene-envolvido-no-cancer-de-pulmao-e-descoberto-por-novo-estudo","status":"publish","type":"post","link":"http:\/\/servicenterblog.institucional.ws\/?p=1851","title":{"rendered":"Gene envolvido no c\u00e2ncer de pulm\u00e3o \u00e9 descoberto por novo estudo"},"content":{"rendered":"<p>Um estudo recente, envolvendo pesquisadores brasileiros, identificou um gene que pode estar envolvido no surgimento, progress\u00e3o e progn\u00f3stico do adenocarcinoma pulmonar, o tipo mais comum de c\u00e2ncer de pulm\u00e3o. A descoberta pode contribuir para a detec\u00e7\u00e3o precoce da doen\u00e7a, al\u00e9m de auxiliar no desenvolvimento de novos tratamentos.<\/p>\n<div id=\"mid2\" class=\"custom__ad__element\" data-google-query-id=\"CKDgmJz2-owDFcKDYQYdNtUoOQ\">O\u00a0trabalho, publicado em janeiro na revista cient\u00edfica Translational Lung Cancer Research, utilizou dados de express\u00e3o g\u00eanica e informa\u00e7\u00f5es cl\u00ednicas de pacientes com adenocarcinoma pulmonar obtidos de bancos de dados. Esses indiv\u00edduos foram divididos em dois grupos de acordo com a express\u00e3o do gene GNGT-1 e, em seguida, foram realizadas an\u00e1lises sobre a sobreviv\u00eancia geral dos pacientes e a express\u00e3o e os mecanismos de a\u00e7\u00e3o desse gene.<\/div>\n<div data-google-query-id=\"CKDgmJz2-owDFcKDYQYdNtUoOQ\"><\/div>\n<div data-google-query-id=\"CKDgmJz2-owDFcKDYQYdNtUoOQ\">\n<p>Al\u00e9m disso, a express\u00e3o e a fun\u00e7\u00e3o do GNGT-1 no adenocarcinoma pulmonar foram verificadas por meio de testes com tecidos de pacientes e camundongos transg\u00eanicos capazes de superexpressar GNGT-1.<\/p>\n<p>\u201cA partir dessas an\u00e1lises, descobrimos que o gene GNGT-1 remodela o ambiente tumoral, gerando condi\u00e7\u00f5es que promovem a progress\u00e3o acelerada do adenocarcinoma pulmonar\u201d, explica Ramon Andrade de Mello, vice-presidente da Sociedade Brasileira de Cancerologia e um dos autores do estudo, \u00e0\u00a0<strong>CNN<\/strong>.<\/p>\n<p>Segundo o especialista, o estudo introduz um novo biomarcador para a detec\u00e7\u00e3o precoce desse tipo de\u00a0c\u00e2ncer de pulm\u00e3o. \u201cO GNGT-1 est\u00e1 significantemente relacionado \u00e0 progress\u00e3o e ao progn\u00f3stico desse tipo de c\u00e2ncer de pulm\u00e3o, implicando que a hiperexpress\u00e3o desse gene constitui um evento direcionador precoce da patog\u00eanese da doen\u00e7a. Ent\u00e3o, o GNGT-1 \u00e9 um marcador estrat\u00e9gico para o diagn\u00f3stico precoce do c\u00e2ncer, o que aumenta as chances de sucesso do tratamento\u201d, pontua o oncologista.<\/p>\n<p>Al\u00e9m disso, a descoberta do mecanismo de a\u00e7\u00e3o do gene GNGT-1 no desenvolvimento do adenocarcinoma pulmonar possibilita a investiga\u00e7\u00e3o do tumor em modelos animais.<\/p>\n<p>\u201cE, tendo em vista que esse gene est\u00e1 envolvido na forma\u00e7\u00e3o do adenocarcinoma pulmonar, o estudo tamb\u00e9m oferece uma fundamenta\u00e7\u00e3o te\u00f3rica para o desenvolvimento de agentes farmacol\u00f3gicos que bloqueiam o gene e suas vias celulares, assim contribuindo para o tratamento da doen\u00e7a e para o aumento da sobrevida dos pacientes\u201d, afirma Mello.<\/p>\n<p>\u201cO mecanismo espec\u00edfico direto desse oncogene sobre as c\u00e9lulas tumorais ainda precisa ser mais estudado, mas esse \u00e9 um grande passo no entendimento de um potencial elemento-chave para bloquear o crescimento de c\u00e9lulas cancer\u00edgenas pulmonares\u201d, finaliza o oncologista.<\/p>\n<h3>O que \u00e9 adenocarcinoma pulmonar?<\/h3>\n<p>De acordo com Mello, o adenocarcinoma pulmonar \u00e9 um\u00a0c\u00e2ncer\u00a0que se origina nos alv\u00e9olos e tem alta chance de met\u00e1stase, al\u00e9m de ser uma das principais causas de mortalidade relacionadas ao c\u00e2ncer. Esse \u00e9 o tipo mais comum de c\u00e2ncer de pulm\u00e3o, tendo forte associa\u00e7\u00e3o com o tabagismo, apesar de ser o subtipo mais diagnosticado em pessoas que nunca fumaram.<\/p>\n<p>Outros fatores de risco associados ao tumor incluem hist\u00f3rico familiar de c\u00e2ncer de pulm\u00e3o ou exposi\u00e7\u00e3o ocupacional a agentes qu\u00edmicos, como s\u00edlica, amianto, rad\u00f4nio, metais pesados \u200b\u200be fuma\u00e7a de diesel. Al\u00e9m disso, muta\u00e7\u00f5es gen\u00e9ticas est\u00e3o relacionadas a 52% dos casos desse tipo de c\u00e2ncer.<\/p>\n<p>\u201cHoje, mesmo com os avan\u00e7os nos tratamentos, o diagn\u00f3stico precoce e o tratamento da doen\u00e7a ainda s\u00e3o desafios. Para se ter uma ideia, a sobrevida de pacientes com esse tipo de c\u00e2ncer \u00e9 de cinco anos, o que \u00e9 insatisfat\u00f3rio\u201d, detalha Mello.<\/p>\n<p>O tratamento do adenocarcinoma pode incluir cirurgia, radioterapia,\u00a0quimioterapia, imunoterapia e hormonioterapia.<\/p>\n<p>Fonte: CNN Brasil<\/p>\n<blockquote class=\"wp-embedded-content\" data-secret=\"Fji4D863jq\"><p><a href=\"https:\/\/www.cnnbrasil.com.br\/saude\/gene-envolvido-no-cancer-de-pulmao-e-descoberto-por-novo-estudo\/\">Gene envolvido no c\u00e2ncer de pulm\u00e3o \u00e9 descoberto por novo estudo<\/a><\/p><\/blockquote>\n<p><iframe class=\"wp-embedded-content\" sandbox=\"allow-scripts\" security=\"restricted\" style=\"position: absolute; clip: rect(1px, 1px, 1px, 1px);\" title=\"&#8220;Gene envolvido no c\u00e2ncer de pulm\u00e3o \u00e9 descoberto por novo estudo&#8221; &#8212; CNN Brasil\" src=\"https:\/\/www.cnnbrasil.com.br\/saude\/gene-envolvido-no-cancer-de-pulmao-e-descoberto-por-novo-estudo\/embed\/#?secret=vskGhOiymR#?secret=Fji4D863jq\" data-secret=\"Fji4D863jq\" width=\"600\" height=\"338\" frameborder=\"0\" marginwidth=\"0\" marginheight=\"0\" scrolling=\"no\"><\/iframe><\/p>\n<div id=\"middle_4\" class=\"custom__ad__element\" data-google-query-id=\"CKbmkK32-owDFc6DYQYdJiMWPA\"><\/div>\n<\/div>\n","protected":false},"excerpt":{"rendered":"<p>Um estudo recente, envolvendo pesquisadores brasileiros, identificou um gene que pode estar envolvido no surgimento, progress\u00e3o e progn\u00f3stico do adenocarcinoma pulmonar, o tipo mais comum de c\u00e2ncer de pulm\u00e3o. A descoberta pode contribuir para a detec\u00e7\u00e3o precoce da doen\u00e7a, al\u00e9m de auxiliar no desenvolvimento de novos tratamentos. O\u00a0trabalho, publicado em janeiro na revista cient\u00edfica Translational [&hellip;]<\/p>\n","protected":false},"author":1,"featured_media":1852,"comment_status":"open","ping_status":"open","sticky":false,"template":"","format":"standard","meta":[],"categories":[3],"tags":[153,152,59,11],"_links":{"self":[{"href":"http:\/\/servicenterblog.institucional.ws\/index.php?rest_route=\/wp\/v2\/posts\/1851"}],"collection":[{"href":"http:\/\/servicenterblog.institucional.ws\/index.php?rest_route=\/wp\/v2\/posts"}],"about":[{"href":"http:\/\/servicenterblog.institucional.ws\/index.php?rest_route=\/wp\/v2\/types\/post"}],"author":[{"embeddable":true,"href":"http:\/\/servicenterblog.institucional.ws\/index.php?rest_route=\/wp\/v2\/users\/1"}],"replies":[{"embeddable":true,"href":"http:\/\/servicenterblog.institucional.ws\/index.php?rest_route=%2Fwp%2Fv2%2Fcomments&post=1851"}],"version-history":[{"count":1,"href":"http:\/\/servicenterblog.institucional.ws\/index.php?rest_route=\/wp\/v2\/posts\/1851\/revisions"}],"predecessor-version":[{"id":1853,"href":"http:\/\/servicenterblog.institucional.ws\/index.php?rest_route=\/wp\/v2\/posts\/1851\/revisions\/1853"}],"wp:featuredmedia":[{"embeddable":true,"href":"http:\/\/servicenterblog.institucional.ws\/index.php?rest_route=\/wp\/v2\/media\/1852"}],"wp:attachment":[{"href":"http:\/\/servicenterblog.institucional.ws\/index.php?rest_route=%2Fwp%2Fv2%2Fmedia&parent=1851"}],"wp:term":[{"taxonomy":"category","embeddable":true,"href":"http:\/\/servicenterblog.institucional.ws\/index.php?rest_route=%2Fwp%2Fv2%2Fcategories&post=1851"},{"taxonomy":"post_tag","embeddable":true,"href":"http:\/\/servicenterblog.institucional.ws\/index.php?rest_route=%2Fwp%2Fv2%2Ftags&post=1851"}],"curies":[{"name":"wp","href":"https:\/\/api.w.org\/{rel}","templated":true}]}}