{"id":185,"date":"2018-02-05T16:50:41","date_gmt":"2018-02-05T18:50:41","guid":{"rendered":"http:\/\/servicentermedic1.hospedagemdesites.ws\/blog\/?p=185"},"modified":"2018-02-05T16:50:41","modified_gmt":"2018-02-05T18:50:41","slug":"dia-nacional-da-mamografia-5-de-fevereiro","status":"publish","type":"post","link":"http:\/\/servicenterblog.institucional.ws\/?p=185","title":{"rendered":"Dia Nacional da Mamografia &#8211; 5 de fevereiro"},"content":{"rendered":"<h4 class=\"article-title\"><strong>Mamografia para c\u00e2ncer de mama: o que \u00e9 e quando fazer esse exame<\/strong><\/p>\n<p>O teste \u00e9 r\u00e1pido e detecta os tumores no seio, mas n\u00e3o deve ser feito pelas mulheres a qualquer momento. A partir de quantos anos ele \u00e9 indicado?<\/h4>\n<p>Usada para diagnosticar o\u00a0<a href=\"https:\/\/saude.abril.com.br\/tudo-sobre\/cancer-de-mama\"><strong>c\u00e2ncer de mama<\/strong><\/a>, a\u00a0<a href=\"https:\/\/saude.abril.com.br\/tudo-sobre\/mamografia\"><strong>mamografia<\/strong>\u00a0<\/a>\u00e9 um exame n\u00e3o invasivo que captura imagens do seio feminino com o mam\u00f3grafo. Esse \u00e9 um aparelho que usa a mesma radia\u00e7\u00e3o do raio-x tradicional, mas os feixes s\u00e3o projetados levando em conta a anatomia das mamas.<\/p>\n<p><strong>Para que funciona:<\/strong>\u00a0para detectar tumores malignos na mama. Mas, sozinho, o exame dificilmente bate o martelo.<\/p>\n<p>Geralmente o m\u00e9dico pede uma bi\u00f3psia para confirmar eventuais suspeitas. Outros exames de imagem (mais caros e espec\u00edficos) tamb\u00e9m podem entrar em jogo.<\/p>\n<p><img loading=\"lazy\" class=\"alignnone size-medium wp-image-186\" src=\"http:\/\/servicentermedic1.hospedagemdesites.ws\/blog\/wp-content\/uploads\/2018\/02\/Captura-de-Tela-2018-02-05-a\u0300s-17.03.57-300x214.png\" alt=\"\" width=\"300\" height=\"214\" srcset=\"http:\/\/servicenterblog.institucional.ws\/wp-content\/uploads\/2018\/02\/Captura-de-Tela-2018-02-05-a\u0300s-17.03.57-300x214.png 300w, http:\/\/servicenterblog.institucional.ws\/wp-content\/uploads\/2018\/02\/Captura-de-Tela-2018-02-05-a\u0300s-17.03.57.png 648w\" sizes=\"(max-width: 300px) 100vw, 300px\" \/><\/p>\n<p><strong>Como \u00e9 feito:<\/strong>\u00a0o mam\u00f3grafo \u00e9 composto de duas placas que se encontram e pressionam o seio por poucos segundos para fazer as imagens, que saem registradas em uma chapa. O resultado fica parecido com o do raio-x convencional \u2013 por\u00e9m, claro, com os seios em foco.<\/p>\n<p>Nenhum preparo \u00e9 necess\u00e1rio, exceto n\u00e3o ir de vestido. Isso porque a parte de cima da roupa ter\u00e1 que ser removida temporariamente para o exame.<\/p>\n<p><strong>Os resultados da mamografia:<\/strong>\u00a0o mastologista, m\u00e9dico que cuida das gl\u00e2ndulas mam\u00e1rias, usa uma escala chamada BI-RADS para interpretar os achados nas imagens. S\u00e3o sete categorias, que v\u00e3o de normal a tumor maligno ou benigno. O laudo pode vir ainda como inconclusivo, quando \u00e9 preciso realizar novas investiga\u00e7\u00f5es.<\/p>\n<p><strong>A partir de quantos anos fazer:<\/strong>\u00a0\u00e9 o ponto mais pol\u00eamico da mamografia. Alguns doutores costumam pedi-la dos 40 anos de idade em diante para todas as mulheres, anualmente. Tal postura \u00e9 apoiada pela\u00a0<a href=\"http:\/\/www.sbmastologia.com.br\/\" target=\"_blank\" rel=\"noopener\">Sociedade Brasileira de Mastologia (SBM)<\/a>\u00a0e pela\u00a0<a href=\"https:\/\/www.febrasgo.org.br\/\" target=\"_blank\" rel=\"noopener\">Federa\u00e7\u00e3o Brasileira das Associa\u00e7\u00f5es de Ginecologia e Obstetr\u00edcia (Febrasgo)<\/a>.<\/p>\n<p>J\u00e1 o governo dos Estados Unidos sugere come\u00e7ar aos 45 anos. E o\u00a0<a href=\"http:\/\/www2.inca.gov.br\/wps\/wcm\/connect\/inca\/portal\/home\" target=\"_blank\" rel=\"noopener\">Instituto Nacional de C\u00e2ncer (Inca)<\/a>\u00a0recomenda o rastreamento somente entre os 50 e os 69 anos, com mamografias a cada dois anos caso n\u00e3o haja nenhuma altera\u00e7\u00e3o.<\/p>\n<p>A institui\u00e7\u00e3o alerta para o risco de sobrediagn\u00f3stico e resultados falso-positivo (quando o teste acusa uma altera\u00e7\u00e3o que n\u00e3o existe). Esses pontos podem levar a cirurgias e tratamentos desnecess\u00e1rios.<\/p>\n<p>Diante dessas controv\u00e9rsias, o ideal \u00e9 conversar com um profissional. A partir da sua hist\u00f3ria familiar e de outras caracter\u00edsticas pessoais, ele vai tra\u00e7ar a estrat\u00e9gia de rastreamento mais eficaz para voc\u00ea.<\/p>\n<p><strong>Cuidados e contraindica\u00e7\u00f5es:<\/strong>\u00a0correu nas redes sociais um v\u00eddeo afirmando que\u00a0<a href=\"https:\/\/saude.abril.com.br\/medicina\/mamografia-nao-causa-cancer-de-tireoide\/\">a mamografia causa c\u00e2ncer de tireoide<\/a>. Trata-se de um mito: ela \u00e9 segura e necess\u00e1ria. Mas isso n\u00e3o quer dizer que deva ser feita \u00e0 revelia, porque envolve radia\u00e7\u00e3o, ainda que em doses baixas.<\/p>\n<p>Mais: mulheres com peitos maiores e mais densos (principalmente abaixo dos 40 anos), merecem um olhar mais atento. \u00c0s vezes, o tecido mam\u00e1rio dificulta a visualiza\u00e7\u00e3o do mam\u00f3grafo.<\/p>\n<p><em>Fonte:\u00a0Ricardo Luba, ginecologista do\u00a0<a href=\"http:\/\/www.cidadao.sp.gov.br\/servico.php?serv=303658\" target=\"_blank\" rel=\"noopener\">Hospital e Maternidade Leonor Mendes de Barros<\/a>, em S\u00e3o Paulo. (sa\u00fade\/abril)<\/em><\/p>\n","protected":false},"excerpt":{"rendered":"<p>Mamografia para c\u00e2ncer de mama: o que \u00e9 e quando fazer esse exame O teste \u00e9 r\u00e1pido e detecta os tumores no seio, mas n\u00e3o deve ser feito pelas mulheres a qualquer momento. A partir de quantos anos ele \u00e9 indicado? Usada para diagnosticar o\u00a0c\u00e2ncer de mama, a\u00a0mamografia\u00a0\u00e9 um exame n\u00e3o invasivo que captura imagens [&hellip;]<\/p>\n","protected":false},"author":1,"featured_media":187,"comment_status":"open","ping_status":"open","sticky":false,"template":"","format":"standard","meta":[],"categories":[2,3],"tags":[],"_links":{"self":[{"href":"http:\/\/servicenterblog.institucional.ws\/index.php?rest_route=\/wp\/v2\/posts\/185"}],"collection":[{"href":"http:\/\/servicenterblog.institucional.ws\/index.php?rest_route=\/wp\/v2\/posts"}],"about":[{"href":"http:\/\/servicenterblog.institucional.ws\/index.php?rest_route=\/wp\/v2\/types\/post"}],"author":[{"embeddable":true,"href":"http:\/\/servicenterblog.institucional.ws\/index.php?rest_route=\/wp\/v2\/users\/1"}],"replies":[{"embeddable":true,"href":"http:\/\/servicenterblog.institucional.ws\/index.php?rest_route=%2Fwp%2Fv2%2Fcomments&post=185"}],"version-history":[{"count":1,"href":"http:\/\/servicenterblog.institucional.ws\/index.php?rest_route=\/wp\/v2\/posts\/185\/revisions"}],"predecessor-version":[{"id":188,"href":"http:\/\/servicenterblog.institucional.ws\/index.php?rest_route=\/wp\/v2\/posts\/185\/revisions\/188"}],"wp:featuredmedia":[{"embeddable":true,"href":"http:\/\/servicenterblog.institucional.ws\/index.php?rest_route=\/wp\/v2\/media\/187"}],"wp:attachment":[{"href":"http:\/\/servicenterblog.institucional.ws\/index.php?rest_route=%2Fwp%2Fv2%2Fmedia&parent=185"}],"wp:term":[{"taxonomy":"category","embeddable":true,"href":"http:\/\/servicenterblog.institucional.ws\/index.php?rest_route=%2Fwp%2Fv2%2Fcategories&post=185"},{"taxonomy":"post_tag","embeddable":true,"href":"http:\/\/servicenterblog.institucional.ws\/index.php?rest_route=%2Fwp%2Fv2%2Ftags&post=185"}],"curies":[{"name":"wp","href":"https:\/\/api.w.org\/{rel}","templated":true}]}}