{"id":1846,"date":"2025-04-02T11:32:20","date_gmt":"2025-04-02T14:32:20","guid":{"rendered":"http:\/\/servicenterblog.institucional.ws\/?p=1846"},"modified":"2025-04-02T11:32:20","modified_gmt":"2025-04-02T14:32:20","slug":"02-de-abril-dia-mundial-de-conscientizacao-do-autismo","status":"publish","type":"post","link":"http:\/\/servicenterblog.institucional.ws\/?p=1846","title":{"rendered":"02 de abril &#8211; Dia Mundial de Conscientiza\u00e7\u00e3o do Autismo"},"content":{"rendered":"<p class=\"\" data-start=\"0\" data-end=\"237\">&#x1f499; Hoje, no <strong data-start=\"12\" data-end=\"57\">Dia Mundial de Conscientiza\u00e7\u00e3o do Autismo<\/strong>, refor\u00e7amos a import\u00e2ncia da inclus\u00e3o, do respeito e da empatia. Cada pessoa no espectro \u00e9 \u00fanica, com talentos e desafios pr\u00f3prios, e merece um mundo mais acolhedor e acess\u00edvel.<\/p>\n<p class=\"\" data-start=\"239\" data-end=\"313\">Juntos, podemos construir uma sociedade mais consciente e inclusiva! &#x267e;&#xfe0f;&#x2728;<\/p>\n<p class=\"\" data-start=\"315\" data-end=\"380\">#Autismo #Inclus\u00e3o #Respeito #DiaMundialDoAutismo #Sa\u00fadeParaTodos<\/p>\n","protected":false},"excerpt":{"rendered":"<p>&#x1f499; Hoje, no Dia Mundial de Conscientiza\u00e7\u00e3o do Autismo, refor\u00e7amos a import\u00e2ncia da inclus\u00e3o, do respeito e da empatia. Cada pessoa no espectro \u00e9 \u00fanica, com talentos e desafios pr\u00f3prios, e merece um mundo mais acolhedor e acess\u00edvel. Juntos, podemos construir uma sociedade mais consciente e inclusiva! &#x267e;&#xfe0f;&#x2728; #Autismo #Inclus\u00e3o #Respeito #DiaMundialDoAutismo #Sa\u00fadeParaTodos<\/p>\n","protected":false},"author":1,"featured_media":1847,"comment_status":"open","ping_status":"open","sticky":false,"template":"","format":"standard","meta":[],"categories":[2],"tags":[399,418,358,11],"_links":{"self":[{"href":"http:\/\/servicenterblog.institucional.ws\/index.php?rest_route=\/wp\/v2\/posts\/1846"}],"collection":[{"href":"http:\/\/servicenterblog.institucional.ws\/index.php?rest_route=\/wp\/v2\/posts"}],"about":[{"href":"http:\/\/servicenterblog.institucional.ws\/index.php?rest_route=\/wp\/v2\/types\/post"}],"author":[{"embeddable":true,"href":"http:\/\/servicenterblog.institucional.ws\/index.php?rest_route=\/wp\/v2\/users\/1"}],"replies":[{"embeddable":true,"href":"http:\/\/servicenterblog.institucional.ws\/index.php?rest_route=%2Fwp%2Fv2%2Fcomments&post=1846"}],"version-history":[{"count":2,"href":"http:\/\/servicenterblog.institucional.ws\/index.php?rest_route=\/wp\/v2\/posts\/1846\/revisions"}],"predecessor-version":[{"id":1849,"href":"http:\/\/servicenterblog.institucional.ws\/index.php?rest_route=\/wp\/v2\/posts\/1846\/revisions\/1849"}],"wp:featuredmedia":[{"embeddable":true,"href":"http:\/\/servicenterblog.institucional.ws\/index.php?rest_route=\/wp\/v2\/media\/1847"}],"wp:attachment":[{"href":"http:\/\/servicenterblog.institucional.ws\/index.php?rest_route=%2Fwp%2Fv2%2Fmedia&parent=1846"}],"wp:term":[{"taxonomy":"category","embeddable":true,"href":"http:\/\/servicenterblog.institucional.ws\/index.php?rest_route=%2Fwp%2Fv2%2Fcategories&post=1846"},{"taxonomy":"post_tag","embeddable":true,"href":"http:\/\/servicenterblog.institucional.ws\/index.php?rest_route=%2Fwp%2Fv2%2Ftags&post=1846"}],"curies":[{"name":"wp","href":"https:\/\/api.w.org\/{rel}","templated":true}]}}