{"id":1839,"date":"2025-03-26T12:54:05","date_gmt":"2025-03-26T15:54:05","guid":{"rendered":"http:\/\/servicenterblog.institucional.ws\/?p=1839"},"modified":"2025-03-26T12:54:05","modified_gmt":"2025-03-26T15:54:05","slug":"hoje-e-o-dia-mundial-de-conscientizacao-da-epilepsia-purple-day-2025","status":"publish","type":"post","link":"http:\/\/servicenterblog.institucional.ws\/?p=1839","title":{"rendered":"\u00a0Hoje \u00e9 o Dia Mundial de Conscientiza\u00e7\u00e3o da Epilepsia (Purple Day 2025)!\u00a0"},"content":{"rendered":"<p>A epilepsia \u00e9 uma condi\u00e7\u00e3o neurol\u00f3gica cr\u00f4nica que afeta milh\u00f5es de pessoas no mundo, caracterizada\u00a0por descargas el\u00e9tricas anormais no c\u00e9rebro, que resultam em crises epil\u00e9pticas.\u00a0\u00a0Apesar de comum, ainda enfrenta muitos mitos e desinforma\u00e7\u00e3o.<\/p>\n<p>&#8211; Causas: pode ter origem gen\u00e9tica, les\u00f5es cerebrais, infec\u00e7\u00f5es, AVCs ou outras condi\u00e7\u00f5es neurol\u00f3gicas.<\/p>\n<p>&#8211; Diagn\u00f3stico: feito por um neurologista, atrav\u00e9s de exames como EEG e resson\u00e2ncia magn\u00e9tica.<\/p>\n<p>&#8211; Tratamento: em muitos casos, pode ser controlada com medica\u00e7\u00e3o. Para alguns pacientes, cirurgias ou terapias alternativas podem ser indicadas.<\/p>\n<p>&#8211; Preven\u00e7\u00e3o: embora nem todos os casos possam ser evitados, h\u00e1bitos saud\u00e1veis, como evitar traumas na cabe\u00e7a, tratar infec\u00e7\u00f5es e manter uma alimenta\u00e7\u00e3o equilibrada, podem reduzir riscos.<\/p>\n<div><\/div>\n<p><strong>Dicas importantes:<\/strong><\/p>\n<p>-Nunca tente segurar ou conter uma pessoa durante uma crise convulsiva.<br \/>\n-Afaste objetos perigosos e posicione a pessoa de lado para evitar sufocamento.<br \/>\n-Se a crise durar mais de 5 minutos ou a pessoa n\u00e3o recuperar a consci\u00eancia, chame o socorro imediatamente.<\/p>\n<p>A informa\u00e7\u00e3o \u00e9 a melhor forma de combater o preconceito e ajudar quem convive com a epilepsia. Compartilhe essa mensagem e fa\u00e7a parte dessa conscientiza\u00e7\u00e3o!<\/p>\n<p>A Servicenter apoia essa causa!<\/p>\n<div><\/div>\n<p>#PurpleDay2025 #Epilepsia #Conscientiza\u00e7\u00e3o #Sa\u00fadeParaTodos #Informa\u00e7\u00e3oSalvaVidas<\/p>\n","protected":false},"excerpt":{"rendered":"<p>A epilepsia \u00e9 uma condi\u00e7\u00e3o neurol\u00f3gica cr\u00f4nica que afeta milh\u00f5es de pessoas no mundo, caracterizada\u00a0por descargas el\u00e9tricas anormais no c\u00e9rebro, que resultam em crises epil\u00e9pticas.\u00a0\u00a0Apesar de comum, ainda enfrenta muitos mitos e desinforma\u00e7\u00e3o. &#8211; Causas: pode ter origem gen\u00e9tica, les\u00f5es cerebrais, infec\u00e7\u00f5es, AVCs ou outras condi\u00e7\u00f5es neurol\u00f3gicas. &#8211; Diagn\u00f3stico: feito por um neurologista, atrav\u00e9s de [&hellip;]<\/p>\n","protected":false},"author":1,"featured_media":1840,"comment_status":"open","ping_status":"open","sticky":false,"template":"","format":"standard","meta":[],"categories":[2],"tags":[418,259,436,11],"_links":{"self":[{"href":"http:\/\/servicenterblog.institucional.ws\/index.php?rest_route=\/wp\/v2\/posts\/1839"}],"collection":[{"href":"http:\/\/servicenterblog.institucional.ws\/index.php?rest_route=\/wp\/v2\/posts"}],"about":[{"href":"http:\/\/servicenterblog.institucional.ws\/index.php?rest_route=\/wp\/v2\/types\/post"}],"author":[{"embeddable":true,"href":"http:\/\/servicenterblog.institucional.ws\/index.php?rest_route=\/wp\/v2\/users\/1"}],"replies":[{"embeddable":true,"href":"http:\/\/servicenterblog.institucional.ws\/index.php?rest_route=%2Fwp%2Fv2%2Fcomments&post=1839"}],"version-history":[{"count":1,"href":"http:\/\/servicenterblog.institucional.ws\/index.php?rest_route=\/wp\/v2\/posts\/1839\/revisions"}],"predecessor-version":[{"id":1841,"href":"http:\/\/servicenterblog.institucional.ws\/index.php?rest_route=\/wp\/v2\/posts\/1839\/revisions\/1841"}],"wp:featuredmedia":[{"embeddable":true,"href":"http:\/\/servicenterblog.institucional.ws\/index.php?rest_route=\/wp\/v2\/media\/1840"}],"wp:attachment":[{"href":"http:\/\/servicenterblog.institucional.ws\/index.php?rest_route=%2Fwp%2Fv2%2Fmedia&parent=1839"}],"wp:term":[{"taxonomy":"category","embeddable":true,"href":"http:\/\/servicenterblog.institucional.ws\/index.php?rest_route=%2Fwp%2Fv2%2Fcategories&post=1839"},{"taxonomy":"post_tag","embeddable":true,"href":"http:\/\/servicenterblog.institucional.ws\/index.php?rest_route=%2Fwp%2Fv2%2Ftags&post=1839"}],"curies":[{"name":"wp","href":"https:\/\/api.w.org\/{rel}","templated":true}]}}