{"id":1833,"date":"2025-03-21T12:52:17","date_gmt":"2025-03-21T15:52:17","guid":{"rendered":"http:\/\/servicenterblog.institucional.ws\/?p=1833"},"modified":"2025-03-21T12:52:17","modified_gmt":"2025-03-21T15:52:17","slug":"%f0%9f%92%99%f0%9f%92%9b-21-de-marco-dia-internacional-da-sindrome-de-down-%f0%9f%92%99%f0%9f%92%9b","status":"publish","type":"post","link":"http:\/\/servicenterblog.institucional.ws\/?p=1833","title":{"rendered":"&#x1f499;&#x1f49b; 21 de mar\u00e7o \u2013 Dia Internacional da S\u00edndrome de Down &#x1f499;&#x1f49b;"},"content":{"rendered":"<p data-start=\"124\" data-end=\"360\">Hoje celebramos a diversidade, a inclus\u00e3o e a import\u00e2ncia de construir um mundo com mais oportunidades para todos! &#x1f499; A S\u00edndrome de Down n\u00e3o define limites, e cada pessoa tem talentos \u00fanicos que merecem ser reconhecidos e valorizados.<\/p>\n<p data-start=\"362\" data-end=\"594\">Apoiar a inclus\u00e3o \u00e9 mais do que uma causa, \u00e9 um compromisso di\u00e1rio com o respeito, a acessibilidade e a igualdade. Que possamos aprender, crescer e construir juntos uma sociedade onde todas as pessoas tenham espa\u00e7o para brilhar! &#x2728;<\/p>\n<p data-start=\"596\" data-end=\"678\" data-is-last-node=\"\" data-is-only-node=\"\">#DiaInternacionalDaS\u00edndromeDeDown #Inclus\u00e3o #Diversidade #Respeito #S\u00edndromeDeDown<\/p>\n","protected":false},"excerpt":{"rendered":"<p>Hoje celebramos a diversidade, a inclus\u00e3o e a import\u00e2ncia de construir um mundo com mais oportunidades para todos! &#x1f499; A S\u00edndrome de Down n\u00e3o define limites, e cada pessoa tem talentos \u00fanicos que merecem ser reconhecidos e valorizados. Apoiar a inclus\u00e3o \u00e9 mais do que uma causa, \u00e9 um compromisso di\u00e1rio com o respeito, a [&hellip;]<\/p>\n","protected":false},"author":1,"featured_media":1834,"comment_status":"open","ping_status":"open","sticky":false,"template":"","format":"standard","meta":[],"categories":[2],"tags":[],"_links":{"self":[{"href":"http:\/\/servicenterblog.institucional.ws\/index.php?rest_route=\/wp\/v2\/posts\/1833"}],"collection":[{"href":"http:\/\/servicenterblog.institucional.ws\/index.php?rest_route=\/wp\/v2\/posts"}],"about":[{"href":"http:\/\/servicenterblog.institucional.ws\/index.php?rest_route=\/wp\/v2\/types\/post"}],"author":[{"embeddable":true,"href":"http:\/\/servicenterblog.institucional.ws\/index.php?rest_route=\/wp\/v2\/users\/1"}],"replies":[{"embeddable":true,"href":"http:\/\/servicenterblog.institucional.ws\/index.php?rest_route=%2Fwp%2Fv2%2Fcomments&post=1833"}],"version-history":[{"count":1,"href":"http:\/\/servicenterblog.institucional.ws\/index.php?rest_route=\/wp\/v2\/posts\/1833\/revisions"}],"predecessor-version":[{"id":1835,"href":"http:\/\/servicenterblog.institucional.ws\/index.php?rest_route=\/wp\/v2\/posts\/1833\/revisions\/1835"}],"wp:featuredmedia":[{"embeddable":true,"href":"http:\/\/servicenterblog.institucional.ws\/index.php?rest_route=\/wp\/v2\/media\/1834"}],"wp:attachment":[{"href":"http:\/\/servicenterblog.institucional.ws\/index.php?rest_route=%2Fwp%2Fv2%2Fmedia&parent=1833"}],"wp:term":[{"taxonomy":"category","embeddable":true,"href":"http:\/\/servicenterblog.institucional.ws\/index.php?rest_route=%2Fwp%2Fv2%2Fcategories&post=1833"},{"taxonomy":"post_tag","embeddable":true,"href":"http:\/\/servicenterblog.institucional.ws\/index.php?rest_route=%2Fwp%2Fv2%2Ftags&post=1833"}],"curies":[{"name":"wp","href":"https:\/\/api.w.org\/{rel}","templated":true}]}}