{"id":1815,"date":"2025-02-15T16:15:38","date_gmt":"2025-02-15T19:15:38","guid":{"rendered":"http:\/\/servicenterblog.institucional.ws\/?p=1815"},"modified":"2025-02-15T16:15:38","modified_gmt":"2025-02-15T19:15:38","slug":"neste-sabado-e-celebrado-o-dia-internacional-de-luta-contra-o-cancer-infantil","status":"publish","type":"post","link":"http:\/\/servicenterblog.institucional.ws\/?p=1815","title":{"rendered":"Neste s\u00e1bado \u00e9 celebrado o Dia Internacional de Luta contra o C\u00e2ncer Infantil"},"content":{"rendered":"<p>Desde 2002,\u00a0o dia\u00a0<strong>15 de fevereiro<\/strong>\u00a0passou a ter\u00a0um significado muito importante:\u00a0promover o debate e a conscientiza\u00e7\u00e3o sobre o c\u00e2ncer na inf\u00e2ncia e na adolesc\u00eancia. A data foi institu\u00edda pelo\u00a0<i>Childhood\u00a0Cancer International<\/i>\u00a0como o\u00a0<strong>Dia Internacional de Luta contra o C\u00e2ncer Infantil<\/strong>.<\/p>\n<p>Especialistas refor\u00e7am a import\u00e2ncia de reconhecer os sinais da doen\u00e7a e buscar atendimento m\u00e9dico imediato. Segundo o Instituto Nacional de C\u00e2ncer (Inca), cerca de 80% dos casos podem ser curados se diagnosticados precocemente e tratados corretamente.<\/p>\n<p><span data-olk-copy-source=\"MessageBody\">Os pais e respons\u00e1veis devem acompanhar o crescimento da crian\u00e7a com um olhar atento para qualquer sintoma ou rea\u00e7\u00e3o anormal que elas possam apresentar na sa\u00fade. \u00c9 importante ficar alerta em sintomas como palidez, surgimento de hematomas pelo corpo, dores nos ossos, incha\u00e7os ou caro\u00e7os (especialmente os indolores ou aqueles seguidos de febre), perda de peso repentina, v\u00f4mito, tosse persistente, sudorese noturna ou falta de ar. Por isso, \u00e9 fundamental os cuidados com a sa\u00fade desde cedo, com acompanhamento m\u00e9dico em todas as fases da vida.<\/p>\n<p><\/span><\/p>\n","protected":false},"excerpt":{"rendered":"<p>Desde 2002,\u00a0o dia\u00a015 de fevereiro\u00a0passou a ter\u00a0um significado muito importante:\u00a0promover o debate e a conscientiza\u00e7\u00e3o sobre o c\u00e2ncer na inf\u00e2ncia e na adolesc\u00eancia. A data foi institu\u00edda pelo\u00a0Childhood\u00a0Cancer International\u00a0como o\u00a0Dia Internacional de Luta contra o C\u00e2ncer Infantil. Especialistas refor\u00e7am a import\u00e2ncia de reconhecer os sinais da doen\u00e7a e buscar atendimento m\u00e9dico imediato. Segundo o Instituto [&hellip;]<\/p>\n","protected":false},"author":1,"featured_media":1816,"comment_status":"open","ping_status":"open","sticky":false,"template":"","format":"standard","meta":[],"categories":[2],"tags":[272,11],"_links":{"self":[{"href":"http:\/\/servicenterblog.institucional.ws\/index.php?rest_route=\/wp\/v2\/posts\/1815"}],"collection":[{"href":"http:\/\/servicenterblog.institucional.ws\/index.php?rest_route=\/wp\/v2\/posts"}],"about":[{"href":"http:\/\/servicenterblog.institucional.ws\/index.php?rest_route=\/wp\/v2\/types\/post"}],"author":[{"embeddable":true,"href":"http:\/\/servicenterblog.institucional.ws\/index.php?rest_route=\/wp\/v2\/users\/1"}],"replies":[{"embeddable":true,"href":"http:\/\/servicenterblog.institucional.ws\/index.php?rest_route=%2Fwp%2Fv2%2Fcomments&post=1815"}],"version-history":[{"count":1,"href":"http:\/\/servicenterblog.institucional.ws\/index.php?rest_route=\/wp\/v2\/posts\/1815\/revisions"}],"predecessor-version":[{"id":1817,"href":"http:\/\/servicenterblog.institucional.ws\/index.php?rest_route=\/wp\/v2\/posts\/1815\/revisions\/1817"}],"wp:featuredmedia":[{"embeddable":true,"href":"http:\/\/servicenterblog.institucional.ws\/index.php?rest_route=\/wp\/v2\/media\/1816"}],"wp:attachment":[{"href":"http:\/\/servicenterblog.institucional.ws\/index.php?rest_route=%2Fwp%2Fv2%2Fmedia&parent=1815"}],"wp:term":[{"taxonomy":"category","embeddable":true,"href":"http:\/\/servicenterblog.institucional.ws\/index.php?rest_route=%2Fwp%2Fv2%2Fcategories&post=1815"},{"taxonomy":"post_tag","embeddable":true,"href":"http:\/\/servicenterblog.institucional.ws\/index.php?rest_route=%2Fwp%2Fv2%2Ftags&post=1815"}],"curies":[{"name":"wp","href":"https:\/\/api.w.org\/{rel}","templated":true}]}}