{"id":1808,"date":"2025-02-10T16:03:14","date_gmt":"2025-02-10T19:03:14","guid":{"rendered":"http:\/\/servicenterblog.institucional.ws\/?p=1808"},"modified":"2025-02-10T16:03:14","modified_gmt":"2025-02-10T19:03:14","slug":"dia-internacional-da-epilepsia-menos-preconceito-mais-acolhimento","status":"publish","type":"post","link":"http:\/\/servicenterblog.institucional.ws\/?p=1808","title":{"rendered":"Dia Internacional da Epilepsia: menos preconceito, mais acolhimento!"},"content":{"rendered":"<p><img class=\"emojioneemoji\" src=\"https:\/\/cdnjs.cloudflare.com\/ajax\/libs\/emojione\/2.1.4\/assets\/png\/1f52e.png\" alt=\"&#x1f52e;\" \/>\u00a0Hoje \u00e9 o Dia Internacional da Epilepsia!\u00a0<img class=\"emojioneemoji\" src=\"https:\/\/cdnjs.cloudflare.com\/ajax\/libs\/emojione\/2.1.4\/assets\/png\/1f49c.png\" alt=\"&#x1f49c;\" \/><\/p>\n<div><\/div>\n<p>A epilepsia \u00e9 uma condi\u00e7\u00e3o neurol\u00f3gica que afeta milh\u00f5es de pessoas no mundo, mas ainda \u00e9 cercada por mitos e desinforma\u00e7\u00e3o. Hoje, levantamos a bandeira da conscientiza\u00e7\u00e3o, inclus\u00e3o e respeito!<\/p>\n<p>-Epilepsia n\u00e3o define ningu\u00e9m. Com tratamento adequado e apoio, muitas pessoas vivem plenamente suas vidas.<\/p>\n<p>-A informa\u00e7\u00e3o combate o preconceito. Quanto mais falamos sobre, mais derrubamos barreiras e constru\u00edmos um mundo mais acess\u00edvel.<\/p>\n<p>-Juntos, fortalecemos essa causa! Compartilhe essa mensagem e ajude a espalhar conhecimento.<\/p>\n<p>Diga sim \u00e0 conscientiza\u00e7\u00e3o!<\/p>\n<p>Via @abe.epilepsia<\/p>\n","protected":false},"excerpt":{"rendered":"<p>\u00a0Hoje \u00e9 o Dia Internacional da Epilepsia!\u00a0 A epilepsia \u00e9 uma condi\u00e7\u00e3o neurol\u00f3gica que afeta milh\u00f5es de pessoas no mundo, mas ainda \u00e9 cercada por mitos e desinforma\u00e7\u00e3o. Hoje, levantamos a bandeira da conscientiza\u00e7\u00e3o, inclus\u00e3o e respeito! -Epilepsia n\u00e3o define ningu\u00e9m. Com tratamento adequado e apoio, muitas pessoas vivem plenamente suas vidas. -A informa\u00e7\u00e3o combate [&hellip;]<\/p>\n","protected":false},"author":1,"featured_media":1809,"comment_status":"open","ping_status":"open","sticky":false,"template":"","format":"standard","meta":[],"categories":[2],"tags":[433],"_links":{"self":[{"href":"http:\/\/servicenterblog.institucional.ws\/index.php?rest_route=\/wp\/v2\/posts\/1808"}],"collection":[{"href":"http:\/\/servicenterblog.institucional.ws\/index.php?rest_route=\/wp\/v2\/posts"}],"about":[{"href":"http:\/\/servicenterblog.institucional.ws\/index.php?rest_route=\/wp\/v2\/types\/post"}],"author":[{"embeddable":true,"href":"http:\/\/servicenterblog.institucional.ws\/index.php?rest_route=\/wp\/v2\/users\/1"}],"replies":[{"embeddable":true,"href":"http:\/\/servicenterblog.institucional.ws\/index.php?rest_route=%2Fwp%2Fv2%2Fcomments&post=1808"}],"version-history":[{"count":1,"href":"http:\/\/servicenterblog.institucional.ws\/index.php?rest_route=\/wp\/v2\/posts\/1808\/revisions"}],"predecessor-version":[{"id":1810,"href":"http:\/\/servicenterblog.institucional.ws\/index.php?rest_route=\/wp\/v2\/posts\/1808\/revisions\/1810"}],"wp:featuredmedia":[{"embeddable":true,"href":"http:\/\/servicenterblog.institucional.ws\/index.php?rest_route=\/wp\/v2\/media\/1809"}],"wp:attachment":[{"href":"http:\/\/servicenterblog.institucional.ws\/index.php?rest_route=%2Fwp%2Fv2%2Fmedia&parent=1808"}],"wp:term":[{"taxonomy":"category","embeddable":true,"href":"http:\/\/servicenterblog.institucional.ws\/index.php?rest_route=%2Fwp%2Fv2%2Fcategories&post=1808"},{"taxonomy":"post_tag","embeddable":true,"href":"http:\/\/servicenterblog.institucional.ws\/index.php?rest_route=%2Fwp%2Fv2%2Ftags&post=1808"}],"curies":[{"name":"wp","href":"https:\/\/api.w.org\/{rel}","templated":true}]}}