{"id":1803,"date":"2025-02-04T15:57:18","date_gmt":"2025-02-04T18:57:18","guid":{"rendered":"http:\/\/servicenterblog.institucional.ws\/?p=1803"},"modified":"2025-02-04T15:57:18","modified_gmt":"2025-02-04T18:57:18","slug":"dia-mundial-do-cancer-prevencao-e-cuidado-comecam-com-cada-um-de-nos","status":"publish","type":"post","link":"http:\/\/servicenterblog.institucional.ws\/?p=1803","title":{"rendered":"Dia Mundial do C\u00e2ncer: Preven\u00e7\u00e3o e Cuidado Come\u00e7am com Cada Um de N\u00f3s"},"content":{"rendered":"<p><em>Unidos pela sa\u00fade, somos respons\u00e1veis por h\u00e1bitos que podem transformar vidas e combater a doen\u00e7a<\/p>\n<p><\/em>O Dia Mundial do C\u00e2ncer, celebrado anualmente em 4 de fevereiro, refor\u00e7a a import\u00e2ncia da conscientiza\u00e7\u00e3o, preven\u00e7\u00e3o e apoio aos pacientes oncol\u00f3gicos.<\/p>\n<p>Este ano, a campanha tem como tema o slogan \u201cUnited by Unique\u201d ou \u201cUnidos pelo \u00danico\u201d, que destaca a necessidade de enxergar as particularidades de cada paciente. O objetivo \u00e9 convocar a sociedade a trabalhar coletivamente pela preven\u00e7\u00e3o, pelo acesso ao diagn\u00f3stico e ao tratamento, al\u00e9m de garantir que o cuidado seja sempre individualizado e humanizado.<\/p>\n<p>A preven\u00e7\u00e3o \u00e9 uma das a\u00e7\u00f5es mais eficazes para mudar os n\u00fameros alarmantes do c\u00e2ncer no Brasil e no mundo. Segundo o Instituto Nacional de C\u00e2ncer (INCA), mais de 700 mil brasileiros devem receber o diagn\u00f3stico de c\u00e2ncer neste ano. Para reverter esse cen\u00e1rio, \u00e9 essencial promover iniciativas como a vacina\u00e7\u00e3o, os exames de rastreamento, a cessa\u00e7\u00e3o do tabagismo e do consumo excessivo de \u00e1lcool, al\u00e9m de estimular a pr\u00e1tica de atividades f\u00edsicas e o controle da obesidade.<\/p>\n<p>Neste contexto, h\u00e1 cinco anos, o Instituto Vencer o C\u00e2ncer (IVOC) lan\u00e7ou a campanha \u201cAlimentos Tarja Verde\u201d, com foco na preven\u00e7\u00e3o da obesidade infantil e na promo\u00e7\u00e3o de h\u00e1bitos alimentares sadios. A campanha ressalta que investir em uma alimenta\u00e7\u00e3o saud\u00e1vel custa menos do que tratar doen\u00e7as cr\u00f4nicas e graves, como o c\u00e2ncer.<\/p>\n<p>Os alimentos ultraprocessados, amplamente consumidos, s\u00e3o compostos por formula\u00e7\u00f5es industriais ricas em subst\u00e2ncias prejudiciais \u00e0 sa\u00fade, como gorduras hidrogenadas, a\u00e7\u00facares e aditivos qu\u00edmicos. Por isso, devemos incentivar o consumo de alimentos in natura, como frutas, verduras, legumes, gr\u00e3os e peixes, que s\u00e3o aliados na preven\u00e7\u00e3o de diversas doen\u00e7as.<\/p>\n<p>O controle do c\u00e2ncer \u00e9 uma responsabilidade coletiva. Cada um de n\u00f3s pode fazer a diferen\u00e7a ao adotar bons h\u00e1bitos, como uma alimenta\u00e7\u00e3o equilibrada, pr\u00e1tica regular de exerc\u00edcios e a redu\u00e7\u00e3o de fatores de risco.<\/p>\n<p>Juntos, podemos construir uma sociedade mais saud\u00e1vel e solid\u00e1ria, onde a preven\u00e7\u00e3o seja uma prioridade compartilhada e o cuidado humanizado do c\u00e2ncer seja um compromisso.<\/p>\n<p>Fonte: Forbes<br \/>\nhttps:\/\/forbes.com.br\/forbessaude\/2025\/02\/dia-mundial-do-cancer-prevencao-e-cuidado-comecam-com-cada-um-de-nos\/<\/p>\n<p>&nbsp;<\/p>\n<p>&nbsp;<\/p>\n","protected":false},"excerpt":{"rendered":"<p>Unidos pela sa\u00fade, somos respons\u00e1veis por h\u00e1bitos que podem transformar vidas e combater a doen\u00e7a O Dia Mundial do C\u00e2ncer, celebrado anualmente em 4 de fevereiro, refor\u00e7a a import\u00e2ncia da conscientiza\u00e7\u00e3o, preven\u00e7\u00e3o e apoio aos pacientes oncol\u00f3gicos. Este ano, a campanha tem como tema o slogan \u201cUnited by Unique\u201d ou \u201cUnidos pelo \u00danico\u201d, que destaca [&hellip;]<\/p>\n","protected":false},"author":1,"featured_media":1804,"comment_status":"open","ping_status":"open","sticky":false,"template":"","format":"standard","meta":[],"categories":[2],"tags":[251,418,407,26,11],"_links":{"self":[{"href":"http:\/\/servicenterblog.institucional.ws\/index.php?rest_route=\/wp\/v2\/posts\/1803"}],"collection":[{"href":"http:\/\/servicenterblog.institucional.ws\/index.php?rest_route=\/wp\/v2\/posts"}],"about":[{"href":"http:\/\/servicenterblog.institucional.ws\/index.php?rest_route=\/wp\/v2\/types\/post"}],"author":[{"embeddable":true,"href":"http:\/\/servicenterblog.institucional.ws\/index.php?rest_route=\/wp\/v2\/users\/1"}],"replies":[{"embeddable":true,"href":"http:\/\/servicenterblog.institucional.ws\/index.php?rest_route=%2Fwp%2Fv2%2Fcomments&post=1803"}],"version-history":[{"count":1,"href":"http:\/\/servicenterblog.institucional.ws\/index.php?rest_route=\/wp\/v2\/posts\/1803\/revisions"}],"predecessor-version":[{"id":1805,"href":"http:\/\/servicenterblog.institucional.ws\/index.php?rest_route=\/wp\/v2\/posts\/1803\/revisions\/1805"}],"wp:featuredmedia":[{"embeddable":true,"href":"http:\/\/servicenterblog.institucional.ws\/index.php?rest_route=\/wp\/v2\/media\/1804"}],"wp:attachment":[{"href":"http:\/\/servicenterblog.institucional.ws\/index.php?rest_route=%2Fwp%2Fv2%2Fmedia&parent=1803"}],"wp:term":[{"taxonomy":"category","embeddable":true,"href":"http:\/\/servicenterblog.institucional.ws\/index.php?rest_route=%2Fwp%2Fv2%2Fcategories&post=1803"},{"taxonomy":"post_tag","embeddable":true,"href":"http:\/\/servicenterblog.institucional.ws\/index.php?rest_route=%2Fwp%2Fv2%2Ftags&post=1803"}],"curies":[{"name":"wp","href":"https:\/\/api.w.org\/{rel}","templated":true}]}}