{"id":1800,"date":"2025-02-03T15:32:28","date_gmt":"2025-02-03T18:32:28","guid":{"rendered":"http:\/\/servicenterblog.institucional.ws\/?p=1800"},"modified":"2025-02-03T15:32:28","modified_gmt":"2025-02-03T18:32:28","slug":"fevereiro-laranja-mes-de-conscientizacao-sobre-a-leucemia-2","status":"publish","type":"post","link":"http:\/\/servicenterblog.institucional.ws\/?p=1800","title":{"rendered":"Fevereiro laranja: m\u00eas de conscientiza\u00e7\u00e3o sobre a Leucemia"},"content":{"rendered":"<p>Fevereiro Laranja \u00e9 o m\u00eas de conscientiza\u00e7\u00e3o sobre a leucemia. A campanha tem como objetivo alertar a popula\u00e7\u00e3o sobre a import\u00e2ncia da preven\u00e7\u00e3o e do diagn\u00f3stico precoce da doen\u00e7a.<\/p>\n<p>A leucemia \u00e9 um tipo de c\u00e2ncer que afeta crian\u00e7as e adultos em todo o mundo. O diagn\u00f3stico precoce \u00e9 a \u00fanica forma de prevenir a doen\u00e7a e evitar o \u00f3bito.<\/p>\n<p>A doen\u00e7a, que afeta a medula \u00f3ssea e compromete a produ\u00e7\u00e3o de c\u00e9lulas sangu\u00edneas saud\u00e1veis, pode ser tratada com o transplante de medula. No entanto, encontrar um doador compat\u00edvel \u00e9 um grande desafio: a probabilidade \u00e9 de apenas 1 em 100 mil.<\/p>\n<p>A doa\u00e7\u00e3o de medula \u00f3ssea \u00e9 simples e pode salvar\u00a0vidas. Para se tornar um doador, \u00e9 necess\u00e1rio:<\/p>\n<p>Ter entre 18 e 55 anos e estar em boa sa\u00fade;<br \/>\nCadastrar-se em um hemocentro;<br \/>\nDoar 5 ml de sangue para an\u00e1lise de compatibilidade.<\/p>\n<p>Saiba mais informa\u00e7\u00f5es sobre a campanha Fevereiro Laranja, a leucemia e a doa\u00e7\u00e3o de medula \u00f3ssea aqui:\u00a0https:\/\/venceremosjuntos.org\/faca-parte\/fevereiro-laranja\/<\/p>\n<p>Servicenter\u2800<br \/>\nAtendimento online\u00a0<img class=\"emojioneemoji\" src=\"https:\/\/cdnjs.cloudflare.com\/ajax\/libs\/emojione\/2.1.4\/assets\/png\/1f4f2.png\" alt=\"&#x1f4f2;\" \/>\u00a0(11) 97202-7875\u2800\u2800<br \/>\nTelefone: (11) 3722-2233\u2800\u2800\u2800<br \/>\nAcesse nosso site: www.scmedicamentos.com.br\u2800<\/p>\n<p>&nbsp;<\/p>\n","protected":false},"excerpt":{"rendered":"<p>Fevereiro Laranja \u00e9 o m\u00eas de conscientiza\u00e7\u00e3o sobre a leucemia. A campanha tem como objetivo alertar a popula\u00e7\u00e3o sobre a import\u00e2ncia da preven\u00e7\u00e3o e do diagn\u00f3stico precoce da doen\u00e7a. A leucemia \u00e9 um tipo de c\u00e2ncer que afeta crian\u00e7as e adultos em todo o mundo. O diagn\u00f3stico precoce \u00e9 a \u00fanica forma de prevenir a [&hellip;]<\/p>\n","protected":false},"author":1,"featured_media":1801,"comment_status":"open","ping_status":"open","sticky":false,"template":"","format":"standard","meta":[],"categories":[2],"tags":[251,146,249,11,219],"_links":{"self":[{"href":"http:\/\/servicenterblog.institucional.ws\/index.php?rest_route=\/wp\/v2\/posts\/1800"}],"collection":[{"href":"http:\/\/servicenterblog.institucional.ws\/index.php?rest_route=\/wp\/v2\/posts"}],"about":[{"href":"http:\/\/servicenterblog.institucional.ws\/index.php?rest_route=\/wp\/v2\/types\/post"}],"author":[{"embeddable":true,"href":"http:\/\/servicenterblog.institucional.ws\/index.php?rest_route=\/wp\/v2\/users\/1"}],"replies":[{"embeddable":true,"href":"http:\/\/servicenterblog.institucional.ws\/index.php?rest_route=%2Fwp%2Fv2%2Fcomments&post=1800"}],"version-history":[{"count":1,"href":"http:\/\/servicenterblog.institucional.ws\/index.php?rest_route=\/wp\/v2\/posts\/1800\/revisions"}],"predecessor-version":[{"id":1802,"href":"http:\/\/servicenterblog.institucional.ws\/index.php?rest_route=\/wp\/v2\/posts\/1800\/revisions\/1802"}],"wp:featuredmedia":[{"embeddable":true,"href":"http:\/\/servicenterblog.institucional.ws\/index.php?rest_route=\/wp\/v2\/media\/1801"}],"wp:attachment":[{"href":"http:\/\/servicenterblog.institucional.ws\/index.php?rest_route=%2Fwp%2Fv2%2Fmedia&parent=1800"}],"wp:term":[{"taxonomy":"category","embeddable":true,"href":"http:\/\/servicenterblog.institucional.ws\/index.php?rest_route=%2Fwp%2Fv2%2Fcategories&post=1800"},{"taxonomy":"post_tag","embeddable":true,"href":"http:\/\/servicenterblog.institucional.ws\/index.php?rest_route=%2Fwp%2Fv2%2Ftags&post=1800"}],"curies":[{"name":"wp","href":"https:\/\/api.w.org\/{rel}","templated":true}]}}