{"id":1769,"date":"2024-12-02T15:59:51","date_gmt":"2024-12-02T18:59:51","guid":{"rendered":"http:\/\/servicenterblog.institucional.ws\/?p=1769"},"modified":"2024-12-02T15:59:51","modified_gmt":"2024-12-02T18:59:51","slug":"dezembro-laranja-campanha-destaca-que-pele-saudavel-e-sinonimo-de-saude","status":"publish","type":"post","link":"http:\/\/servicenterblog.institucional.ws\/?p=1769","title":{"rendered":"Dezembro Laranja: campanha destaca que pele saud\u00e1vel \u00e9 sin\u00f4nimo de sa\u00fade"},"content":{"rendered":"<p>Cada pessoa tem uma rela\u00e7\u00e3o singular com o sol. Ele est\u00e1 presente nos momentos mais felizes: na crian\u00e7a correndo pela areia, no gari que varre as ruas ao amanhecer, no turista que explora novas paisagens. Mas o sol, que tantas vezes ilumina nossas melhores mem\u00f3rias, tamb\u00e9m pode ser um narrador silencioso de uma luta invis\u00edvel. Em 2024, a Sociedade Brasileira de Dermatologia (SBD), ao completar 11 anos da campanha \u201cDezembro Laranja\u201d, traz uma mensagem poderosa: \u201cProteger a pele \u00e9 proteger a sa\u00fade\u201d.<\/p>\n<p>A campanha deste ano convida o p\u00fablico a refletir sobre o autocuidado e busca gerar uma verdadeira \u201cInvas\u00e3o Laranja\u201d no Brasil, envolvendo a sociedade em um movimento de conscientiza\u00e7\u00e3o. A SBD refor\u00e7a que a prote\u00e7\u00e3o contra o c\u00e2ncer de pele deve ser inclusiva, acess\u00edvel e adaptada \u00e0s necessidades individuais. \u201cSua pele \u00e9 a p\u00e1gina de um futuro inesquec\u00edvel\u201d, afirma a campanha, que convida cada brasileiro a cuidar de si e de tudo que ainda est\u00e1 por vir. Segundo dados do Minist\u00e9rio da Sa\u00fade, o c\u00e2ncer da pele responde por 33% de todos os diagn\u00f3sticos da doen\u00e7a no Brasil.<\/p>\n<p>J\u00e1 a Estimativa 2023 de Incid\u00eancia de C\u00e2ncer no Brasil, do INCA, revela n\u00fameros surpreendentes. S\u00e3o esperados aproximadamente 220,49 mil novos casos de c\u00e2ncer de pele por ano no tri\u00eanio 2023-2025. Neste ano, a SBD busca ampliar o alcance das suas mensagens, utilizando uma abordagem educativa e acess\u00edvel para conscientizar a popula\u00e7\u00e3o sobre os cuidados necess\u00e1rios para evitar o c\u00e2ncer de pele. O movimento abordar\u00e1 a import\u00e2ncia de h\u00e1bitos preventivos, como o uso de protetor solar, e incentivar\u00e1 a popula\u00e7\u00e3o a realizar acompanhamento m\u00e9dico regular.<\/p>\n<p>\u201cNosso objetivo com a campanha Dezembro Laranja 2024 \u00e9 continuar alertando a popula\u00e7\u00e3o sobre os perigos do c\u00e2ncer de pele, que, infelizmente, ainda \u00e9 o mais frequente no Brasil. A conscientiza\u00e7\u00e3o sobre a preven\u00e7\u00e3o e a detec\u00e7\u00e3o precoce \u00e9 fundamental para que possamos reduzir o n\u00famero de casos e, principalmente, evitar complica\u00e7\u00f5es graves. Queremos que todos entendam que a sa\u00fade da pele \u00e9 parte integral da sa\u00fade do corpo, e a prote\u00e7\u00e3o deve ser uma prioridade constante\u201d, sinaliza Dr. Heitor de S\u00e1 Gon\u00e7alves, Presidente da Sociedade.<\/p>\n<p>Como a incid\u00eancia dos raios ultravioletas est\u00e1 cada vez mais agressiva em todo o planeta, as pessoas de todos os tons de pele devem estar atentas e se protegerem quando expostas ao sol. \u201cEmbora o sol esteja associado a momentos de lazer e alegria, \u00e9 fundamental lembrar que a exposi\u00e7\u00e3o sem prote\u00e7\u00e3o adequada pode trazer s\u00e9rios riscos \u00e0 sa\u00fade da pele. Queremos que as pessoas entendam que a exposi\u00e7\u00e3o sem cuidados pode ter consequ\u00eancias graves e que a preven\u00e7\u00e3o est\u00e1 ao alcance de todos,\u201d ressalta Aparecida Moraes, Coordenadora do Departamento de Oncologia Cut\u00e2nea da SBD. Com foco na responsabilidade individual, a campanha deste ano trar\u00e1 hist\u00f3rias que mostram como os brasileiros de todas as idades podem se proteger melhor e continuar aproveitando o sol de forma saud\u00e1vel. \u201cEssa \u00e9 uma campanha de extrema import\u00e2ncia para a sa\u00fade p\u00fablica, especialmente em um pa\u00eds tropical como o Brasil, onde a exposi\u00e7\u00e3o ao sol \u00e9 intensa de forma permanente.<\/p>\n<p>Neste ano, al\u00e9m de refor\u00e7ar os cuidados preventivos, estamos destacando a import\u00e2ncia do diagn\u00f3stico precoce, que aumenta significativamente as chances de cura, principalmente no caso do melanoma, o tipo mais agressivo de c\u00e2ncer de pele. A mensagem \u00e9 clara: proteger a pele \u00e9 proteger a sa\u00fade como um todo\u201d, refor\u00e7a Dr. Carlos Barcaui, Coordenador da Campanha.<\/p>\n<p>Saiba mais informa\u00e7\u00f5es no\u00a0<a href=\"https:\/\/sbd.org.br\/dezembrolaranja\/\">site oficial da campanha<\/a>.<\/p>\n","protected":false},"excerpt":{"rendered":"<p>Cada pessoa tem uma rela\u00e7\u00e3o singular com o sol. Ele est\u00e1 presente nos momentos mais felizes: na crian\u00e7a correndo pela areia, no gari que varre as ruas ao amanhecer, no turista que explora novas paisagens. Mas o sol, que tantas vezes ilumina nossas melhores mem\u00f3rias, tamb\u00e9m pode ser um narrador silencioso de uma luta invis\u00edvel. [&hellip;]<\/p>\n","protected":false},"author":1,"featured_media":1770,"comment_status":"open","ping_status":"open","sticky":false,"template":"","format":"standard","meta":[],"categories":[1],"tags":[251,144,220,11,119],"_links":{"self":[{"href":"http:\/\/servicenterblog.institucional.ws\/index.php?rest_route=\/wp\/v2\/posts\/1769"}],"collection":[{"href":"http:\/\/servicenterblog.institucional.ws\/index.php?rest_route=\/wp\/v2\/posts"}],"about":[{"href":"http:\/\/servicenterblog.institucional.ws\/index.php?rest_route=\/wp\/v2\/types\/post"}],"author":[{"embeddable":true,"href":"http:\/\/servicenterblog.institucional.ws\/index.php?rest_route=\/wp\/v2\/users\/1"}],"replies":[{"embeddable":true,"href":"http:\/\/servicenterblog.institucional.ws\/index.php?rest_route=%2Fwp%2Fv2%2Fcomments&post=1769"}],"version-history":[{"count":1,"href":"http:\/\/servicenterblog.institucional.ws\/index.php?rest_route=\/wp\/v2\/posts\/1769\/revisions"}],"predecessor-version":[{"id":1771,"href":"http:\/\/servicenterblog.institucional.ws\/index.php?rest_route=\/wp\/v2\/posts\/1769\/revisions\/1771"}],"wp:featuredmedia":[{"embeddable":true,"href":"http:\/\/servicenterblog.institucional.ws\/index.php?rest_route=\/wp\/v2\/media\/1770"}],"wp:attachment":[{"href":"http:\/\/servicenterblog.institucional.ws\/index.php?rest_route=%2Fwp%2Fv2%2Fmedia&parent=1769"}],"wp:term":[{"taxonomy":"category","embeddable":true,"href":"http:\/\/servicenterblog.institucional.ws\/index.php?rest_route=%2Fwp%2Fv2%2Fcategories&post=1769"},{"taxonomy":"post_tag","embeddable":true,"href":"http:\/\/servicenterblog.institucional.ws\/index.php?rest_route=%2Fwp%2Fv2%2Ftags&post=1769"}],"curies":[{"name":"wp","href":"https:\/\/api.w.org\/{rel}","templated":true}]}}