{"id":1766,"date":"2024-12-01T13:36:36","date_gmt":"2024-12-01T16:36:36","guid":{"rendered":"http:\/\/servicenterblog.institucional.ws\/?p=1766"},"modified":"2024-12-01T13:36:36","modified_gmt":"2024-12-01T16:36:36","slug":"dia-mundial-da-luta-contra-a-aids-conscientizacao-prevencao-e-esperanca","status":"publish","type":"post","link":"http:\/\/servicenterblog.institucional.ws\/?p=1766","title":{"rendered":"Dia Mundial da Luta Contra a Aids: Conscientiza\u00e7\u00e3o, Preven\u00e7\u00e3o e Esperan\u00e7a"},"content":{"rendered":"<p>No dia\u00a0<strong>1\u00ba<\/strong>\u00a0de dezembro, o mundo se une para celebrar o\u00a0<strong>Dia Mundial de Luta Contra a Aids<\/strong>, uma data de extrema import\u00e2ncia para a sa\u00fade global. Esse dia \u00e9 dedicado \u00e0 conscientiza\u00e7\u00e3o, \u00e0 preven\u00e7\u00e3o do HIV e ao apoio das pessoas que vivem com o v\u00edrus. Mais do que um marco anual, \u00e9 uma oportunidade de reafirmar nosso compromisso em acabar com a epidemia de Aids.<\/p>\n<h3><strong>O que \u00e9 HIV e Aids?<\/strong><\/h3>\n<p>O\u00a0<strong>HIV<\/strong>\u00a0(V\u00edrus da Imunodefici\u00eancia Humana) \u00e9 o v\u00edrus que enfraquece o sistema imunol\u00f3gico, tornando o corpo mais vulner\u00e1vel a infec\u00e7\u00f5es. Quando n\u00e3o tratado, o\u00a0<strong>HIV pode evoluir para Aids\u00a0<\/strong>(S\u00edndrome da Imunodefici\u00eancia Adquirida), est\u00e1gio em que o organismo j\u00e1 n\u00e3o consegue combater doen\u00e7as.<\/p>\n<h3>Diferen\u00e7a entre HIV e Aids<\/h3>\n<p><strong>HIV:<\/strong>\u00a0O v\u00edrus em si, que ataca c\u00e9lulas espec\u00edficas do sistema imunol\u00f3gico (os linf\u00f3citos T-CD4+), respons\u00e1veis por defender o organismo contra doen\u00e7as, que pode ser controlado com tratamento.<\/p>\n<p><strong>Aids:<\/strong>\u00a0O est\u00e1gio avan\u00e7ado da infec\u00e7\u00e3o, caracterizado por graves danos ao sistema imunol\u00f3gico.<\/p>\n<p>&nbsp;<\/p>\n<h2>Como o HIV \u00e9 transmitido?<\/h2>\n<p>O HIV \u00e9 transmitido principalmente por:<\/p>\n<ul>\n<li>Rela\u00e7\u00f5es sexuais desprotegidas;<\/li>\n<li>Compartilhamento de seringas e agulhas contaminadas;<\/li>\n<li>Transmiss\u00e3o de m\u00e3e para filho durante a gesta\u00e7\u00e3o, parto ou amamenta\u00e7\u00e3o;<\/li>\n<\/ul>\n<p>O que n\u00e3o transmite HIV:<\/p>\n<ul>\n<li>Beijos, abra\u00e7os e contatos casuais;<\/li>\n<li>Compartilhamento de objetos, alimentos ou \u00e1gua.<\/li>\n<\/ul>\n<h3>A import\u00e2ncia do teste de HIV<\/h3>\n<p>Fazer o\u00a0<strong>teste de HIV<\/strong>\u00a0\u00e9 essencial para detectar a infec\u00e7\u00e3o precocemente. Muitas pessoas convivem com o v\u00edrus por anos sem saber, o que pode atrasar o in\u00edcio do tratamento e aumentar o risco de transmiss\u00e3o.<\/p>\n<p>Quem deve fazer o teste?<\/p>\n<ul>\n<li>Quem j\u00e1 teve rela\u00e7\u00f5es sexuais sem preservativo.<\/li>\n<li>Pessoas que compartilham seringas ou agulhas.<\/li>\n<li>Pessoas com m\u00faltiplos parceiros.<\/li>\n<li>Gestantes, para evitar a transmiss\u00e3o vertical.<\/li>\n<\/ul>\n<h3>Tratamento: viver com HIV hoje<\/h3>\n<p>Com os avan\u00e7os no tratamento, viver com HIV n\u00e3o \u00e9 mais uma senten\u00e7a de morte. O\u00a0<strong>Tratamento Antirretroviral (TARV)\u00a0<\/strong>permite que pessoas com HIV alcancem uma\u00a0<strong>carga viral<\/strong>\u00a0<strong>indetect\u00e1vel<\/strong>, o que significa que o v\u00edrus est\u00e1 em n\u00edveis t\u00e3o baixos que n\u00e3o pode ser detectado ou transmitido.<\/p>\n<p><strong>Indetect\u00e1vel = Intransmiss\u00edvel<\/strong><\/p>\n<p>Pessoas em tratamento eficaz n\u00e3o transmitem o HIV para seus parceiros.<\/p>\n<p>Combatendo o estigma e a desinforma\u00e7\u00e3o<\/p>\n<p>O estigma em torno do HIV ainda \u00e9 uma das maiores barreiras para a preven\u00e7\u00e3o e o tratamento. Educar-se e compartilhar informa\u00e7\u00f5es corretas \u00e9 essencial para mudar essa realidade.<\/p>\n<ul>\n<li>Educa\u00e7\u00e3o comunit\u00e1ria: ajuda a desmistificar mitos e a reduzir o preconceito.<\/li>\n<li>Apoio emocional: \u00e9 crucial para melhorar a qualidade de vida de quem vive com HIV.<\/li>\n<\/ul>\n<h3>Perguntas Frequentes Sobre HIV\/AIDS<\/h3>\n<p><strong>1. Beijo transmite HIV?<\/strong><\/p>\n<p>N\u00e3o. O HIV n\u00e3o \u00e9 transmitido por beijos, abra\u00e7os ou contatos casuais.<\/p>\n<p><strong>2. O tratamento pode substituir o uso de preservativos?<\/strong><\/p>\n<p>Embora o tratamento reduza o risco de transmiss\u00e3o, o uso de preservativos \u00e9 recomendado para proteger contra outras infec\u00e7\u00f5es sexualmente transmiss\u00edveis (ISTs).<\/p>\n<p><strong>3. Qual a efic\u00e1cia da PrEP?<\/strong><\/p>\n<p>A PrEP, quando tomada corretamente, reduz o risco de infec\u00e7\u00e3o por HIV em at\u00e9 99%.<\/p>\n<p><strong>4. O HIV tem cura?<\/strong><\/p>\n<p>Ainda n\u00e3o h\u00e1 cura, mas os tratamentos dispon\u00edveis garantem qualidade de vida e evitam a progress\u00e3o para Aids.<\/p>\n<p><strong>5. Por que o teste de HIV \u00e9 importante?<\/strong><\/p>\n<p>\u00c9 a \u00fanica forma de saber se voc\u00ea tem o v\u00edrus e iniciar o tratamento o quanto antes.<\/p>\n<p>O\u00a0<strong>Dia Mundial de Luta Contra a Aids<\/strong>\u00a0\u00e9 um lembrete de que a luta contra o HIV \u00e9 cont\u00ednua. Preven\u00e7\u00e3o, tratamento e conscientiza\u00e7\u00e3o s\u00e3o nossas maiores armas. Informe-se, proteja-se e ajude a combater o estigma. Juntos, podemos reduzir as taxas da doen\u00e7a, construindo um futuro mais seguro e protegido.<\/p>\n","protected":false},"excerpt":{"rendered":"<p>No dia\u00a01\u00ba\u00a0de dezembro, o mundo se une para celebrar o\u00a0Dia Mundial de Luta Contra a Aids, uma data de extrema import\u00e2ncia para a sa\u00fade global. Esse dia \u00e9 dedicado \u00e0 conscientiza\u00e7\u00e3o, \u00e0 preven\u00e7\u00e3o do HIV e ao apoio das pessoas que vivem com o v\u00edrus. Mais do que um marco anual, \u00e9 uma oportunidade de [&hellip;]<\/p>\n","protected":false},"author":1,"featured_media":1767,"comment_status":"open","ping_status":"open","sticky":false,"template":"","format":"standard","meta":[],"categories":[2],"tags":[159,251,158,26,11,32],"_links":{"self":[{"href":"http:\/\/servicenterblog.institucional.ws\/index.php?rest_route=\/wp\/v2\/posts\/1766"}],"collection":[{"href":"http:\/\/servicenterblog.institucional.ws\/index.php?rest_route=\/wp\/v2\/posts"}],"about":[{"href":"http:\/\/servicenterblog.institucional.ws\/index.php?rest_route=\/wp\/v2\/types\/post"}],"author":[{"embeddable":true,"href":"http:\/\/servicenterblog.institucional.ws\/index.php?rest_route=\/wp\/v2\/users\/1"}],"replies":[{"embeddable":true,"href":"http:\/\/servicenterblog.institucional.ws\/index.php?rest_route=%2Fwp%2Fv2%2Fcomments&post=1766"}],"version-history":[{"count":1,"href":"http:\/\/servicenterblog.institucional.ws\/index.php?rest_route=\/wp\/v2\/posts\/1766\/revisions"}],"predecessor-version":[{"id":1768,"href":"http:\/\/servicenterblog.institucional.ws\/index.php?rest_route=\/wp\/v2\/posts\/1766\/revisions\/1768"}],"wp:featuredmedia":[{"embeddable":true,"href":"http:\/\/servicenterblog.institucional.ws\/index.php?rest_route=\/wp\/v2\/media\/1767"}],"wp:attachment":[{"href":"http:\/\/servicenterblog.institucional.ws\/index.php?rest_route=%2Fwp%2Fv2%2Fmedia&parent=1766"}],"wp:term":[{"taxonomy":"category","embeddable":true,"href":"http:\/\/servicenterblog.institucional.ws\/index.php?rest_route=%2Fwp%2Fv2%2Fcategories&post=1766"},{"taxonomy":"post_tag","embeddable":true,"href":"http:\/\/servicenterblog.institucional.ws\/index.php?rest_route=%2Fwp%2Fv2%2Ftags&post=1766"}],"curies":[{"name":"wp","href":"https:\/\/api.w.org\/{rel}","templated":true}]}}