{"id":1744,"date":"2024-10-27T17:31:37","date_gmt":"2024-10-27T20:31:37","guid":{"rendered":"http:\/\/servicenterblog.institucional.ws\/?p=1744"},"modified":"2024-10-27T17:31:49","modified_gmt":"2024-10-27T20:31:49","slug":"dia-nacional-de-luta-contra-o-reumatismo-30-de-outubro","status":"publish","type":"post","link":"http:\/\/servicenterblog.institucional.ws\/?p=1744","title":{"rendered":"Dia Nacional de Luta contra o Reumatismo &#8211; 30 de Outubro"},"content":{"rendered":"<p>O Dia Nacional de Luta contra o Reumatismo \u00e9 celebrado em\u00a0<mark class=\"QVRyCf\">30 de outubro<\/mark>. A data tem como objetivo conscientizar e alertar a popula\u00e7\u00e3o sobre a exist\u00eancia de doen\u00e7as reum\u00e1ticas, que afetam o aparelho locomotor e podem se manifestar em diversas faixas et\u00e1rias.<\/p>\n<div class=\"WaaZC\">\n<div class=\"rPeykc uP58nb MNX06c\" data-hveid=\"CBcQAQ\" data-ved=\"2ahUKEwj4kb7isq-JAxXpL7kGHf82JXwQo_EKegQIFxAB\">\n<p><span role=\"heading\" aria-level=\"2\">O reumatismo \u00e9 um termo que engloba mais de 120 doen\u00e7as diferentes, que podem causar sintomas como:<\/span><\/p>\n<\/div>\n<\/div>\n<div class=\"WaaZC\">\n<p>-Dores nas articula\u00e7\u00f5es, principalmente por mais de seis semanas<\/p>\n<p>-Vermelhid\u00e3o, calor e incha\u00e7o nas articula\u00e7\u00f5es<\/p>\n<div id=\"DqIeZ_jSNenf5OUP_-2U4Qc__57\" class=\"bsmXxe\">\n<p>-Dificuldade para movimentar as articula\u00e7\u00f5es ao acordar<\/p>\n<\/div>\n<div id=\"DqIeZ_jSNenf5OUP_-2U4Qc__60\" class=\"bsmXxe\">\n<p>-Dores ao esticar os bra\u00e7os sobre a cabe\u00e7a<\/p>\n<\/div>\n<div id=\"DqIeZ_jSNenf5OUP_-2U4Qc__62\" class=\"bsmXxe\">\n<p>-Dores ao elevar os ombros at\u00e9 o pesco\u00e7o<\/p>\n<\/div>\n<p>O reumatismo \u00e9 um conjunto de doen\u00e7as reum\u00e1ticas que geralmente atinge os m\u00fasculos, os ligamentos, os ossos, os tend\u00f5es e\u00a0as articula\u00e7\u00f5es,\u00a0causando sintomas como dor, incha\u00e7o e\u00a0rigidez na articula\u00e7\u00e3o ou no membro afetado.<\/p>\n<p>Existem diferentes tipos de reumatismo, como artrite reumatoide, artrose,\u00a0l\u00fapus, fibromialgia, gota e tendinite, que podem ser causados\u00a0por alguma inflama\u00e7\u00e3o\u00a0ou por uma resposta\u00a0autoimune errada, onde o sistema imunol\u00f3gico ataca as c\u00e9lulas saud\u00e1veis do corpo.<\/p>\n<p>Na presen\u00e7a de sintomas indicativos de reumatismo, \u00e9\u00a0importante\u00a0consultar o reumatologista\u00a0para que seja identificado o tipo desta condi\u00e7\u00e3o e recomendado\u00a0o tratamento adequado, que pode incluir o uso de medicamentos,\u00a0fisioterapia e\u00a0cirurgia.<\/p>\n<\/div>\n<p>Com informa\u00e7\u00f5es: https:\/\/www.tuasaude.com\/reumatismo\/<\/p>\n","protected":false},"excerpt":{"rendered":"<p>O Dia Nacional de Luta contra o Reumatismo \u00e9 celebrado em\u00a030 de outubro. A data tem como objetivo conscientizar e alertar a popula\u00e7\u00e3o sobre a exist\u00eancia de doen\u00e7as reum\u00e1ticas, que afetam o aparelho locomotor e podem se manifestar em diversas faixas et\u00e1rias. O reumatismo \u00e9 um termo que engloba mais de 120 doen\u00e7as diferentes, que [&hellip;]<\/p>\n","protected":false},"author":1,"featured_media":1745,"comment_status":"open","ping_status":"open","sticky":false,"template":"","format":"standard","meta":[],"categories":[2],"tags":[251,26,427,11,32],"_links":{"self":[{"href":"http:\/\/servicenterblog.institucional.ws\/index.php?rest_route=\/wp\/v2\/posts\/1744"}],"collection":[{"href":"http:\/\/servicenterblog.institucional.ws\/index.php?rest_route=\/wp\/v2\/posts"}],"about":[{"href":"http:\/\/servicenterblog.institucional.ws\/index.php?rest_route=\/wp\/v2\/types\/post"}],"author":[{"embeddable":true,"href":"http:\/\/servicenterblog.institucional.ws\/index.php?rest_route=\/wp\/v2\/users\/1"}],"replies":[{"embeddable":true,"href":"http:\/\/servicenterblog.institucional.ws\/index.php?rest_route=%2Fwp%2Fv2%2Fcomments&post=1744"}],"version-history":[{"count":2,"href":"http:\/\/servicenterblog.institucional.ws\/index.php?rest_route=\/wp\/v2\/posts\/1744\/revisions"}],"predecessor-version":[{"id":1747,"href":"http:\/\/servicenterblog.institucional.ws\/index.php?rest_route=\/wp\/v2\/posts\/1744\/revisions\/1747"}],"wp:featuredmedia":[{"embeddable":true,"href":"http:\/\/servicenterblog.institucional.ws\/index.php?rest_route=\/wp\/v2\/media\/1745"}],"wp:attachment":[{"href":"http:\/\/servicenterblog.institucional.ws\/index.php?rest_route=%2Fwp%2Fv2%2Fmedia&parent=1744"}],"wp:term":[{"taxonomy":"category","embeddable":true,"href":"http:\/\/servicenterblog.institucional.ws\/index.php?rest_route=%2Fwp%2Fv2%2Fcategories&post=1744"},{"taxonomy":"post_tag","embeddable":true,"href":"http:\/\/servicenterblog.institucional.ws\/index.php?rest_route=%2Fwp%2Fv2%2Ftags&post=1744"}],"curies":[{"name":"wp","href":"https:\/\/api.w.org\/{rel}","templated":true}]}}