{"id":1740,"date":"2024-10-27T17:22:32","date_gmt":"2024-10-27T20:22:32","guid":{"rendered":"http:\/\/servicenterblog.institucional.ws\/?p=1740"},"modified":"2024-10-27T17:35:05","modified_gmt":"2024-10-27T20:35:05","slug":"1740","status":"publish","type":"post","link":"http:\/\/servicenterblog.institucional.ws\/?p=1740","title":{"rendered":"Dia Nacional e Mundial da Psor\u00edase &#8211; 29 de outubro"},"content":{"rendered":"<div class=\"WaaZC\">\n<div class=\"RJPOee EIJn2\">\n<div class=\"rPeykc uP58nb MNX06c\" data-hveid=\"CAMQAQ\" data-ved=\"2ahUKEwjBg9-4sK-JAxXNqJUCHWfZFFgQo_EKegQIAxAB\">\n<p>O Dia Mundial e Nacional da Psor\u00edase \u00e9 celebrado no dia\u00a0<mark class=\"QVRyCf\">29 de outubro<\/mark>.\u00a0A data foi estabelecida pela Organiza\u00e7\u00e3o Mundial da Sa\u00fade (OMS) com o objetivo de:<span class=\"UV3uM\">\u00a0<\/span><\/p>\n<\/div>\n<\/div>\n<\/div>\n<div class=\"WaaZC\">\n<div class=\"RJPOee EIJn2\">\n<p>-Informar a popula\u00e7\u00e3o sobre a doen\u00e7a<span class=\"UV3uM\"><br \/>\n<\/span>-Combater o estigma social e a discrimina\u00e7\u00e3o<span class=\"UV3uM\"><br \/>\n<\/span>-Ressaltar que a psor\u00edase n\u00e3o \u00e9 contagiosa<span class=\"UV3uM\"><br \/>\n<\/span>-Mostrar que a doen\u00e7a tem tratamento que melhora a qualidade de vida dos pacientes<\/p>\n<p>Desde 2016 a Sociedade Brasileira de Dermatologia (SBD) coordena a Campanha Nacional de Conscientiza\u00e7\u00e3o da Psor\u00edase, doen\u00e7a que afeta a pele de cerca de 3% da popula\u00e7\u00e3o mundial \u2013\u00a0<b>125 milh\u00f5es de pessoas em todo o mundo<\/b>.<\/p>\n<p><strong>O que \u00e9 psor\u00edase?<\/strong><\/p>\n<div>\n<p>A psor\u00edase \u00e9 uma doen\u00e7a cr\u00f4nica da pele que se caracteriza por les\u00f5es cut\u00e2neas (ferimentos na pele) n\u00e3o contagiosas e descamativas (que descascam).<\/p>\n<\/div>\n<h3>Sintomas<\/h3>\n<div>Os principais sintomas da psor\u00edase incluem:<\/div>\n<ul>\n<li><strong>les\u00f5es vermelhas e descamativas:<\/strong>\u00a0podem aparecer em qualquer parte do corpo, mas s\u00e3o mais comuns nos cotovelos, joelhos, couro cabeludo e regi\u00e3o lombar<\/li>\n<li><strong>coceira:<\/strong>\u00a0as les\u00f5es de psor\u00edase podem ser acompanhadas por coceira intensa<\/li>\n<li><strong>poss\u00edveis altera\u00e7\u00f5es nas unhas:<\/strong>\u00a0existem formas de psor\u00edase que causam dor articular<\/li>\n<\/ul>\n<div>A psor\u00edase \u00e9 uma condi\u00e7\u00e3o cr\u00f4nica e recorrente, o que significa que os sintomas podem aparecer e desaparecer ao longo da vida, al\u00e9m tamb\u00e9m afetar as unhas e causar altera\u00e7\u00f5es como o espessamento e o descolamento delas.<\/div>\n<p>&nbsp;<\/p>\n<h3>Causas<\/h3>\n<div>As causas exatas da psor\u00edase n\u00e3o s\u00e3o completamente conhecidas, mas alguns fatores contribuem para o seu desenvolvimento:<\/div>\n<ul>\n<li><strong>fatores gen\u00e9ticos:\u00a0<\/strong>ter parentes de primeiro grau com psor\u00edase aumenta o risco de desenvolver a doen\u00e7a<\/li>\n<li><strong>disfun\u00e7\u00e3o do sistema imunol\u00f3gico:\u00a0<\/strong>mesmo que a causa da doen\u00e7a n\u00e3o seja totalmente clara, sabe-se que ela est\u00e1 relacionada \u00e0 ativa\u00e7\u00e3o excessiva das c\u00e9lulas T do sistema imunol\u00f3gico<\/li>\n<li><strong>fatores psicol\u00f3gicos:<\/strong>\u00a0o estresse e a\u00a0ansiedade\u00a0podem desempenhar um papel no desencadeamento ou agravamento da psor\u00edase em algumas pessoas, embora n\u00e3o sejam as causas principais<\/li>\n<\/ul>\n<h3>Diagn\u00f3stico<\/h3>\n<div>O diagn\u00f3stico da psor\u00edase geralmente \u00e9 baseado na avalia\u00e7\u00e3o cl\u00ednica de um profissional como o dermatologista, que examina a pele e verifica os sintomas caracter\u00edsticos da condi\u00e7\u00e3o. N\u00e3o \u00e9 necess\u00e1rio nenhum teste espec\u00edfico para diagnosticar a psor\u00edase na maioria dos casos. Os principais aspectos considerados no diagn\u00f3stico incluem:<\/div>\n<ul>\n<li><strong>exame f\u00edsico:<\/strong>\u00a0a pele \u00e9 examinada para identificar as les\u00f5es t\u00edpicas, que geralmente s\u00e3o eleva\u00e7\u00f5es vermelhas ou rosadas com esp\u00e9cies de escamas<\/li>\n<li><strong>hist\u00f3rico cl\u00ednico:\u00a0<\/strong>s\u00e3o feitas perguntas sobre os sintomas, como quando eles come\u00e7aram, como t\u00eam progredido e se houve fatores desencadeantes<\/li>\n<li><strong>exclus\u00e3o de outras condi\u00e7\u00f5es:\u00a0<\/strong>como muitas condi\u00e7\u00f5es de pele podem ter sintomas semelhantes, o profissional respons\u00e1vel deve excluir outras doen\u00e7as de pele, como dermatite de contato ou infec\u00e7\u00f5es f\u00fangicas<\/li>\n<\/ul>\n<div>\n<p>Em alguns casos, pode ser necess\u00e1rio realizar uma bi\u00f3psia de pele para confirmar o diagn\u00f3stico, especialmente quando os sintomas s\u00e3o at\u00edpicos ou n\u00e3o respondem ao tratamento convencional. Durante a bi\u00f3psia, uma pequena amostra de pele \u00e9 retirada e examinada sob um microsc\u00f3pio para verificar a presen\u00e7a de caracter\u00edsticas espec\u00edficas da psor\u00edase.<\/p>\n<\/div>\n<h3>Tratamento<\/h3>\n<div>O tratamento da psor\u00edase visa controlar os sintomas, reduzir a inflama\u00e7\u00e3o, aliviar a coceira e melhorar a qualidade de vida dos pacientes. Ele pode variar de acordo com a gravidade e o tipo de psor\u00edase, bem como as necessidades individuais do paciente. Os principais tratamentos s\u00e3o:<\/div>\n<ul>\n<li><strong>tratamento t\u00f3pico:\u00a0<\/strong>os pacientes utilizam medicamentos em cremes e pomadas, aplicados diretamente na pele<\/li>\n<li><strong>tratamento sist\u00eamico:\u00a0<\/strong>uso de medicamentos em comprimidos ou inje\u00e7\u00f5es, geralmente indicados para pacientes com psor\u00edase grave com artrite psori\u00e1sica (um tipo de artrite inflamat\u00f3ria)<\/li>\n<li><strong>tratamento biol\u00f3gico:\u00a0<\/strong>uso de medicamentos injet\u00e1veis, indicados para o tratamento de pacientes com psor\u00edase grave<\/li>\n<li><strong>fototerapia:\u00a0<\/strong>exposi\u00e7\u00e3o da pele \u00e0 luz ultravioleta de forma consistente e com supervis\u00e3o m\u00e9dica. O tratamento precisa ser feito por profissionais especializados<\/li>\n<\/ul>\n<div>\n<p>Por ser autoimune, n\u00e3o existe uma cura definitiva para a psor\u00edase, e os pacientes precisam estar sempre atentos ao tratamento.<\/p>\n<\/div>\n<h3>Preven\u00e7\u00e3o<\/h3>\n<div>Ainda n\u00e3o h\u00e1 uma forma garantida de preven\u00e7\u00e3o da psor\u00edase, no entanto, existem algumas estrat\u00e9gias que podem ajudar a reduzir os fatores de risco e minimizar a gravidade dos surtos da doen\u00e7a:<\/div>\n<ul>\n<li><strong>gerenciar o estresse:\u00a0<\/strong>ele pode desencadear ou piorar os sintomas da psor\u00edase em algumas pessoas. Aprender a lidar com o estresse por meio de t\u00e9cnicas de relaxamento, como ioga, medita\u00e7\u00e3o e exerc\u00edcios de respira\u00e7\u00e3o, pode ser ben\u00e9fico<\/li>\n<li><strong>evitar les\u00f5es na pele:<\/strong>\u00a0traumas ou ferimentos na pele podem desencadear o desenvolvimento de les\u00f5es de psor\u00edase, conhecidas como &#8220;efeito K\u00f6bner&#8221;. Por isso, \u00e9 necess\u00e1rio tomar cuidado para evitar cortes, arranh\u00f5es e feridas<\/li>\n<li><strong>tomar cuidado com a exposi\u00e7\u00e3o ao sol:\u00a0<\/strong>o excesso de sol pode piorar a doen\u00e7a, o que torna o uso de protetor solar e o limite \u00e0 exposi\u00e7\u00e3o solar direta indispens\u00e1veis<\/li>\n<\/ul>\n<div class=\"NPrrbc\" data-cid=\"_np8eZ8G8HM3R1sQP57LTwAU_13\">\n<div class=\"BMebGe btku5b k0Jjg fCrZyc LwdV0e FR7ZSc OJeuxf\" tabindex=\"0\" role=\"button\" aria-label=\"Abrir\" data-hveid=\"CA0QAQ\" data-ved=\"2ahUKEwjBg9-4sK-JAxXNqJUCHWfZFFgQ3fYKegQIDRAB\">Com informa\u00e7\u00f5es de : https:\/\/www.einstein.br\/doencas-sintomas\/psoriase?utm_source=google&amp;utm_medium=cpc&amp;utm_campaign=G.Search-SEM-Economia-Saude-psoriase-Visitas-sp-go&amp;utm_id=0021_020&amp;utm_content=Economia-Saude-Psoriase&amp;utm_term=textoase&amp;gad_source=1&amp;gclid=CjwKCAjwyfe4BhAWEiwAkIL8sAEiypqAB50tyoTs_1wVzHzbJHGRdQYpvwHQwnalQfRnyfgd0_G7VxoC7o0QAvD_BwE<\/div>\n<\/div>\n<div class=\"NPrrbc\" data-cid=\"_np8eZ8G8HM3R1sQP57LTwAU_14\">\n<div class=\"BMebGe btku5b k0Jjg fCrZyc LwdV0e FR7ZSc OJeuxf\" tabindex=\"0\" role=\"button\" aria-label=\"Abrir\" data-hveid=\"CA4QAQ\" data-ved=\"2ahUKEwjBg9-4sK-JAxXNqJUCHWfZFFgQ3fYKegQIDhAB\"><\/div>\n<\/div>\n<div class=\"NPrrbc\" data-cid=\"_np8eZ8G8HM3R1sQP57LTwAU_15\">\n<div class=\"BMebGe btku5b k0Jjg fCrZyc LwdV0e FR7ZSc OJeuxf\" tabindex=\"0\" role=\"button\" aria-label=\"Abrir\" data-hveid=\"CA8QAQ\" data-ved=\"2ahUKEwjBg9-4sK-JAxXNqJUCHWfZFFgQ3fYKegQIDxAB\"><\/div>\n<\/div>\n<\/div>\n<\/div>\n","protected":false},"excerpt":{"rendered":"<p>O Dia Mundial e Nacional da Psor\u00edase \u00e9 celebrado no dia\u00a029 de outubro.\u00a0A data foi estabelecida pela Organiza\u00e7\u00e3o Mundial da Sa\u00fade (OMS) com o objetivo de:\u00a0 -Informar a popula\u00e7\u00e3o sobre a doen\u00e7a -Combater o estigma social e a discrimina\u00e7\u00e3o -Ressaltar que a psor\u00edase n\u00e3o \u00e9 contagiosa -Mostrar que a doen\u00e7a tem tratamento que melhora a [&hellip;]<\/p>\n","protected":false},"author":1,"featured_media":1741,"comment_status":"open","ping_status":"open","sticky":false,"template":"","format":"standard","meta":[],"categories":[2],"tags":[251,426,425,11,32],"_links":{"self":[{"href":"http:\/\/servicenterblog.institucional.ws\/index.php?rest_route=\/wp\/v2\/posts\/1740"}],"collection":[{"href":"http:\/\/servicenterblog.institucional.ws\/index.php?rest_route=\/wp\/v2\/posts"}],"about":[{"href":"http:\/\/servicenterblog.institucional.ws\/index.php?rest_route=\/wp\/v2\/types\/post"}],"author":[{"embeddable":true,"href":"http:\/\/servicenterblog.institucional.ws\/index.php?rest_route=\/wp\/v2\/users\/1"}],"replies":[{"embeddable":true,"href":"http:\/\/servicenterblog.institucional.ws\/index.php?rest_route=%2Fwp%2Fv2%2Fcomments&post=1740"}],"version-history":[{"count":4,"href":"http:\/\/servicenterblog.institucional.ws\/index.php?rest_route=\/wp\/v2\/posts\/1740\/revisions"}],"predecessor-version":[{"id":1749,"href":"http:\/\/servicenterblog.institucional.ws\/index.php?rest_route=\/wp\/v2\/posts\/1740\/revisions\/1749"}],"wp:featuredmedia":[{"embeddable":true,"href":"http:\/\/servicenterblog.institucional.ws\/index.php?rest_route=\/wp\/v2\/media\/1741"}],"wp:attachment":[{"href":"http:\/\/servicenterblog.institucional.ws\/index.php?rest_route=%2Fwp%2Fv2%2Fmedia&parent=1740"}],"wp:term":[{"taxonomy":"category","embeddable":true,"href":"http:\/\/servicenterblog.institucional.ws\/index.php?rest_route=%2Fwp%2Fv2%2Fcategories&post=1740"},{"taxonomy":"post_tag","embeddable":true,"href":"http:\/\/servicenterblog.institucional.ws\/index.php?rest_route=%2Fwp%2Fv2%2Ftags&post=1740"}],"curies":[{"name":"wp","href":"https:\/\/api.w.org\/{rel}","templated":true}]}}