{"id":174,"date":"2018-01-23T12:45:27","date_gmt":"2018-01-23T14:45:27","guid":{"rendered":"http:\/\/servicentermedic1.hospedagemdesites.ws\/blog\/?p=174"},"modified":"2018-01-23T12:45:58","modified_gmt":"2018-01-23T14:45:58","slug":"respire-bem-cuide-do-seu-nariz-boca-laringe-e-pulmoes","status":"publish","type":"post","link":"http:\/\/servicenterblog.institucional.ws\/?p=174","title":{"rendered":"Respire bem: cuide do seu nariz, boca, laringe e pulm\u00f5es"},"content":{"rendered":"<h5 class=\"content-head__subtitle\">N\u00f3s respiramos, em m\u00e9dia, de 17 mil vezes a 23 mil vezes por dia. Por tr\u00e1s dessa a\u00e7\u00e3o existe uma m\u00e1quina enorme e delicada. As vias levam ar aquecido, \u00famido, oxigenado e o mais limpo poss\u00edvel.<\/h5>\n<div class=\"mc-column content-text active-extra-styles active-capital-letter\" data-block-type=\"unstyled\" data-block-weight=\"62\" data-block-id=\"2\">\n<p class=\"content-text__container theme-color-primary-first-letter\" data-track-category=\"Link no Texto\" data-track-links=\"\">\u00c9 autom\u00e1tico, a gente nem percebe, mas n\u00f3s respiramos, em m\u00e9dia, de 17 mil vezes a 23 mil vezes por dia. Por tr\u00e1s existe uma m\u00e1quina enorme e delicada cuidando desse trabalho: o nariz, a boca, a laringe e os pulm\u00f5es. Essas vias levam ar aquecido, \u00famido, oxigenado e o mais limpo poss\u00edvel quando todo est\u00e1 bem dentro do peito e fora.<\/p>\n<\/div>\n<div class=\"mc-column content-text active-extra-styles \" data-block-type=\"unstyled\" data-block-weight=\"83\" data-block-id=\"3\">\n<p class=\"content-text__container \" data-track-category=\"Link no Texto\" data-track-links=\"\">O pneumologista Roberto Stirbulov explicou no Bem Estar desta ter\u00e7a-feira (23) o jeito certo de respirar para evitar v\u00e1rias doen\u00e7as. Respirar pela boca ou pelo nariz? A doutora em ci\u00eancias fisiol\u00f3gicas Luciana Sampaio diz que s\u00f3 o nariz garante o ar \u00famido, mais limpo e quente. Nesse caminho, o ar passa por uma limpeza b\u00e1sica dos c\u00edlios nasais e recebe \u00e1gua, o que ajuda na absor\u00e7\u00e3o pelos pulm\u00f5es. O ar que chega pela boca vem seco, mais sujo. A boca ajuda a expirar.<\/p>\n<\/div>\n<div class=\"mc-column content-text active-extra-styles \" data-block-type=\"unstyled\" data-block-weight=\"34\" data-block-id=\"4\">\n<p class=\"content-text__container \" data-track-category=\"Link no Texto\" data-track-links=\"\">E qual respira\u00e7\u00e3o \u00e9 correta: a diafragm\u00e1tica ou tor\u00e1cica? As duas! Isso faz diferen\u00e7a no dia a dia, mas tamb\u00e9m em quadros de doen\u00e7a pulmonar, gravidez, obesidade e todas situa\u00e7\u00f5es que dificultam a respira\u00e7\u00e3o.<\/p>\n<p><img loading=\"lazy\" class=\"alignnone size-medium wp-image-175\" src=\"http:\/\/servicentermedic1.hospedagemdesites.ws\/blog\/wp-content\/uploads\/2018\/01\/ttt-1-300x154.png\" alt=\"\" width=\"300\" height=\"154\" srcset=\"http:\/\/servicenterblog.institucional.ws\/wp-content\/uploads\/2018\/01\/ttt-1-300x154.png 300w, http:\/\/servicenterblog.institucional.ws\/wp-content\/uploads\/2018\/01\/ttt-1-768x395.png 768w, http:\/\/servicenterblog.institucional.ws\/wp-content\/uploads\/2018\/01\/ttt-1-1024x527.png 1024w, http:\/\/servicenterblog.institucional.ws\/wp-content\/uploads\/2018\/01\/ttt-1.png 1075w\" sizes=\"(max-width: 300px) 100vw, 300px\" \/><\/p>\n<div class=\"mc-column content-text active-extra-styles \" data-block-type=\"unstyled\" data-block-weight=\"1\" data-block-id=\"6\">\n<p class=\"content-text__container \" data-track-category=\"Link no Texto\" data-track-links=\"\"><strong>Pneumonia<\/strong><\/p>\n<\/div>\n<div class=\"mc-column content-text active-extra-styles \" data-block-type=\"unstyled\" data-block-weight=\"37\" data-block-id=\"7\">\n<p class=\"content-text__container \" data-track-category=\"Link no Texto\" data-track-links=\"\">O n\u00famero de mortes por pneumonia no Brasil praticamente dobrou nos \u00faltimos anos. Crian\u00e7as e idosos s\u00e3o os que mais correm riscos de desenvolver a doen\u00e7a. \u00c9 importante se prevenir para garantir que os pulm\u00f5es continuem saud\u00e1veis.<\/p>\n<\/div>\n<div class=\"mc-column content-text active-extra-styles \" data-block-type=\"unstyled\" data-block-weight=\"57\" data-block-id=\"9\">\n<p class=\"content-text__container \" data-track-category=\"Link no Texto\" data-track-links=\"\">Nos idosos, o sistema imunol\u00f3gico enfraquecido favorece os casos de pneumonia associada a outras doen\u00e7as. Por isso eles se tornam t\u00e3o vulner\u00e1veis. Entre os problemas est\u00e3o a parte nutricional, o acesso ao servi\u00e7o de sa\u00fade, as condi\u00e7\u00f5es socioecon\u00f4micas e as condi\u00e7\u00f5es b\u00e1sicas de sa\u00fade. \u00c9 muito importante focar na preven\u00e7\u00e3o e incentivar a vacina\u00e7\u00e3o contra a gripe.<\/p>\n<p>Veja a reportagem em v\u00eddeo:\u00a0https:\/\/glo.bo\/2DzbqGX<\/p>\n<p>Fonte: G1<\/p>\n<\/div>\n<p data-track-category=\"Link no Texto\" data-track-links=\"\">\n<\/div>\n","protected":false},"excerpt":{"rendered":"<p>N\u00f3s respiramos, em m\u00e9dia, de 17 mil vezes a 23 mil vezes por dia. Por tr\u00e1s dessa a\u00e7\u00e3o existe uma m\u00e1quina enorme e delicada. As vias levam ar aquecido, \u00famido, oxigenado e o mais limpo poss\u00edvel. \u00c9 autom\u00e1tico, a gente nem percebe, mas n\u00f3s respiramos, em m\u00e9dia, de 17 mil vezes a 23 mil vezes [&hellip;]<\/p>\n","protected":false},"author":1,"featured_media":175,"comment_status":"open","ping_status":"open","sticky":false,"template":"","format":"standard","meta":[],"categories":[3],"tags":[18,10,38,37,36,35,11,34],"_links":{"self":[{"href":"http:\/\/servicenterblog.institucional.ws\/index.php?rest_route=\/wp\/v2\/posts\/174"}],"collection":[{"href":"http:\/\/servicenterblog.institucional.ws\/index.php?rest_route=\/wp\/v2\/posts"}],"about":[{"href":"http:\/\/servicenterblog.institucional.ws\/index.php?rest_route=\/wp\/v2\/types\/post"}],"author":[{"embeddable":true,"href":"http:\/\/servicenterblog.institucional.ws\/index.php?rest_route=\/wp\/v2\/users\/1"}],"replies":[{"embeddable":true,"href":"http:\/\/servicenterblog.institucional.ws\/index.php?rest_route=%2Fwp%2Fv2%2Fcomments&post=174"}],"version-history":[{"count":2,"href":"http:\/\/servicenterblog.institucional.ws\/index.php?rest_route=\/wp\/v2\/posts\/174\/revisions"}],"predecessor-version":[{"id":177,"href":"http:\/\/servicenterblog.institucional.ws\/index.php?rest_route=\/wp\/v2\/posts\/174\/revisions\/177"}],"wp:featuredmedia":[{"embeddable":true,"href":"http:\/\/servicenterblog.institucional.ws\/index.php?rest_route=\/wp\/v2\/media\/175"}],"wp:attachment":[{"href":"http:\/\/servicenterblog.institucional.ws\/index.php?rest_route=%2Fwp%2Fv2%2Fmedia&parent=174"}],"wp:term":[{"taxonomy":"category","embeddable":true,"href":"http:\/\/servicenterblog.institucional.ws\/index.php?rest_route=%2Fwp%2Fv2%2Fcategories&post=174"},{"taxonomy":"post_tag","embeddable":true,"href":"http:\/\/servicenterblog.institucional.ws\/index.php?rest_route=%2Fwp%2Fv2%2Ftags&post=174"}],"curies":[{"name":"wp","href":"https:\/\/api.w.org\/{rel}","templated":true}]}}