{"id":1731,"date":"2024-10-13T18:43:59","date_gmt":"2024-10-13T21:43:59","guid":{"rendered":"http:\/\/servicenterblog.institucional.ws\/?p=1731"},"modified":"2024-10-13T18:43:59","modified_gmt":"2024-10-13T21:43:59","slug":"1731","status":"publish","type":"post","link":"http:\/\/servicenterblog.institucional.ws\/?p=1731","title":{"rendered":""},"content":{"rendered":"<div class=\"WaaZC\">\n<div class=\"rPeykc\" data-hveid=\"CCcQAQ\" data-ved=\"2ahUKEwjQ8bn2qIyJAxX4s5UCHdeVAn4Qo_EKegQIJxAB\">A osteoporose \u00e9 uma doen\u00e7a cr\u00f4nica que causa a perda progressiva de massa \u00f3ssea, enfraquecendo os ossos e tornando-os mais propensos a fraturas.\u00a0A Organiza\u00e7\u00e3o Mundial de Sa\u00fade (OMS) estima que entre 13% e 18% das mulheres e entre 3% e 6% dos homens com mais de 50 anos sofram de osteoporose.<span class=\"UV3uM\"><\/p>\n<p><\/span><\/p>\n<div class=\"NPrrbc\" data-cid=\"_HT4MZ5DvIfjn1sQP16uK8Ac_57\">\n<div class=\"BMebGe btku5b k0Jjg fCrZyc LwdV0e FR7ZSc OJeuxf\" tabindex=\"0\" role=\"button\" aria-label=\"Abrir\" data-hveid=\"CCkQAQ\" data-ved=\"2ahUKEwjQ8bn2qIyJAxX4s5UCHdeVAn4Q3fYKegQIKRAB\">\n<div class=\"niO4u\">\n<div class=\"kHtcsd\"><strong>Algumas dicas para prevenir a osteoporose:<\/strong><\/div>\n<\/div>\n<\/div>\n<\/div>\n<div class=\"acn1Z Kwoiqd\">\n<div class=\"Kwoiqd\">\n<div class=\"zMgcWd dSKvsb\" data-il=\"\">\n<div class=\"GmFi7\" data-crb-p=\"\">\n<div class=\"xFTqob\">\n<div class=\"Gur8Ad\">&#8211; Praticar atividade f\u00edsica<\/div>\n<div class=\"vM0jzc\">A atividade f\u00edsica ajuda a manter os ossos fortes e a massa muscular, melhorando o equil\u00edbrio e evitando quedas.\u00a0Exerc\u00edcios de for\u00e7a, como muscula\u00e7\u00e3o e pilates, s\u00e3o especialmente ben\u00e9ficos.<span class=\"UV3uM\">\u00a0<\/span><\/p>\n<div class=\"NPrrbc\" data-cid=\"_Vz4MZ924Ma6p1sQPmdOBmAw_47\">\n<div class=\"BMebGe btku5b k0Jjg fCrZyc LwdV0e FR7ZSc OJeuxf\" tabindex=\"0\" role=\"button\" aria-label=\"Abrir\" data-hveid=\"CCIQAQ\" data-ved=\"2ahUKEwidwJ2SqYyJAxWulJUCHZlpAMMQ3fYKegQIIhAB\">\n<div class=\"niO4u\">\n<div class=\"kHtcsd\">-Expor-se ao sol<\/div>\n<\/div>\n<\/div>\n<\/div>\n<\/div>\n<\/div>\n<\/div>\n<\/div>\n<div class=\"zMgcWd dSKvsb\" data-il=\"\">\n<div class=\"GmFi7\" data-crb-p=\"\">\n<div class=\"xFTqob\">\n<div class=\"vM0jzc\">A exposi\u00e7\u00e3o ao sol estimula a produ\u00e7\u00e3o de vitamina D, que \u00e9 fundamental para a absor\u00e7\u00e3o de c\u00e1lcio pelo organismo.<span class=\"UV3uM\">\u00a0<\/span><\/p>\n<div class=\"NPrrbc\" data-cid=\"_Vz4MZ924Ma6p1sQPmdOBmAw_46\">\n<div class=\"BMebGe btku5b k0Jjg fCrZyc LwdV0e FR7ZSc OJeuxf\" tabindex=\"0\" role=\"button\" aria-label=\"Abrir\" data-hveid=\"CB4QAQ\" data-ved=\"2ahUKEwidwJ2SqYyJAxWulJUCHZlpAMMQ3fYKegQIHhAB\">\n<div class=\"niO4u\">\n<div class=\"kHtcsd\">-Ter uma alimenta\u00e7\u00e3o rica em c\u00e1lcio e vitamina D<\/div>\n<\/div>\n<\/div>\n<\/div>\n<\/div>\n<\/div>\n<\/div>\n<\/div>\n<div id=\"Vz4MZ924Ma6p1sQPmdOBmAw__34\" class=\"bsmXxe\">\n<div class=\"zMgcWd dSKvsb\" data-il=\"\">\n<div class=\"GmFi7\" data-crb-p=\"\">\n<div class=\"xFTqob\">\n<div class=\"vM0jzc\">O leite e seus derivados s\u00e3o as melhores fontes de c\u00e1lcio, mesmo desengordurados.\u00a0Peixes tamb\u00e9m s\u00e3o uma boa fonte de c\u00e1lcio, al\u00e9m de prote\u00ednas, \u00f4mega 3, f\u00f3sforo e magn\u00e9sio.<span class=\"UV3uM\">\u00a0<\/span><\/p>\n<div class=\"NPrrbc\" data-cid=\"_Vz4MZ924Ma6p1sQPmdOBmAw_86\">\n<div class=\"BMebGe btku5b k0Jjg fCrZyc LwdV0e FR7ZSc OJeuxf\" tabindex=\"0\" role=\"button\" aria-label=\"Abrir\" data-hveid=\"CGYQAQ\" data-ved=\"2ahUKEwidwJ2SqYyJAxWulJUCHZlpAMMQ3fYKegQIZhAB\">\n<div class=\"niO4u\">\n<div class=\"kHtcsd\">&#8211; Evitar o consumo de \u00e1lcool e caf\u00e9<\/div>\n<\/div>\n<\/div>\n<\/div>\n<\/div>\n<\/div>\n<\/div>\n<\/div>\n<\/div>\n<div id=\"Vz4MZ924Ma6p1sQPmdOBmAw__38\" class=\"bsmXxe\">\n<div class=\"zMgcWd dSKvsb\" data-il=\"\">\n<div class=\"GmFi7\" data-crb-p=\"\">\n<div class=\"xFTqob\">\n<div class=\"vM0jzc\">O consumo de \u00e1lcool e caf\u00e9 deve ser evitado.<span class=\"UV3uM\">\u00a0<\/span><\/p>\n<div class=\"NPrrbc\" data-cid=\"_Vz4MZ924Ma6p1sQPmdOBmAw_80\">\n<div class=\"BMebGe btku5b k0Jjg fCrZyc LwdV0e FR7ZSc OJeuxf\" tabindex=\"0\" role=\"button\" aria-label=\"Abrir\" data-hveid=\"CF0QAQ\" data-ved=\"2ahUKEwidwJ2SqYyJAxWulJUCHZlpAMMQ3fYKegQIXRAB\">\n<div class=\"niO4u\">\n<div class=\"kHtcsd\">&#8211; Fazer densitometria \u00f3ssea<\/div>\n<\/div>\n<\/div>\n<\/div>\n<\/div>\n<\/div>\n<\/div>\n<\/div>\n<\/div>\n<div id=\"Vz4MZ924Ma6p1sQPmdOBmAw__41\" class=\"bsmXxe\">\n<div class=\"zMgcWd dSKvsb\" data-il=\"\">\n<div class=\"GmFi7\" data-crb-p=\"\">\n<div class=\"xFTqob\">\n<div class=\"vM0jzc\">A densitometria \u00f3ssea \u00e9 um exame que analisa a densidade dos ossos e ajuda a identificar a perda excessiva de massa muscular.\u00a0Mulheres a partir de 65 anos e homens depois dos 70 devem fazer o exame anualmente.<span class=\"UV3uM\"><span class=\"UV3uM\"><\/p>\n<p><\/span><\/span><\/p>\n<div class=\"WaaZC\">\n<div class=\"rPeykc\" data-hveid=\"CDAQAQ\" data-ved=\"2ahUKEwjQ8bn2qIyJAxX4s5UCHdeVAn4Qo_EKegQIMBAB\">O Dia Mundial e Nacional da Osteoporose \u00e9 celebrado em\u00a0<mark class=\"QVRyCf\">20 de outubro<\/mark>.\u00a0A data \u00e9 uma campanha de conscientiza\u00e7\u00e3o sobre a preven\u00e7\u00e3o, o diagn\u00f3stico e o tratamento da doen\u00e7a.<span class=\"UV3uM\"> Consulte seu m\u00e9dico regularmente.<\/span><\/p>\n<div class=\"NPrrbc\" data-cid=\"_HT4MZ5DvIfjn1sQP16uK8Ac_60\">\n<div class=\"BMebGe btku5b k0Jjg fCrZyc LwdV0e FR7ZSc OJeuxf\" tabindex=\"0\" role=\"button\" aria-label=\"Abrir\" data-hveid=\"CC8QAQ\" data-ved=\"2ahUKEwjQ8bn2qIyJAxX4s5UCHdeVAn4Q3fYKegQILxAB\">\n<div class=\"niO4u\">\n<div class=\"kHtcsd\"><\/div>\n<\/div>\n<\/div>\n<\/div>\n<div class=\"acn1Z Kwoiqd\">\n<div class=\"Kwoiqd\"><\/div>\n<\/div>\n<\/div>\n<\/div>\n<div class=\"WaaZC\"><\/div>\n<\/div>\n<\/div>\n<\/div>\n<\/div>\n<\/div>\n<\/div>\n<\/div>\n<\/div>\n<\/div>\n","protected":false},"excerpt":{"rendered":"<p>A osteoporose \u00e9 uma doen\u00e7a cr\u00f4nica que causa a perda progressiva de massa \u00f3ssea, enfraquecendo os ossos e tornando-os mais propensos a fraturas.\u00a0A Organiza\u00e7\u00e3o Mundial de Sa\u00fade (OMS) estima que entre 13% e 18% das mulheres e entre 3% e 6% dos homens com mais de 50 anos sofram de osteoporose. Algumas dicas para prevenir [&hellip;]<\/p>\n","protected":false},"author":1,"featured_media":1732,"comment_status":"open","ping_status":"open","sticky":false,"template":"","format":"standard","meta":[],"categories":[2],"tags":[251,221,26,11,32],"_links":{"self":[{"href":"http:\/\/servicenterblog.institucional.ws\/index.php?rest_route=\/wp\/v2\/posts\/1731"}],"collection":[{"href":"http:\/\/servicenterblog.institucional.ws\/index.php?rest_route=\/wp\/v2\/posts"}],"about":[{"href":"http:\/\/servicenterblog.institucional.ws\/index.php?rest_route=\/wp\/v2\/types\/post"}],"author":[{"embeddable":true,"href":"http:\/\/servicenterblog.institucional.ws\/index.php?rest_route=\/wp\/v2\/users\/1"}],"replies":[{"embeddable":true,"href":"http:\/\/servicenterblog.institucional.ws\/index.php?rest_route=%2Fwp%2Fv2%2Fcomments&post=1731"}],"version-history":[{"count":2,"href":"http:\/\/servicenterblog.institucional.ws\/index.php?rest_route=\/wp\/v2\/posts\/1731\/revisions"}],"predecessor-version":[{"id":1734,"href":"http:\/\/servicenterblog.institucional.ws\/index.php?rest_route=\/wp\/v2\/posts\/1731\/revisions\/1734"}],"wp:featuredmedia":[{"embeddable":true,"href":"http:\/\/servicenterblog.institucional.ws\/index.php?rest_route=\/wp\/v2\/media\/1732"}],"wp:attachment":[{"href":"http:\/\/servicenterblog.institucional.ws\/index.php?rest_route=%2Fwp%2Fv2%2Fmedia&parent=1731"}],"wp:term":[{"taxonomy":"category","embeddable":true,"href":"http:\/\/servicenterblog.institucional.ws\/index.php?rest_route=%2Fwp%2Fv2%2Fcategories&post=1731"},{"taxonomy":"post_tag","embeddable":true,"href":"http:\/\/servicenterblog.institucional.ws\/index.php?rest_route=%2Fwp%2Fv2%2Ftags&post=1731"}],"curies":[{"name":"wp","href":"https:\/\/api.w.org\/{rel}","templated":true}]}}