{"id":1728,"date":"2024-10-13T18:37:59","date_gmt":"2024-10-13T21:37:59","guid":{"rendered":"http:\/\/servicenterblog.institucional.ws\/?p=1728"},"modified":"2024-10-13T18:37:59","modified_gmt":"2024-10-13T21:37:59","slug":"19-de-outubro-dia-mundial-de-combate-ao-cancer-de-mama","status":"publish","type":"post","link":"http:\/\/servicenterblog.institucional.ws\/?p=1728","title":{"rendered":"19 de outubro &#8211; Dia Mundial de combate ao C\u00e2ncer de Mama"},"content":{"rendered":"<p>O Dia Mundial de Combate ao C\u00e2ncer de Mama \u00e9 destacado em 19 de outubro. A data tem como objetivo conscientizar a popula\u00e7\u00e3o sobre a import\u00e2ncia da preven\u00e7\u00e3o e do diagn\u00f3stico precoce da doen\u00e7a.<\/p>\n<p>A campanha Outubro Rosa \u00e9 uma das iniciativas que busca ampliar a conscientiza\u00e7\u00e3o sobre o c\u00e2ncer de mama. Durante o m\u00eas de outubro, s\u00e3o realizadas diversas atividades e campanhas para divulgar informa\u00e7\u00f5es sobre a doen\u00e7a, promover a preven\u00e7\u00e3o e incentivar as mulheres a fazerem exames de rotina.<\/p>\n<p>\u00c9 importante conhecer os sinais e sintomas do c\u00e2ncer de mama e procurar um m\u00e9dico imediatamente se notar alguma altera\u00e7\u00e3o. Quanto mais cedo o c\u00e2ncer for detectado, maiores s\u00e3o as chances de tratamento e cura.<\/p>\n<p>Consulte seu m\u00e9dico regularmente.<\/p>\n","protected":false},"excerpt":{"rendered":"<p>O Dia Mundial de Combate ao C\u00e2ncer de Mama \u00e9 destacado em 19 de outubro. A data tem como objetivo conscientizar a popula\u00e7\u00e3o sobre a import\u00e2ncia da preven\u00e7\u00e3o e do diagn\u00f3stico precoce da doen\u00e7a. A campanha Outubro Rosa \u00e9 uma das iniciativas que busca ampliar a conscientiza\u00e7\u00e3o sobre o c\u00e2ncer de mama. Durante o m\u00eas [&hellip;]<\/p>\n","protected":false},"author":1,"featured_media":1729,"comment_status":"open","ping_status":"open","sticky":false,"template":"","format":"standard","meta":[],"categories":[2],"tags":[25,170,359,66,81,24,26,11,32],"_links":{"self":[{"href":"http:\/\/servicenterblog.institucional.ws\/index.php?rest_route=\/wp\/v2\/posts\/1728"}],"collection":[{"href":"http:\/\/servicenterblog.institucional.ws\/index.php?rest_route=\/wp\/v2\/posts"}],"about":[{"href":"http:\/\/servicenterblog.institucional.ws\/index.php?rest_route=\/wp\/v2\/types\/post"}],"author":[{"embeddable":true,"href":"http:\/\/servicenterblog.institucional.ws\/index.php?rest_route=\/wp\/v2\/users\/1"}],"replies":[{"embeddable":true,"href":"http:\/\/servicenterblog.institucional.ws\/index.php?rest_route=%2Fwp%2Fv2%2Fcomments&post=1728"}],"version-history":[{"count":1,"href":"http:\/\/servicenterblog.institucional.ws\/index.php?rest_route=\/wp\/v2\/posts\/1728\/revisions"}],"predecessor-version":[{"id":1730,"href":"http:\/\/servicenterblog.institucional.ws\/index.php?rest_route=\/wp\/v2\/posts\/1728\/revisions\/1730"}],"wp:featuredmedia":[{"embeddable":true,"href":"http:\/\/servicenterblog.institucional.ws\/index.php?rest_route=\/wp\/v2\/media\/1729"}],"wp:attachment":[{"href":"http:\/\/servicenterblog.institucional.ws\/index.php?rest_route=%2Fwp%2Fv2%2Fmedia&parent=1728"}],"wp:term":[{"taxonomy":"category","embeddable":true,"href":"http:\/\/servicenterblog.institucional.ws\/index.php?rest_route=%2Fwp%2Fv2%2Fcategories&post=1728"},{"taxonomy":"post_tag","embeddable":true,"href":"http:\/\/servicenterblog.institucional.ws\/index.php?rest_route=%2Fwp%2Fv2%2Ftags&post=1728"}],"curies":[{"name":"wp","href":"https:\/\/api.w.org\/{rel}","templated":true}]}}