{"id":1720,"date":"2024-10-10T18:08:42","date_gmt":"2024-10-10T21:08:42","guid":{"rendered":"http:\/\/servicenterblog.institucional.ws\/?p=1720"},"modified":"2024-10-10T18:08:42","modified_gmt":"2024-10-10T21:08:42","slug":"dia-mundial-da-saude-mental-brasil-e-o-pais-com-a-maior-taxa-de-depressao","status":"publish","type":"post","link":"http:\/\/servicenterblog.institucional.ws\/?p=1720","title":{"rendered":"Dia Mundial da Sa\u00fade Mental: Brasil \u00e9 o pa\u00eds com a maior taxa de depress\u00e3o"},"content":{"rendered":"<p>Hoje \u00e9 o\u00a0<span class=\"il\">Dia<\/span>\u00a0<span class=\"il\">Mundial<\/span>\u00a0da\u00a0<span class=\"il\">Sa\u00fade<\/span>\u00a0<span class=\"il\">Mental<\/span>, data dedicada a promover a conscientiza\u00e7\u00e3o sobre os desafios relacionados \u00e0\u00a0<span class=\"il\">sa\u00fade<\/span>\u00a0emocional da popula\u00e7\u00e3o. Segundo a Organiza\u00e7\u00e3o Pan-Americana da\u00a0<span class=\"il\">Sa\u00fade<\/span>\u00a0(Opas), aproximadamente 300 milh\u00f5es de pessoas em\u00a0todo o mundo vivem com depress\u00e3o. No Brasil, dados recentes da Organiza\u00e7\u00e3o\u00a0<span class=\"il\">Mundial<\/span>\u00a0da\u00a0<span class=\"il\">Sa\u00fade<\/span>\u00a0(OMS) revelam que cerca de 5,8% da popula\u00e7\u00e3o, o que representa 11,7 milh\u00f5es de brasileiros, sofre dessa condi\u00e7\u00e3o.<\/p>\n<p class=\"texto\">Lembrado anualmente desde 1992 pela Federa\u00e7\u00e3o\u00a0<span class=\"il\">Mundial<\/span>\u00a0para a\u00a0<span class=\"il\">Sa\u00fade<\/span>\u00a0<span class=\"il\">Mental<\/span>\u00a0(WFMH), este\u00a0<span class=\"il\">dia<\/span>\u00a0busca retirar o estigma associado \u00e0s doen\u00e7as mentais, proporcionando uma oportunidade para discutir o tema abertamente e buscar apoio. A psicanalista e fil\u00f3sofa Ana Matos ressalta que a import\u00e2ncia do cuidado com a\u00a0<span class=\"il\">sa\u00fade<\/span>\u00a0<span class=\"il\">mental<\/span>\u00a0n\u00e3o deve ser reconhecida apenas em momentos de crise. \u201cA\u00a0<span class=\"il\">sa\u00fade<\/span>\u00a0<span class=\"il\">mental<\/span>\u00a0n\u00e3o \u00e9 apenas a aus\u00eancia de doen\u00e7as, mas sim um estado de bem-estar que envolve o aspecto emocional e psicol\u00f3gico.\u201d Segundo Ana, cuidar da\u00a0<span class=\"il\">sa\u00fade<\/span>\u00a0<span class=\"il\">mental<\/span>\u00a0reflete diretamente na qualidade de vida, influenciando rela\u00e7\u00f5es pessoais e escolhas alinhadas com seus pr\u00f3prios valores.<\/p>\n<p class=\"texto\"><strong>Quebra do estigma e abertura ao di\u00e1logo<\/strong><\/p>\n<p class=\"texto\">Infelizmente, a busca por ajuda psicol\u00f3gica ainda \u00e9 frequentemente associada como um sinal de fraqueza ou algo reservado apenas para crises extremas. Essa percep\u00e7\u00e3o pode impedir que muitos indiv\u00edduos procurem o apoio necess\u00e1rio, resultando em consequ\u00eancias graves para sua\u00a0<span class=\"il\">sa\u00fade<\/span>\u00a0<span class=\"il\">mental<\/span>. A vis\u00e3o distorcida sobre a terapia \u00e9 intensificada pela falta de conhecimento sobre seus benef\u00edcios e funcionamento.<\/p>\n<p class=\"texto\">Entretanto, promover conversas mais francas sobre\u00a0<span class=\"il\">sa\u00fade<\/span>\u00a0<span class=\"il\">mental<\/span>\u00a0e encorajar as pessoas a falarem sobre seus desafios pode ajudar a enxergar a terapia como uma pr\u00e1tica proativa, educacional e preventiva, em vez de uma solu\u00e7\u00e3o de \u00faltimo recurso. &#8220;\u00c9 preciso romper com o preconceito. Falar sobre nossas emo\u00e7\u00f5es \u00e9 um passo crucial para a transforma\u00e7\u00e3o social. Quando nos permitimos dialogar, come\u00e7amos a criar um ambiente mais acolhedor&#8221;, explica Ana Matos. Reconhecer a terapia como uma ferramenta para o bem-estar emocional e psicol\u00f3gico contribui para a constru\u00e7\u00e3o de uma cultura de apoio e compreens\u00e3o, onde os indiv\u00edduos se sintam mais \u00e0 vontade e seguros para buscar ajuda.<\/p>\n<p class=\"texto\"><strong>Benef\u00edcios da terapia<\/strong><\/p>\n<p class=\"texto\">O acompanhamento da psicoterapia desempenha um papel fundamental na melhoria e manuten\u00e7\u00e3o da\u00a0<span class=\"il\">sa\u00fade<\/span>\u00a0<span class=\"il\">mental<\/span>, oferecendo uma compreens\u00e3o profunda de si mesmo e contribuindo para o tratamento de diversas condi\u00e7\u00f5es psicol\u00f3gicas. Como explica a terapeuta Ana Matos, &#8220;a terapia n\u00e3o serve apenas para resolver quest\u00f5es pontuais, mas tamb\u00e9m para entender como voc\u00ea funciona, quais s\u00e3o seus padr\u00f5es mentais e como voc\u00ea lida com suas emo\u00e7\u00f5es&#8221;. O processo de autoconhecimento \u00e9 um dos principais benef\u00edcios da terapia, permitindo que os indiv\u00edduos compreendam melhor seus comportamentos e rea\u00e7\u00f5es em diferentes situa\u00e7\u00f5es.<\/p>\n<p class=\"texto\">Al\u00e9m disso, Ana destaca a import\u00e2ncia da terapia no tratamento de doen\u00e7as mentais, como transtornos de ansiedade, p\u00e2nico, depress\u00e3o e transtornos alimentares ou de personalidade, como o Borderline. &#8220;A terapia \u00e9 essencial no tratamento psiqui\u00e1trico, pois ajuda a compreender os gatilhos e comportamentos que alimentam esses transtornos, oferecendo um olhar psicoeducacional sobre o que acontece no c\u00e9rebro durante uma crise&#8221;, afirma a profissional de\u00a0<span class=\"il\">sa\u00fade<\/span>\u00a0<span class=\"il\">mental<\/span>.<\/p>\n<p class=\"texto\">Outro benef\u00edcio significativo da terapia, segundo Ana, \u00e9 a &#8220;liberdade de ser&#8221;, que permite que os indiv\u00edduos vivam de acordo com seus pr\u00f3prios valores e necessidades. \u201cIsso inclui aprender a lidar com opini\u00f5es, press\u00f5es e expectativas sociais, saber dizer n\u00e3o quando necess\u00e1rio e estabelecer limites para manter sua autenticidade. Promovendo um melhor autocuidado, a terapia ajuda voc\u00ea a viver de forma mais alinhada com quem voc\u00ea realmente \u00e9\u201d, conclui a psicanalista.<\/p>\n<p>Fonte: Estado de Minas<br \/>\nhttps:\/\/www.em.com.br\/saude\/2024\/10\/6961431-dia-mundial-da-saude-mental-brasil-e-o-pais-com-a-maior-taxa-de-depressao.html<\/p>\n<p class=\"texto\">\n","protected":false},"excerpt":{"rendered":"<p>Hoje \u00e9 o\u00a0Dia\u00a0Mundial\u00a0da\u00a0Sa\u00fade\u00a0Mental, data dedicada a promover a conscientiza\u00e7\u00e3o sobre os desafios relacionados \u00e0\u00a0sa\u00fade\u00a0emocional da popula\u00e7\u00e3o. Segundo a Organiza\u00e7\u00e3o Pan-Americana da\u00a0Sa\u00fade\u00a0(Opas), aproximadamente 300 milh\u00f5es de pessoas em\u00a0todo o mundo vivem com depress\u00e3o. No Brasil, dados recentes da Organiza\u00e7\u00e3o\u00a0Mundial\u00a0da\u00a0Sa\u00fade\u00a0(OMS) revelam que cerca de 5,8% da popula\u00e7\u00e3o, o que representa 11,7 milh\u00f5es de brasileiros, sofre dessa condi\u00e7\u00e3o. [&hellip;]<\/p>\n","protected":false},"author":1,"featured_media":1721,"comment_status":"open","ping_status":"open","sticky":false,"template":"","format":"standard","meta":[],"categories":[1],"tags":[251,11,95,242],"_links":{"self":[{"href":"http:\/\/servicenterblog.institucional.ws\/index.php?rest_route=\/wp\/v2\/posts\/1720"}],"collection":[{"href":"http:\/\/servicenterblog.institucional.ws\/index.php?rest_route=\/wp\/v2\/posts"}],"about":[{"href":"http:\/\/servicenterblog.institucional.ws\/index.php?rest_route=\/wp\/v2\/types\/post"}],"author":[{"embeddable":true,"href":"http:\/\/servicenterblog.institucional.ws\/index.php?rest_route=\/wp\/v2\/users\/1"}],"replies":[{"embeddable":true,"href":"http:\/\/servicenterblog.institucional.ws\/index.php?rest_route=%2Fwp%2Fv2%2Fcomments&post=1720"}],"version-history":[{"count":1,"href":"http:\/\/servicenterblog.institucional.ws\/index.php?rest_route=\/wp\/v2\/posts\/1720\/revisions"}],"predecessor-version":[{"id":1722,"href":"http:\/\/servicenterblog.institucional.ws\/index.php?rest_route=\/wp\/v2\/posts\/1720\/revisions\/1722"}],"wp:featuredmedia":[{"embeddable":true,"href":"http:\/\/servicenterblog.institucional.ws\/index.php?rest_route=\/wp\/v2\/media\/1721"}],"wp:attachment":[{"href":"http:\/\/servicenterblog.institucional.ws\/index.php?rest_route=%2Fwp%2Fv2%2Fmedia&parent=1720"}],"wp:term":[{"taxonomy":"category","embeddable":true,"href":"http:\/\/servicenterblog.institucional.ws\/index.php?rest_route=%2Fwp%2Fv2%2Fcategories&post=1720"},{"taxonomy":"post_tag","embeddable":true,"href":"http:\/\/servicenterblog.institucional.ws\/index.php?rest_route=%2Fwp%2Fv2%2Ftags&post=1720"}],"curies":[{"name":"wp","href":"https:\/\/api.w.org\/{rel}","templated":true}]}}