{"id":1713,"date":"2024-09-27T15:39:44","date_gmt":"2024-09-27T18:39:44","guid":{"rendered":"http:\/\/servicenterblog.institucional.ws\/?p=1713"},"modified":"2024-09-27T15:39:44","modified_gmt":"2024-09-27T18:39:44","slug":"dia-nacional-da-doacao-de-orgaos-quais-sao-os-orgaos-mais-doados-no-brasil-atualmente","status":"publish","type":"post","link":"http:\/\/servicenterblog.institucional.ws\/?p=1713","title":{"rendered":"Dia Nacional da Doa\u00e7\u00e3o de \u00d3rg\u00e3os: quais s\u00e3o os \u00f3rg\u00e3os mais doados no Brasil atualmente?"},"content":{"rendered":"<p>A data 27 de setembro \u00e9 celebrada anualmente como o Dia Nacional da Doa\u00e7\u00e3o de \u00d3rg\u00e3os, visando conscientizar a popula\u00e7\u00e3o sobre a import\u00e2ncia deste ato. Entre janeiro e junho deste ano, 14.352 mil transplantes foram realizados pelo Sistema \u00danico de Sa\u00fade (SUS) em todo o pa\u00eds, de acordo com o Minist\u00e9rio da Sa\u00fade.<\/p>\n<p>O n\u00famero registrado j\u00e1 \u00e9 maior que o do ano passado, quando foram registrados 13,9 mil durante o mesmo per\u00edodo. Os \u00f3rg\u00e3os mais doados foram os rins, f\u00edgado, cora\u00e7\u00e3o, p\u00e2ncreas e pulm\u00e3o.<\/p>\n<p>A pasta informou que no total, 4.580 \u00f3rg\u00e3os, al\u00e9m de 8.260 c\u00f3rneas e 1.512 medulas \u00f3sseas (classificadas como tecidos) foram doados nos primeiros seis meses de 2024. O aumento em rela\u00e7\u00e3o a 2023 foi de 3,2%.<\/p>\n<p><strong>Doa\u00e7\u00e3o de \u00f3rg\u00e3o ainda \u00e9 tabu<\/strong><br \/>\nAinda segundo a Sa\u00fade, de cada 14 pessoas que manifestam interesse em doar, apenas quatro acabam efetuando a doa\u00e7\u00e3o. Um dos principais obst\u00e1culos \u00e9 a recusa familiar.<\/p>\n<p>\u201cDentre os motivos para n\u00e3o autorizar a doa\u00e7\u00e3o, est\u00e3o a n\u00e3o aceita\u00e7\u00e3o da manipula\u00e7\u00e3o do corpo, cren\u00e7a religiosa, medo da rea\u00e7\u00e3o dos parentes, desconfian\u00e7a da assist\u00eancia e a n\u00e3o compreens\u00e3o do diagn\u00f3stico de morte encef\u00e1lica \u2013 quando se cr\u00ea que \u00e9 poss\u00edvel reverter o quadro\u201d, informa a pasta.<\/p>\n<p>Al\u00e9m do doador ter a op\u00e7\u00e3o de informar em vida o seu desejo, a fam\u00edlia tamb\u00e9m precisa comunicar \u00e0 equipe m\u00e9dica sobre o ato.<\/p>\n<p>O Sistema Nacional de Transplantes (SNT) \u00e9 o maior programa p\u00fablico de transplantes do mundo, respons\u00e1vel pela regulamenta\u00e7\u00e3o, financiamento, controle e monitoramento do processo de doa\u00e7\u00e3o e transplantes realizados no Brasil.<\/p>\n<p><strong>O que uma pessoa pode doar?\u00a0<\/strong><br \/>\nO Minist\u00e9rio da Sa\u00fade explica que existem dois tipos de doadores falecidos:<\/p>\n<p><strong>Ap\u00f3s morte encef\u00e1lica<\/strong><\/p>\n<p>Paciente cuja morte encef\u00e1lica foi constatada segundo crit\u00e9rios definidos pela legisla\u00e7\u00e3o do pa\u00eds e que n\u00e3o tenha sofrido parada cardiorrespirat\u00f3ria. O doador falecido nesta condi\u00e7\u00e3o pode doar cora\u00e7\u00e3o, pulm\u00f5es, f\u00edgado, p\u00e2ncreas, intestino, rins, c\u00f3rnea, vasos, pele, ossos e tend\u00f5es.<\/p>\n<p>A retirada dos \u00f3rg\u00e3os \u00e9 realizada em centro cir\u00fargico, como qualquer outra cirurgia. Para a doa\u00e7\u00e3o de \u00f3rg\u00e3os \u00e9 necess\u00e1ria a manuten\u00e7\u00e3o da circula\u00e7\u00e3o sangu\u00ednea do paciente at\u00e9 o momento da retirada do \u00f3rg\u00e3o a ser doado.<\/p>\n<p><strong>Ap\u00f3s parada cardiorrespirat\u00f3ria<\/strong><\/p>\n<p>O doador cuja morte foi constatada por crit\u00e9rios cardiorrespirat\u00f3rios (cora\u00e7\u00e3o parado) pode doar apenas tecidos para transplante (c\u00f3rnea, vasos, pele, ossos e tend\u00f5es).<\/p>\n<p><strong>Quero ser doador, o que fazer?\u00a0<\/strong><br \/>\nSe voc\u00ea deseja ser um doador de \u00f3rg\u00e3os, avisar aos familiares \u00e9 a mais importante, porque a lei brasileira exige o consentimento da fam\u00edlia para a retirada de \u00f3rg\u00e3os e tecidos para transplante.<\/p>\n<p>N\u00e3o \u00e9 necess\u00e1rio deixar a vontade expressa em documentos ou cart\u00f3rios, basta que sua fam\u00edlia atenda ao seu pedido e autorize a doa\u00e7\u00e3o de \u00f3rg\u00e3os e tecidos. Se voc\u00ea tem um parente doador, respeite a vontade dele.<\/p>\n<p>No entanto, se voc\u00ea deseja doar em vida, \u00e9 necess\u00e1rio ser juridicamente capaz, atendendo os preceitos legais quanto \u00e0 doa\u00e7\u00e3o intervivos, estar em condi\u00e7\u00f5es satisfat\u00f3rias de sa\u00fade e concordar com a doa\u00e7\u00e3o, desde que n\u00e3o prejudique sua pr\u00f3pria sa\u00fade.<\/p>\n<p>\u201cO doador vivo pode doar um dos rins, parte do f\u00edgado, parte do pulm\u00e3o ou parte da medula \u00f3ssea, a compatibilidade sangu\u00ednea \u00e9 primordial em todos os casos. Pela lei, parentes at\u00e9 o quarto grau e c\u00f4njuges podem ser doadores em vida. N\u00e3o parentes, somente com autoriza\u00e7\u00e3o judicial\u201d, informa o Minist\u00e9rio da Sa\u00fade.<\/p>\n<p>Fonte: Terra<br \/>\nhttps:\/\/www.terra.com.br\/vida-e-estilo\/saude\/dia-nacional-da-doacao-de-orgaos-quais-sao-os-orgaos-mais-doados-no-brasil-atualmente,114b166d13aa61583724593a153b3796gbzod0od.html<\/p>\n<p>&nbsp;<\/p>\n","protected":false},"excerpt":{"rendered":"<p>A data 27 de setembro \u00e9 celebrada anualmente como o Dia Nacional da Doa\u00e7\u00e3o de \u00d3rg\u00e3os, visando conscientizar a popula\u00e7\u00e3o sobre a import\u00e2ncia deste ato. Entre janeiro e junho deste ano, 14.352 mil transplantes foram realizados pelo Sistema \u00danico de Sa\u00fade (SUS) em todo o pa\u00eds, de acordo com o Minist\u00e9rio da Sa\u00fade. O n\u00famero [&hellip;]<\/p>\n","protected":false},"author":1,"featured_media":1714,"comment_status":"open","ping_status":"open","sticky":false,"template":"","format":"standard","meta":[],"categories":[1],"tags":[323,251,217,11,218],"_links":{"self":[{"href":"http:\/\/servicenterblog.institucional.ws\/index.php?rest_route=\/wp\/v2\/posts\/1713"}],"collection":[{"href":"http:\/\/servicenterblog.institucional.ws\/index.php?rest_route=\/wp\/v2\/posts"}],"about":[{"href":"http:\/\/servicenterblog.institucional.ws\/index.php?rest_route=\/wp\/v2\/types\/post"}],"author":[{"embeddable":true,"href":"http:\/\/servicenterblog.institucional.ws\/index.php?rest_route=\/wp\/v2\/users\/1"}],"replies":[{"embeddable":true,"href":"http:\/\/servicenterblog.institucional.ws\/index.php?rest_route=%2Fwp%2Fv2%2Fcomments&post=1713"}],"version-history":[{"count":1,"href":"http:\/\/servicenterblog.institucional.ws\/index.php?rest_route=\/wp\/v2\/posts\/1713\/revisions"}],"predecessor-version":[{"id":1715,"href":"http:\/\/servicenterblog.institucional.ws\/index.php?rest_route=\/wp\/v2\/posts\/1713\/revisions\/1715"}],"wp:featuredmedia":[{"embeddable":true,"href":"http:\/\/servicenterblog.institucional.ws\/index.php?rest_route=\/wp\/v2\/media\/1714"}],"wp:attachment":[{"href":"http:\/\/servicenterblog.institucional.ws\/index.php?rest_route=%2Fwp%2Fv2%2Fmedia&parent=1713"}],"wp:term":[{"taxonomy":"category","embeddable":true,"href":"http:\/\/servicenterblog.institucional.ws\/index.php?rest_route=%2Fwp%2Fv2%2Fcategories&post=1713"},{"taxonomy":"post_tag","embeddable":true,"href":"http:\/\/servicenterblog.institucional.ws\/index.php?rest_route=%2Fwp%2Fv2%2Ftags&post=1713"}],"curies":[{"name":"wp","href":"https:\/\/api.w.org\/{rel}","templated":true}]}}