{"id":1707,"date":"2024-09-25T13:53:34","date_gmt":"2024-09-25T16:53:34","guid":{"rendered":"http:\/\/servicenterblog.institucional.ws\/?p=1707"},"modified":"2024-09-25T13:53:34","modified_gmt":"2024-09-25T16:53:34","slug":"veja-como-melhorar-a-imunidade-diante-de-mudancas-de-temperatura","status":"publish","type":"post","link":"http:\/\/servicenterblog.institucional.ws\/?p=1707","title":{"rendered":"Veja como melhorar a imunidade diante de mudan\u00e7as de temperatura"},"content":{"rendered":"<p>As\u00a0<strong>mudan\u00e7as bruscas de temperatura<\/strong>, t\u00edpicas de ondas de calor seguidas por per\u00edodos de frio, s\u00e3o cada vez mais comuns em v\u00e1rias regi\u00f5es do Brasil. Esse cen\u00e1rio afeta diretamente a sa\u00fade, especialmente de indiv\u00edduos mais vulner\u00e1veis, como idosos, crian\u00e7as e aqueles com condi\u00e7\u00f5es respirat\u00f3rias pr\u00e9-existentes.\u00a0Com a chegada de dias imprevis\u00edveis, surge a d\u00favida: como garantir uma boa imunidade e preservar a sa\u00fade diante dessas varia\u00e7\u00f5es extremas?<\/p>\n<div id=\"mid2\" class=\"custom__ad__element\" data-google-query-id=\"CJTPrcjG3ogDFRZZuAQdEM4t6A\">Manter o corpo adaptado a essas mudan\u00e7as n\u00e3o \u00e9 tarefa f\u00e1cil. Enquanto mecanismos naturais \u2014 como suar no calor e tremer no frio \u2014 ajudam a regular a temperatura interna, oscila\u00e7\u00f5es abruptas podem sobrecarregar essas fun\u00e7\u00f5es, levando a um\u00a0<strong>estresse t\u00e9rmico que fragiliza o organismo<\/strong>.<\/div>\n<div data-google-query-id=\"CJTPrcjG3ogDFRZZuAQdEM4t6A\"><\/div>\n<div data-google-query-id=\"CJTPrcjG3ogDFRZZuAQdEM4t6A\">\n<p>Al\u00e9m disso, o impacto na imunidade \u00e9 significativo, especialmente para quem j\u00e1 sofre com alergias ou doen\u00e7as respirat\u00f3rias. A\u00a0<strong>CNN<\/strong>\u00a0ouviu especialistas para entender melhor como o corpo reage a essas varia\u00e7\u00f5es e quais medidas podem ser adotadas para minimizar os riscos.<\/p>\n<h3>Como o corpo reage \u00e0s oscila\u00e7\u00f5es t\u00e9rmicas<\/h3>\n<p>Segundo Vitor Dominato, cl\u00ednico geral do Complexo Hospitalar de Niter\u00f3i (CHN), no Rio de Janeiro, o corpo humano possui mecanismos eficazes para manter uma temperatura interna constante, mas as oscila\u00e7\u00f5es r\u00e1pidas entre calor e frio podem enfraquecer o sistema imunol\u00f3gico.<\/p>\n<p>\u201cMudan\u00e7as bruscas de temperatura podem desencadear resfriados, gripes ou agravar condi\u00e7\u00f5es respirat\u00f3rias como asma e rinite\u201d, explica.<\/p>\n<p>Para pessoas que j\u00e1 convivem com essas condi\u00e7\u00f5es, o impacto \u00e9 ainda maior. \u201cO ar frio e seco irrita as vias respirat\u00f3rias, enquanto as mudan\u00e7as de temperatura podem intensificar crises al\u00e9rgicas.\u201d<\/p>\n<p>Andrea Almeida, infectologista do Hospital do Servidor P\u00fablico Estadual (HSPE),\u00a0complementa que essas oscila\u00e7\u00f5es afetam tamb\u00e9m a press\u00e3o arterial e a frequ\u00eancia card\u00edaca, especialmente em pessoas com hipertens\u00e3o e problemas card\u00edacos.<\/p>\n<p>\u201cTanto no frio intenso quanto no calor, essas condi\u00e7\u00f5es podem se desestabilizar, por isso \u00e9 fundamental monitorar a press\u00e3o regularmente e seguir as orienta\u00e7\u00f5es m\u00e9dicas rigorosamente.\u201d<\/p>\n<h3>Dicas pr\u00e1ticas para proteger a sa\u00fade<\/h3>\n<p>Proteger-se das oscila\u00e7\u00f5es de temperatura requer uma combina\u00e7\u00e3o de cuidados b\u00e1sicos e medidas preventivas. Dominato recomenda a hidrata\u00e7\u00e3o constante, especialmente em ambientes secos ou frios, para manter as mucosas \u00famidas.<\/p>\n<p>\u201cLavar o nariz com soro fisiol\u00f3gico ajuda a limpar as vias nasais e prevenir irrita\u00e7\u00f5es. Al\u00e9m disso, a vitamina C, encontrada em frutas c\u00edtricas ou por meio de suplementa\u00e7\u00e3o, pode fortalecer o sistema imunol\u00f3gico.\u201d<\/p>\n<p>Tamb\u00e9m \u00e9 importante usar roupas adequadas e de prote\u00e7\u00e3o das extremidades, como luvas e meias, especialmente para pacientes com problemas circulat\u00f3rios.<\/p>\n<p>\u201cNo frio, \u00e9 essencial manter as extremidades aquecidas para evitar complica\u00e7\u00f5es. Al\u00e9m disso, a lavagem das narinas com soro \u00e9 uma medida eficaz para descongestionar o nariz e eliminar o excesso de secre\u00e7\u00f5es, especialmente em per\u00edodos de ar seco e polu\u00eddo\u201d, diz Almeida.<\/p>\n<h3>Complexos vitam\u00ednicos e outros suplementos<\/h3>\n<p>Embora a suplementa\u00e7\u00e3o vitam\u00ednica possa ser ben\u00e9fica em casos de defici\u00eancia nutricional, os especialistas alertam que o uso indiscriminado de vitaminas n\u00e3o previne ou cura doen\u00e7as relacionadas \u00e0s oscila\u00e7\u00f5es de temperatura.<\/p>\n<p>\u201c<strong>Suplementos devem ser utilizados apenas sob orienta\u00e7\u00e3o m\u00e9dica<\/strong>, conforme a necessidade espec\u00edfica de cada indiv\u00edduo\u201d, diz a infectologista.<\/p>\n<p>Al\u00e9m disso, o consumo de mel tamb\u00e9m pode trazer benef\u00edcios para a sa\u00fade respirat\u00f3ria, ajudando a reduzir sintomas como tosse e irrita\u00e7\u00e3o na garganta.<\/p>\n<p>\u201cO mel possui propriedades antioxidantes e pode atuar como um expectorante natural, facilitando a elimina\u00e7\u00e3o do muco. No entanto, \u00e9 importante consumi-lo com modera\u00e7\u00e3o e sempre buscar orienta\u00e7\u00e3o m\u00e9dica em casos de alergias ou problemas mais graves\u201d, diz Dominato.<\/p>\n<h3>A import\u00e2ncia dos bons h\u00e1bitos<\/h3>\n<p>Ambos os especialistas concordam que a preven\u00e7\u00e3o \u00e9 a melhor estrat\u00e9gia. Manter uma dieta equilibrada, rica em vitaminas e minerais, praticar exerc\u00edcios f\u00edsicos regularmente e garantir boas noites de sono s\u00e3o fundamentais para fortalecer o sistema imunol\u00f3gico.<\/p>\n<p>\u201cEvitar o estresse tamb\u00e9m \u00e9 crucial, pois altos n\u00edveis de estresse podem enfraquecer a imunidade. T\u00e9cnicas de relaxamento, como medita\u00e7\u00e3o e yoga, podem ser grandes aliadas\u201d, destaca Dominato.<\/p>\n<p>Com essas orienta\u00e7\u00f5es, \u00e9 poss\u00edvel atravessar as mudan\u00e7as de temperatura com mais seguran\u00e7a e menor risco \u00e0 sa\u00fade, mantendo o corpo preparado para enfrentar as oscila\u00e7\u00f5es clim\u00e1ticas que ocorrem rapidamente.<\/p>\n<p>Fonte: CNN Brasil<\/p>\n<blockquote class=\"wp-embedded-content\" data-secret=\"G4O6lVpoo2\"><p><a href=\"https:\/\/www.cnnbrasil.com.br\/saude\/veja-como-melhorar-a-imunidade-diante-de-mudancas-de-temperatura\/\">Veja como melhorar a imunidade diante de mudan\u00e7as de temperatura<\/a><\/p><\/blockquote>\n<p><iframe class=\"wp-embedded-content\" sandbox=\"allow-scripts\" security=\"restricted\" style=\"position: absolute; clip: rect(1px, 1px, 1px, 1px);\" title=\"&#8220;Veja como melhorar a imunidade diante de mudan\u00e7as de temperatura&#8221; &#8212; CNN Brasil\" src=\"https:\/\/www.cnnbrasil.com.br\/saude\/veja-como-melhorar-a-imunidade-diante-de-mudancas-de-temperatura\/embed\/#?secret=7KubirfiUJ#?secret=G4O6lVpoo2\" data-secret=\"G4O6lVpoo2\" width=\"600\" height=\"338\" frameborder=\"0\" marginwidth=\"0\" marginheight=\"0\" scrolling=\"no\"><\/iframe><\/p>\n<\/div>\n","protected":false},"excerpt":{"rendered":"<p>As\u00a0mudan\u00e7as bruscas de temperatura, t\u00edpicas de ondas de calor seguidas por per\u00edodos de frio, s\u00e3o cada vez mais comuns em v\u00e1rias regi\u00f5es do Brasil. Esse cen\u00e1rio afeta diretamente a sa\u00fade, especialmente de indiv\u00edduos mais vulner\u00e1veis, como idosos, crian\u00e7as e aqueles com condi\u00e7\u00f5es respirat\u00f3rias pr\u00e9-existentes.\u00a0Com a chegada de dias imprevis\u00edveis, surge a d\u00favida: como garantir uma [&hellip;]<\/p>\n","protected":false},"author":1,"featured_media":1708,"comment_status":"open","ping_status":"open","sticky":false,"template":"","format":"standard","meta":[],"categories":[3],"tags":[245,128,379,268,363,11,421],"_links":{"self":[{"href":"http:\/\/servicenterblog.institucional.ws\/index.php?rest_route=\/wp\/v2\/posts\/1707"}],"collection":[{"href":"http:\/\/servicenterblog.institucional.ws\/index.php?rest_route=\/wp\/v2\/posts"}],"about":[{"href":"http:\/\/servicenterblog.institucional.ws\/index.php?rest_route=\/wp\/v2\/types\/post"}],"author":[{"embeddable":true,"href":"http:\/\/servicenterblog.institucional.ws\/index.php?rest_route=\/wp\/v2\/users\/1"}],"replies":[{"embeddable":true,"href":"http:\/\/servicenterblog.institucional.ws\/index.php?rest_route=%2Fwp%2Fv2%2Fcomments&post=1707"}],"version-history":[{"count":1,"href":"http:\/\/servicenterblog.institucional.ws\/index.php?rest_route=\/wp\/v2\/posts\/1707\/revisions"}],"predecessor-version":[{"id":1709,"href":"http:\/\/servicenterblog.institucional.ws\/index.php?rest_route=\/wp\/v2\/posts\/1707\/revisions\/1709"}],"wp:featuredmedia":[{"embeddable":true,"href":"http:\/\/servicenterblog.institucional.ws\/index.php?rest_route=\/wp\/v2\/media\/1708"}],"wp:attachment":[{"href":"http:\/\/servicenterblog.institucional.ws\/index.php?rest_route=%2Fwp%2Fv2%2Fmedia&parent=1707"}],"wp:term":[{"taxonomy":"category","embeddable":true,"href":"http:\/\/servicenterblog.institucional.ws\/index.php?rest_route=%2Fwp%2Fv2%2Fcategories&post=1707"},{"taxonomy":"post_tag","embeddable":true,"href":"http:\/\/servicenterblog.institucional.ws\/index.php?rest_route=%2Fwp%2Fv2%2Ftags&post=1707"}],"curies":[{"name":"wp","href":"https:\/\/api.w.org\/{rel}","templated":true}]}}