{"id":1700,"date":"2024-09-16T13:26:39","date_gmt":"2024-09-16T16:26:39","guid":{"rendered":"http:\/\/servicenterblog.institucional.ws\/?p=1700"},"modified":"2024-09-16T13:26:39","modified_gmt":"2024-09-16T16:26:39","slug":"setembro-vermelho-cuide-do-seu-coracao","status":"publish","type":"post","link":"http:\/\/servicenterblog.institucional.ws\/?p=1700","title":{"rendered":"Setembro Vermelho &#8211; Cuide do seu cora\u00e7\u00e3o"},"content":{"rendered":"<p>Em homenagem ao Dia Mundial do Cora\u00e7\u00e3o (29 de setembro), a Federa\u00e7\u00e3o Mundial do Cora\u00e7\u00e3o e a Organiza\u00e7\u00e3o das Na\u00e7\u00f5es Unidas (ONU) criaram a campanha \u201cSetembro Vermelho\u201d.<\/p>\n<p>Desde 2000, associa\u00e7\u00f5es de sa\u00fade utilizam essa iniciativa para estimular a conscientiza\u00e7\u00e3o global sobre a import\u00e2ncia de cuidar do cora\u00e7\u00e3o. O principal objetivo \u00e9 ampliar o acesso a informa\u00e7\u00f5es e aumentar o conhecimento geral sobre os fatores de risco, preven\u00e7\u00e3o e tratamento de condi\u00e7\u00f5es card\u00edacas, incentivando a ado\u00e7\u00e3o de h\u00e1bitos mais saud\u00e1veis pela popula\u00e7\u00e3o.<\/p>\n<p>Conhe\u00e7a os principais fatores que devem receber a sua aten\u00e7\u00e3o e acesse os conte\u00fados que preparamos para te ajudar a cuidar do seu cora\u00e7\u00e3o.<\/p>\n<p>O cora\u00e7\u00e3o \u00e9 a nossa for\u00e7a vital, e n\u00e3o podemos nos esquecer de cuidar do seu funcionamento. A nossa dica \u00e9 dedicar a ele o mesmo carinho e aten\u00e7\u00e3o que oferecemos \u00e0s pessoas que amamos. H\u00e1bitos saud\u00e1veis e acompanhamento m\u00e9dico s\u00e3o grandes aliados do sistema cardiovascular. Seja para a realiza\u00e7\u00e3o de exames regulares ou para o monitoramento de sintomas, o check-up de sa\u00fade \u00e9 muito importante nos cuidados com o cora\u00e7\u00e3o.<\/p>\n<p>Saiba mais aqui: https:\/\/hospitalsiriolibanes.org.br\/setembro-vermelho<\/p>\n<p>Fonte: Hospital S\u00edrio Liban\u00eas<br \/>\nhttps:\/\/hospitalsiriolibanes.org.br\/setembro-vermelho<\/p>\n","protected":false},"excerpt":{"rendered":"<p>Em homenagem ao Dia Mundial do Cora\u00e7\u00e3o (29 de setembro), a Federa\u00e7\u00e3o Mundial do Cora\u00e7\u00e3o e a Organiza\u00e7\u00e3o das Na\u00e7\u00f5es Unidas (ONU) criaram a campanha \u201cSetembro Vermelho\u201d. Desde 2000, associa\u00e7\u00f5es de sa\u00fade utilizam essa iniciativa para estimular a conscientiza\u00e7\u00e3o global sobre a import\u00e2ncia de cuidar do cora\u00e7\u00e3o. O principal objetivo \u00e9 ampliar o acesso a [&hellip;]<\/p>\n","protected":false},"author":1,"featured_media":1701,"comment_status":"open","ping_status":"open","sticky":false,"template":"","format":"standard","meta":[],"categories":[2,3],"tags":[251,376,292,407,11,420],"_links":{"self":[{"href":"http:\/\/servicenterblog.institucional.ws\/index.php?rest_route=\/wp\/v2\/posts\/1700"}],"collection":[{"href":"http:\/\/servicenterblog.institucional.ws\/index.php?rest_route=\/wp\/v2\/posts"}],"about":[{"href":"http:\/\/servicenterblog.institucional.ws\/index.php?rest_route=\/wp\/v2\/types\/post"}],"author":[{"embeddable":true,"href":"http:\/\/servicenterblog.institucional.ws\/index.php?rest_route=\/wp\/v2\/users\/1"}],"replies":[{"embeddable":true,"href":"http:\/\/servicenterblog.institucional.ws\/index.php?rest_route=%2Fwp%2Fv2%2Fcomments&post=1700"}],"version-history":[{"count":1,"href":"http:\/\/servicenterblog.institucional.ws\/index.php?rest_route=\/wp\/v2\/posts\/1700\/revisions"}],"predecessor-version":[{"id":1702,"href":"http:\/\/servicenterblog.institucional.ws\/index.php?rest_route=\/wp\/v2\/posts\/1700\/revisions\/1702"}],"wp:featuredmedia":[{"embeddable":true,"href":"http:\/\/servicenterblog.institucional.ws\/index.php?rest_route=\/wp\/v2\/media\/1701"}],"wp:attachment":[{"href":"http:\/\/servicenterblog.institucional.ws\/index.php?rest_route=%2Fwp%2Fv2%2Fmedia&parent=1700"}],"wp:term":[{"taxonomy":"category","embeddable":true,"href":"http:\/\/servicenterblog.institucional.ws\/index.php?rest_route=%2Fwp%2Fv2%2Fcategories&post=1700"},{"taxonomy":"post_tag","embeddable":true,"href":"http:\/\/servicenterblog.institucional.ws\/index.php?rest_route=%2Fwp%2Fv2%2Ftags&post=1700"}],"curies":[{"name":"wp","href":"https:\/\/api.w.org\/{rel}","templated":true}]}}