{"id":1697,"date":"2024-09-09T17:06:34","date_gmt":"2024-09-09T20:06:34","guid":{"rendered":"http:\/\/servicenterblog.institucional.ws\/?p=1697"},"modified":"2024-09-09T17:06:34","modified_gmt":"2024-09-09T20:06:34","slug":"setembro-amarelo-voce-nao-esta-so-nos-estamos-juntos-nessa-com-voce","status":"publish","type":"post","link":"http:\/\/servicenterblog.institucional.ws\/?p=1697","title":{"rendered":"Setembro Amarelo: voc\u00ea n\u00e3o est\u00e1 s\u00f3! N\u00f3s estamos juntos nessa com voc\u00ea"},"content":{"rendered":"<p>O Setembro Amarelo surgiu com a ideia de quebrar tabus, reduzir estigmas, estimular que as pessoas busquem e ofere\u00e7am ajuda.<\/p>\n<div><\/div>\n<p>Desde 2015, quando ocorreu a primeira edi\u00e7\u00e3o, ano a ano este movimento vem crescendo com mais pessoas reconhecendo que falar sobre suic\u00eddio \u00e9 fundamental, mas exige cuidados.<\/p>\n<p>Setembro Amarelo: voc\u00ea n\u00e3o est\u00e1 s\u00f3!<br \/>\nN\u00f3s estamos juntos nessa com voc\u00ea.<\/p>\n<p>Para mais informa\u00e7\u00f5es sobre como ajudar algu\u00e9m que precisa, identificar sinais de alerta acesse o site oficial\u00a0https:\/\/setembroamarelo.org.br<\/p>\n<p>E se voc\u00ea precisa conversar ou precisa de ajuda ligue para o CVV no n\u00famero 188 ou acesse\u00a0https:\/\/cvv.org.br<\/p>\n<div><\/div>\n<p>Servicenter\u2800<br \/>\nAtendimento online\u00a0<img class=\"emojioneemoji\" src=\"https:\/\/cdnjs.cloudflare.com\/ajax\/libs\/emojione\/2.1.4\/assets\/png\/1f4f2.png\" alt=\"&#x1f4f2;\" \/>\u00a0(11) 97202-7875\u2800\u2800<br \/>\nTelefone: (11) 3722-2233\u2800\u2800\u2800<\/p>\n<p>Acesse nosso site: www.scmedicamentos.com.br\u2800<\/p>\n<p>&nbsp;<\/p>\n","protected":false},"excerpt":{"rendered":"<p>O Setembro Amarelo surgiu com a ideia de quebrar tabus, reduzir estigmas, estimular que as pessoas busquem e ofere\u00e7am ajuda. Desde 2015, quando ocorreu a primeira edi\u00e7\u00e3o, ano a ano este movimento vem crescendo com mais pessoas reconhecendo que falar sobre suic\u00eddio \u00e9 fundamental, mas exige cuidados. Setembro Amarelo: voc\u00ea n\u00e3o est\u00e1 s\u00f3! N\u00f3s estamos [&hellip;]<\/p>\n","protected":false},"author":1,"featured_media":1698,"comment_status":"open","ping_status":"open","sticky":false,"template":"","format":"standard","meta":[],"categories":[3],"tags":[419,214],"_links":{"self":[{"href":"http:\/\/servicenterblog.institucional.ws\/index.php?rest_route=\/wp\/v2\/posts\/1697"}],"collection":[{"href":"http:\/\/servicenterblog.institucional.ws\/index.php?rest_route=\/wp\/v2\/posts"}],"about":[{"href":"http:\/\/servicenterblog.institucional.ws\/index.php?rest_route=\/wp\/v2\/types\/post"}],"author":[{"embeddable":true,"href":"http:\/\/servicenterblog.institucional.ws\/index.php?rest_route=\/wp\/v2\/users\/1"}],"replies":[{"embeddable":true,"href":"http:\/\/servicenterblog.institucional.ws\/index.php?rest_route=%2Fwp%2Fv2%2Fcomments&post=1697"}],"version-history":[{"count":1,"href":"http:\/\/servicenterblog.institucional.ws\/index.php?rest_route=\/wp\/v2\/posts\/1697\/revisions"}],"predecessor-version":[{"id":1699,"href":"http:\/\/servicenterblog.institucional.ws\/index.php?rest_route=\/wp\/v2\/posts\/1697\/revisions\/1699"}],"wp:featuredmedia":[{"embeddable":true,"href":"http:\/\/servicenterblog.institucional.ws\/index.php?rest_route=\/wp\/v2\/media\/1698"}],"wp:attachment":[{"href":"http:\/\/servicenterblog.institucional.ws\/index.php?rest_route=%2Fwp%2Fv2%2Fmedia&parent=1697"}],"wp:term":[{"taxonomy":"category","embeddable":true,"href":"http:\/\/servicenterblog.institucional.ws\/index.php?rest_route=%2Fwp%2Fv2%2Fcategories&post=1697"},{"taxonomy":"post_tag","embeddable":true,"href":"http:\/\/servicenterblog.institucional.ws\/index.php?rest_route=%2Fwp%2Fv2%2Ftags&post=1697"}],"curies":[{"name":"wp","href":"https:\/\/api.w.org\/{rel}","templated":true}]}}