{"id":1693,"date":"2024-08-30T13:17:07","date_gmt":"2024-08-30T16:17:07","guid":{"rendered":"http:\/\/servicenterblog.institucional.ws\/?p=1693"},"modified":"2024-08-30T13:17:07","modified_gmt":"2024-08-30T16:17:07","slug":"dia-nacional-de-conscientizacao-sobre-a-esclerose-multipla-conheca-os-sintomas-2","status":"publish","type":"post","link":"http:\/\/servicenterblog.institucional.ws\/?p=1693","title":{"rendered":"Dia Nacional de Conscientiza\u00e7\u00e3o sobre a Esclerose M\u00faltipla: conhe\u00e7a os sintomas"},"content":{"rendered":"<p>A\u00a0esclerose m\u00faltipla\u00a0\u00e9 uma doen\u00e7a neurol\u00f3gica autoimune que compromete o sistema nervoso central e pode levar a altera\u00e7\u00f5es na vis\u00e3o, no equil\u00edbrio e na capacidade muscular.<strong>\u00a0O<\/strong>\u00a0<strong>Dia Nacional de Conscientiza\u00e7\u00e3o sobre a Esclerose M\u00faltipla<\/strong>, celebrado em 30 de agosto, refor\u00e7a a import\u00e2ncia do diagn\u00f3stico da doen\u00e7a que atinge principalmente pessoas entre 18 e 55 anos, segundo o Minist\u00e9rio da Sa\u00fade.<\/p>\n<p>Os sintomas est\u00e3o associados a altera\u00e7\u00f5es em uma\u00a0estrutura cerebral\u00a0chamada bainha de mielina, que envolve as c\u00e9lulas nervosas pelas quais passam os impulsos el\u00e9tricos respons\u00e1veis pelo controle das fun\u00e7\u00f5es do organismo.<\/p>\n<p>Saiba quais s\u00e3o as poss\u00edveis causas, os fatores de risco e os tratamentos dispon\u00edveis contra a doen\u00e7a:<\/p>\n<h4><strong>Causas s\u00e3o desconhecidas<\/strong><\/h4>\n<p>Um dos desafios do estudo da esclerose m\u00faltipla \u00e9 definir a causa da doen\u00e7a. At\u00e9 o momento, a ci\u00eancia n\u00e3o tem uma resposta sobre o que leva \u00e0 deteriora\u00e7\u00e3o da bainha de mielina. As hip\u00f3teses consideram que a a\u00e7\u00e3o contra os tecidos do\u00a0sistema nervoso\u00a0seja induzida pelo pr\u00f3prio sistema imunol\u00f3gico, de acordo com a predisposi\u00e7\u00e3o gen\u00e9tica.<\/p>\n<p>Segundo o neurologista Tarso Adoni, coordenador do Centro de Esclerose M\u00faltipla do Hospital S\u00edrio-Liban\u00eas, de S\u00e3o Paulo, a infec\u00e7\u00e3o pelo v\u00edrus Epstein-Barr, causador da mononucleose, aliada \u00e0 predisposi\u00e7\u00e3o gen\u00e9tica, pode ser um dos fatores de risco.<\/p>\n<p>\u201cEsse\u00a0v\u00edrus\u00a0\u00e9 um fator de risco, principalmente quando ele acomete os indiv\u00edduos na adolesc\u00eancia. \u00c9 um v\u00edrus de transmiss\u00e3o oral, que causa a mononucleose infecciosa, popularmente conhecida como doen\u00e7a do beijo, relacionada \u00e0 transmiss\u00e3o por saliva\u201d, explica.<\/p>\n<p>\u201cPor uma coincid\u00eancia gen\u00e9tica infeliz, parte da estrutura do v\u00edrus \u00e9 parecida com parte da estrutura da mielina daquela pessoa. O\u00a0sistema imunol\u00f3gico, na tentativa de debelar o v\u00edrus, acaba atacando tamb\u00e9m a mielina do sistema nervoso central\u201d, complementa. O neurologista explica que, como a doen\u00e7a depende de fatores como a predisposi\u00e7\u00e3o gen\u00e9tica, n\u00e3o h\u00e1 como preveni-la.<\/p>\n<h4><strong>Sinais da esclerose m\u00faltipla<\/strong><\/h4>\n<p>As pessoas acometidas pela esclerose m\u00faltipla apresentam surtos ou ataques agudos, que podem ser revertidos espontaneamente ou com o uso de medicamentos. Os sintomas mais comuns s\u00e3o perda visual (neurite \u00f3ptica), diminui\u00e7\u00e3o ou perda de movimentos dos membros (paresia), sensa\u00e7\u00e3o de dorm\u00eancia ou formigamento (parestesia), disfun\u00e7\u00f5es da coordena\u00e7\u00e3o e do equil\u00edbrio, inflama\u00e7\u00e3o da medula espinhal (mielite), al\u00e9m de altera\u00e7\u00f5es cognitivas e comportamentais.<\/p>\n<p>Os pacientes podem apresentar, ainda, altera\u00e7\u00f5es ligadas \u00e0 fala e degluti\u00e7\u00e3o, fadiga e problemas no trato urin\u00e1rio e digestivo.<\/p>\n<h4><strong>As diferentes manifesta\u00e7\u00f5es cl\u00ednicas<\/strong><\/h4>\n<p>Os tipos de esclerose m\u00faltipla s\u00e3o definidos de acordo com a\u00a0evolu\u00e7\u00e3o cl\u00ednica\u00a0de cada paciente, que pode se manifestar de diferentes formas. A mais comum \u00e9 a forma remitente-recorrente (EM-RR), que corresponde a cerca de 85% dos casos.<\/p>\n<p>Os pacientes apresentam surtos bem definidos, com sintomas cl\u00ednicos que podem durar dias ou semanas e desaparecem. A recupera\u00e7\u00e3o geralmente \u00e9 completa e sem sequelas. \u201cO surto \u00e9 um sintoma visual, sensitivo ou motor que dura alguns dias e passa\u201d, explica Tarso.<\/p>\n<p>J\u00e1 as formas progressivas, que podem ser divididas em prim\u00e1ria (EM-PP) ou secund\u00e1ria (EM-SP), concentram de 10 a 15% dos casos. A prim\u00e1ria-progressiva apresenta in\u00edcio lento e piora constante dos sintomas. Os d\u00e9ficits e as incapacidades, que se acumulam ao longo do tempo, podem estabilizar ou continuar por anos.<\/p>\n<div class=\"single-content\">\n<p>A forma secund\u00e1ria, por sua vez, \u00e9 uma evolu\u00e7\u00e3o natural da remitente-recorrente, seguida pelo desenvolvimento de uma incapacidade progressiva que pode apresentar mais surtos. \u201cEla acomete cerca de 50% dos indiv\u00edduos que t\u00eam um in\u00edcio remitente-recorrente, depois de um per\u00edodo de 10 a 20 anos do in\u00edcio dos sintomas. A pessoa para de ter surtos e come\u00e7a a ter uma lenta e progressiva dificuldade\u201d, afirma.<\/p>\n<h4><strong>Diagn\u00f3stico da esclerose m\u00faltipla<\/strong><\/h4>\n<p>O\u00a0diagn\u00f3stico\u00a0pode ser feito a partir da investiga\u00e7\u00e3o do hist\u00f3rico do paciente e de exames f\u00edsicos. A confirma\u00e7\u00e3o \u00e9 realizada por meio de exames de resson\u00e2ncia magn\u00e9tica do cr\u00e2nio e da coluna, com foco no enc\u00e9falo (parte do sistema nervoso localizada no interior do cr\u00e2nio) e na medula, al\u00e9m de exames laboratoriais que permitem descartar outras doen\u00e7as que apresentam sintomas semelhantes.<\/p>\n<p>Em casos de d\u00favidas, pode ser realizado, ainda, o exame do l\u00edquor, o l\u00edquido produzido no\u00a0interior do c\u00e9rebro\u00a0com a fun\u00e7\u00e3o de proteger o sistema nervoso central.<\/p>\n<h4><strong>Quando procurar ajuda<\/strong><\/h4>\n<p>O neurologista do S\u00edrio-Liban\u00eas alerta que as pessoas devem procurar um m\u00e9dico sempre que manifestarem\u00a0sintomas neurol\u00f3gicos\u00a0que persistam por dias e que n\u00e3o tenham uma causa definida, como altera\u00e7\u00f5es da vis\u00e3o, da sensibilidade e dos movimentos do corpo.<\/p>\n<h4><strong>Tratamento da esclerose m\u00faltipla<\/strong><\/h4>\n<p>A esclerose m\u00faltipla n\u00e3o tem cura. Em geral, o tratamento atua no sistema imunol\u00f3gico, com o intuito de reduzir a inflama\u00e7\u00e3o do sistema nervoso central. A medica\u00e7\u00e3o tem como objetivo promover a\u00a0melhoria dos sintomas, reduzir a frequ\u00eancia e a gravidade das recorr\u00eancias e diminuir o n\u00famero de interna\u00e7\u00f5es.<\/p>\n<p>\u201cTemos tratamentos orais, injet\u00e1veis por via subcut\u00e2nea e infusionais que s\u00e3o recebidos na veia. Dependendo da medica\u00e7\u00e3o, pode ter uma frequ\u00eancia mensal ou semestral\u201d, diz Tarso.<\/p>\n<\/div>\n<div id=\"mid2\" class=\"custom__ad__element\" data-google-query-id=\"CP3O6ruNnYgDFaFNuAQdf288qA\">Fonte: CNN Brasil<br \/>\nhttps:\/\/www.cnnbrasil.com.br\/saude\/dia-nacional-de-conscientizacao-sobre-a-esclerose-multipla-conheca-os-sintomas\/<\/div>\n","protected":false},"excerpt":{"rendered":"<p>A\u00a0esclerose m\u00faltipla\u00a0\u00e9 uma doen\u00e7a neurol\u00f3gica autoimune que compromete o sistema nervoso central e pode levar a altera\u00e7\u00f5es na vis\u00e3o, no equil\u00edbrio e na capacidade muscular.\u00a0O\u00a0Dia Nacional de Conscientiza\u00e7\u00e3o sobre a Esclerose M\u00faltipla, celebrado em 30 de agosto, refor\u00e7a a import\u00e2ncia do diagn\u00f3stico da doen\u00e7a que atinge principalmente pessoas entre 18 e 55 anos, segundo o [&hellip;]<\/p>\n","protected":false},"author":1,"featured_media":1694,"comment_status":"open","ping_status":"open","sticky":false,"template":"","format":"standard","meta":[],"categories":[2],"tags":[418,22,11],"_links":{"self":[{"href":"http:\/\/servicenterblog.institucional.ws\/index.php?rest_route=\/wp\/v2\/posts\/1693"}],"collection":[{"href":"http:\/\/servicenterblog.institucional.ws\/index.php?rest_route=\/wp\/v2\/posts"}],"about":[{"href":"http:\/\/servicenterblog.institucional.ws\/index.php?rest_route=\/wp\/v2\/types\/post"}],"author":[{"embeddable":true,"href":"http:\/\/servicenterblog.institucional.ws\/index.php?rest_route=\/wp\/v2\/users\/1"}],"replies":[{"embeddable":true,"href":"http:\/\/servicenterblog.institucional.ws\/index.php?rest_route=%2Fwp%2Fv2%2Fcomments&post=1693"}],"version-history":[{"count":1,"href":"http:\/\/servicenterblog.institucional.ws\/index.php?rest_route=\/wp\/v2\/posts\/1693\/revisions"}],"predecessor-version":[{"id":1695,"href":"http:\/\/servicenterblog.institucional.ws\/index.php?rest_route=\/wp\/v2\/posts\/1693\/revisions\/1695"}],"wp:featuredmedia":[{"embeddable":true,"href":"http:\/\/servicenterblog.institucional.ws\/index.php?rest_route=\/wp\/v2\/media\/1694"}],"wp:attachment":[{"href":"http:\/\/servicenterblog.institucional.ws\/index.php?rest_route=%2Fwp%2Fv2%2Fmedia&parent=1693"}],"wp:term":[{"taxonomy":"category","embeddable":true,"href":"http:\/\/servicenterblog.institucional.ws\/index.php?rest_route=%2Fwp%2Fv2%2Fcategories&post=1693"},{"taxonomy":"post_tag","embeddable":true,"href":"http:\/\/servicenterblog.institucional.ws\/index.php?rest_route=%2Fwp%2Fv2%2Ftags&post=1693"}],"curies":[{"name":"wp","href":"https:\/\/api.w.org\/{rel}","templated":true}]}}