{"id":169,"date":"2018-01-20T09:42:26","date_gmt":"2018-01-20T11:42:26","guid":{"rendered":"http:\/\/servicentermedic1.hospedagemdesites.ws\/blog\/?p=169"},"modified":"2018-01-20T09:42:26","modified_gmt":"2018-01-20T11:42:26","slug":"20-de-janeiro-dia-do-farmaceutico","status":"publish","type":"post","link":"http:\/\/servicenterblog.institucional.ws\/?p=169","title":{"rendered":"20 de janeiro &#8211; Dia do Farmac\u00eautico"},"content":{"rendered":"<p>Na farm\u00e1cia, na laborat\u00f3rio, na ind\u00fastria, na vigil\u00e2ncia sanit\u00e1ria, no posto de sa\u00fade, no hospital \u00e9 este profissional que zela todos os dias pela seguran\u00e7a do seu tratamento.<\/p>\n<p>Parab\u00e9ns!<\/p>\n<p><img loading=\"lazy\" class=\"alignnone size-medium wp-image-170\" src=\"http:\/\/servicentermedic1.hospedagemdesites.ws\/blog\/wp-content\/uploads\/2018\/01\/Dia-do-Farmace\u0302utico-4-300x145.jpg\" alt=\"\" width=\"300\" height=\"145\" srcset=\"http:\/\/servicenterblog.institucional.ws\/wp-content\/uploads\/2018\/01\/Dia-do-Farmace\u0302utico-4-300x145.jpg 300w, http:\/\/servicenterblog.institucional.ws\/wp-content\/uploads\/2018\/01\/Dia-do-Farmace\u0302utico-4-768x371.jpg 768w, http:\/\/servicenterblog.institucional.ws\/wp-content\/uploads\/2018\/01\/Dia-do-Farmace\u0302utico-4-1024x494.jpg 1024w, http:\/\/servicenterblog.institucional.ws\/wp-content\/uploads\/2018\/01\/Dia-do-Farmace\u0302utico-4.jpg 1882w\" sizes=\"(max-width: 300px) 100vw, 300px\" \/> <img loading=\"lazy\" class=\"alignnone size-medium wp-image-171\" src=\"http:\/\/servicentermedic1.hospedagemdesites.ws\/blog\/wp-content\/uploads\/2018\/01\/ttt-300x145.jpg\" alt=\"\" width=\"300\" height=\"145\" srcset=\"http:\/\/servicenterblog.institucional.ws\/wp-content\/uploads\/2018\/01\/ttt-300x145.jpg 300w, http:\/\/servicenterblog.institucional.ws\/wp-content\/uploads\/2018\/01\/ttt-768x371.jpg 768w, http:\/\/servicenterblog.institucional.ws\/wp-content\/uploads\/2018\/01\/ttt-1024x494.jpg 1024w, http:\/\/servicenterblog.institucional.ws\/wp-content\/uploads\/2018\/01\/ttt.jpg 1882w\" sizes=\"(max-width: 300px) 100vw, 300px\" \/><\/p>\n","protected":false},"excerpt":{"rendered":"<p>Na farm\u00e1cia, na laborat\u00f3rio, na ind\u00fastria, na vigil\u00e2ncia sanit\u00e1ria, no posto de sa\u00fade, no hospital \u00e9 este profissional que zela todos os dias pela seguran\u00e7a do seu tratamento. Parab\u00e9ns!<\/p>\n","protected":false},"author":1,"featured_media":171,"comment_status":"open","ping_status":"open","sticky":false,"template":"","format":"standard","meta":[],"categories":[2],"tags":[33,31,32],"_links":{"self":[{"href":"http:\/\/servicenterblog.institucional.ws\/index.php?rest_route=\/wp\/v2\/posts\/169"}],"collection":[{"href":"http:\/\/servicenterblog.institucional.ws\/index.php?rest_route=\/wp\/v2\/posts"}],"about":[{"href":"http:\/\/servicenterblog.institucional.ws\/index.php?rest_route=\/wp\/v2\/types\/post"}],"author":[{"embeddable":true,"href":"http:\/\/servicenterblog.institucional.ws\/index.php?rest_route=\/wp\/v2\/users\/1"}],"replies":[{"embeddable":true,"href":"http:\/\/servicenterblog.institucional.ws\/index.php?rest_route=%2Fwp%2Fv2%2Fcomments&post=169"}],"version-history":[{"count":1,"href":"http:\/\/servicenterblog.institucional.ws\/index.php?rest_route=\/wp\/v2\/posts\/169\/revisions"}],"predecessor-version":[{"id":172,"href":"http:\/\/servicenterblog.institucional.ws\/index.php?rest_route=\/wp\/v2\/posts\/169\/revisions\/172"}],"wp:featuredmedia":[{"embeddable":true,"href":"http:\/\/servicenterblog.institucional.ws\/index.php?rest_route=\/wp\/v2\/media\/171"}],"wp:attachment":[{"href":"http:\/\/servicenterblog.institucional.ws\/index.php?rest_route=%2Fwp%2Fv2%2Fmedia&parent=169"}],"wp:term":[{"taxonomy":"category","embeddable":true,"href":"http:\/\/servicenterblog.institucional.ws\/index.php?rest_route=%2Fwp%2Fv2%2Fcategories&post=169"},{"taxonomy":"post_tag","embeddable":true,"href":"http:\/\/servicenterblog.institucional.ws\/index.php?rest_route=%2Fwp%2Fv2%2Ftags&post=169"}],"curies":[{"name":"wp","href":"https:\/\/api.w.org\/{rel}","templated":true}]}}