{"id":1675,"date":"2024-08-15T10:44:39","date_gmt":"2024-08-15T13:44:39","guid":{"rendered":"http:\/\/servicenterblog.institucional.ws\/?p=1675"},"modified":"2024-08-15T10:48:34","modified_gmt":"2024-08-15T13:48:34","slug":"dia-da-gestante-febrasgo-orienta-sobre-cuidados-a-saude-da-mulher-na-gestacao","status":"publish","type":"post","link":"http:\/\/servicenterblog.institucional.ws\/?p=1675","title":{"rendered":"Dia da Gestante: Febrasgo orienta sobre cuidados a sa\u00fade da mulher na gesta\u00e7\u00e3o"},"content":{"rendered":"<p><span class=\"pg1span pg1text002\">Dia<\/span>\u00a0<span class=\"pg1span pg1text002\">15<\/span>\u00a0<span class=\"pg1span pg1text002\">de<\/span>\u00a0<span class=\"pg1span pg1text002\">agosto<\/span>\u00a0<span class=\"pg1span pg1text002\">\u00e9<\/span>\u00a0<span class=\"pg1span pg1text002\">celebrado<\/span>\u00a0<span class=\"pg1span pg1text002\">o<\/span>\u00a0<span class=\"pg1span pg1text002\">Dia<\/span>\u00a0<span class=\"pg1span pg1text002\">da<\/span>\u00a0<span class=\"pg1span pg1text002\">Gestante,<\/span>\u00a0<span class=\"pg1span pg1text002\">uma<\/span>\u00a0<span class=\"pg1span pg1text002\">data<\/span>\u00a0<span class=\"pg1span pg1text002\">dedicada<\/span>\u00a0<span class=\"pg1span pg1text002\">\u00e0<\/span>\u00a0<span class=\"pg1span pg1text002\">aten\u00e7\u00e3o<\/span>\u00a0<span class=\"pg1span pg1text002\">e<\/span>\u00a0<span class=\"pg1span pg1text002\">cuidados<\/span>\u00a0<span class=\"pg1span pg1text002\">que<\/span>\u00a0<span class=\"pg1span pg1text002\">toda<\/span>\u00a0<span class=\"pg1span pg1text002\">gr\u00e1vida<\/span>\u00a0<span class=\"pg1span pg1text002\">deve<\/span>\u00a0<span class=\"pg1span pg1text002\">ter<\/span>\u00a0<span class=\"pg1span pg1text002\">e<\/span>\u00a0<span class=\"pg1span pg1text002\">receber<\/span>\u00a0<span class=\"pg1span pg1text002\">para<\/span>\u00a0<span class=\"pg1span pg1text002\">uma<\/span>\u00a0<span class=\"pg1span pg1text002\">gesta\u00e7\u00e3o<\/span>\u00a0<span class=\"pg1span pg1text002\">saud\u00e1vel.<\/span>\u00a0<span class=\"pg1span pg1text002\">Os<\/span>\u00a0<span class=\"pg1span pg1text002\">exames<\/span>\u00a0<span class=\"pg1span pg1text002\">pr\u00e9-natal<\/span>\u00a0<span class=\"pg1span pg1text002\">t\u00eam<\/span>\u00a0<span class=\"pg1span pg1text002\">grande<\/span>\u00a0<span class=\"pg1span pg1text002\">import\u00e2ncia<\/span>\u00a0<span class=\"pg1span pg1text002\">em<\/span>\u00a0<span class=\"pg1span pg1text002\">todo<\/span>\u00a0<span class=\"pg1span pg1text002\">o<\/span>\u00a0<span class=\"pg1span pg1text002\">processo<\/span>\u00a0<span class=\"pg1span pg1text002\">de<\/span>\u00a0<span class=\"pg1span pg1text002\">gesta\u00e7\u00e3o,<\/span>\u00a0<span class=\"pg1span pg1text002\">as<\/span>\u00a0<span class=\"pg1span pg1text002\">consultas<\/span>\u00a0<span class=\"pg1span pg1text002\">t\u00eam<\/span>\u00a0<span class=\"pg1span pg1text002\">um<\/span>\u00a0<span class=\"pg1span pg1text002\">papel<\/span>\u00a0<span class=\"pg1span pg1text002\">fundamental<\/span>\u00a0<span class=\"pg1span pg1text002\">na<\/span>\u00a0<span class=\"pg1span pg1text002\">sa\u00fade<\/span>\u00a0<span class=\"pg1span pg1text002\">do<\/span>\u00a0<span class=\"pg1span pg1text002\">beb\u00ea.<\/span><\/p>\n<p>A Dra. Ana Cristina Fernandes, membro da CNTEGO e Obstetr\u00edcia da Febrasgo (Federa\u00e7\u00e3o Brasileira de Ginecologia Obstetr\u00edcia) e\u00a0 da SOGORN (Sociedade de Ginecologia e Obstetr\u00edcia do Rio Grande do Norte), explica que a rela\u00e7\u00e3o m\u00e9dico-gestante \u00e9 fundamental, principalmente, em meio a tantas informa\u00e7\u00f5es dispon\u00edveis.<\/p>\n<p>\u201cA assist\u00eancia pr\u00e9-natal \u00e9 uma assist\u00eancia preventiva e terap\u00eautica, pois visa manter o bem-estar durante todo o per\u00edodo grav\u00eddico, culminando com assist\u00eancia ao parto adequado e menores \u00edndices de morbidade e mortalidade materno-fetal. Em seu conjunto, envolve avalia\u00e7\u00e3o cl\u00ednica e procedimentos complementares de laborat\u00f3rio e imagem direcionados ao bin\u00f4mio materno-fetal\u201d.<\/p>\n<p>As consultas de pr\u00e9-natal devem come\u00e7ar logo que o casal deseje engravidar. Nessa consulta, v\u00e3o ser discutidas d\u00favidas e verificados a presen\u00e7a de doen\u00e7as pr\u00e9vias ou condi\u00e7\u00f5es que possam oferecer risco \u00e0 sua gesta\u00e7\u00e3o e ao seu beb\u00ea. S\u00e3o avaliados o uso de medica\u00e7\u00f5es para evitar doen\u00e7as no feto, e abolir maus h\u00e1bitos na gravidez.<\/p>\n<p><strong>Quantas consultas devem ser realizadas?<\/strong><\/p>\n<p>A especialista da Febrasgo esclarece tamb\u00e9m que \u201cdevem ser feitas no m\u00ednimo no m\u00ednimo seis consultas pr\u00e9-natais ao longo da gravidez, mas o ideal \u00e9 que haja consultas mensais at\u00e9 o s\u00e9timo m\u00eas de gesta\u00e7\u00e3o, depois quinzenais e, chegando perto do parto, ap\u00f3s o oitavo m\u00eas, essas consultas devem se tornar semanais. O agendamento pode se adequar \u00e0s condi\u00e7\u00f5es e complica\u00e7\u00f5es maternas.<\/p>\n<p><strong>Que transforma\u00e7\u00f5es acontecem durante a gravidez?<\/strong><\/p>\n<p>Modifica\u00e7\u00f5es f\u00edsicas, psicol\u00f3gicas, metab\u00f3licas e end\u00f3crinas muito importantes, que devem ser avaliadas e acompanhadas durante toda a gravidez.<\/p>\n<p>Durante a consulta pr\u00e9-natal, \u00e9 realizada anamnese e exame cl\u00ednico geral, avaliando as modifica\u00e7\u00f5es e adapta\u00e7\u00f5es do corpo da gestante, avalia\u00e7\u00e3o de risco gestacional e preven\u00e7\u00e3o de intercorr\u00eancias m\u00f3rbidas para o bin\u00f4mio materno-fetal. S\u00e3o verificados os batimentos card\u00edacos do beb\u00ea e a press\u00e3o arterial, o incremento de peso e acompanhado as queixas comuns da gravidez, estando atento \u00e0s intercorr\u00eancias, ao hist\u00f3rico da paciente e \u00e0s mudan\u00e7as relatadas.<\/p>\n<p><strong>Quais exames s\u00e3o solicitados durante o pr\u00e9-natal?<\/strong><\/p>\n<p>Os exames pr\u00e9-natal devem ser realizados ao longo da gesta\u00e7\u00e3o e, em cada consulta, existe uma sequ\u00eancia de procedimentos que o m\u00e9dico ir\u00e1 garantir que a m\u00e3e e o beb\u00ea estejam saud\u00e1veis.<\/p>\n<p>Exames de sangue tamb\u00e9m s\u00e3o solicitados para avaliar o tipo sangu\u00edneo, hemograma e o controle da glicemia, afastando riscos de diabetes gestacional e tamb\u00e9m para verifica\u00e7\u00e3o de doen\u00e7as infectocontagiosas, como s\u00edfilis, toxoplasmose, hepatite B e C, rub\u00e9ola e HIV. Essas doen\u00e7as devem ser observadas, pois podem levar a sequelas para o beb\u00ea. S\u00e3o realizados exames de ultrassonografia, onde o m\u00ednimo indicado s\u00e3o dois exames de ultrassom: um logo no in\u00edcio da gesta\u00e7\u00e3o, no primeiro trimestre e o outro, entre 20 e 24 semanas. Esses exames conferem se a morfologia e o crescimento fetal est\u00e3o dentro da anormalidade enfatiza a Dra. Ana Cristina.<\/p>\n<p>Fonte: FEBRASGO &#8211; Federa\u00e7\u00e3o Brasileira das Federa\u00e7\u00f5es de Ginecologia e Obstetr\u00edcia<br \/>\nLink: https:\/\/www.febrasgo.org.br\/pt\/institucional\/a-febrasgo<\/p>\n","protected":false},"excerpt":{"rendered":"<p>Dia\u00a015\u00a0de\u00a0agosto\u00a0\u00e9\u00a0celebrado\u00a0o\u00a0Dia\u00a0da\u00a0Gestante,\u00a0uma\u00a0data\u00a0dedicada\u00a0\u00e0\u00a0aten\u00e7\u00e3o\u00a0e\u00a0cuidados\u00a0que\u00a0toda\u00a0gr\u00e1vida\u00a0deve\u00a0ter\u00a0e\u00a0receber\u00a0para\u00a0uma\u00a0gesta\u00e7\u00e3o\u00a0saud\u00e1vel.\u00a0Os\u00a0exames\u00a0pr\u00e9-natal\u00a0t\u00eam\u00a0grande\u00a0import\u00e2ncia\u00a0em\u00a0todo\u00a0o\u00a0processo\u00a0de\u00a0gesta\u00e7\u00e3o,\u00a0as\u00a0consultas\u00a0t\u00eam\u00a0um\u00a0papel\u00a0fundamental\u00a0na\u00a0sa\u00fade\u00a0do\u00a0beb\u00ea. A Dra. Ana Cristina Fernandes, membro da CNTEGO e Obstetr\u00edcia da Febrasgo (Federa\u00e7\u00e3o Brasileira de Ginecologia Obstetr\u00edcia) e\u00a0 da SOGORN (Sociedade de Ginecologia e Obstetr\u00edcia do Rio Grande do Norte), explica que a rela\u00e7\u00e3o m\u00e9dico-gestante \u00e9 fundamental, principalmente, em meio a tantas informa\u00e7\u00f5es dispon\u00edveis. \u201cA assist\u00eancia pr\u00e9-natal \u00e9 uma assist\u00eancia preventiva e terap\u00eautica, pois [&hellip;]<\/p>\n","protected":false},"author":1,"featured_media":1676,"comment_status":"open","ping_status":"open","sticky":false,"template":"","format":"standard","meta":[],"categories":[1],"tags":[416,415,296,13,280,11],"_links":{"self":[{"href":"http:\/\/servicenterblog.institucional.ws\/index.php?rest_route=\/wp\/v2\/posts\/1675"}],"collection":[{"href":"http:\/\/servicenterblog.institucional.ws\/index.php?rest_route=\/wp\/v2\/posts"}],"about":[{"href":"http:\/\/servicenterblog.institucional.ws\/index.php?rest_route=\/wp\/v2\/types\/post"}],"author":[{"embeddable":true,"href":"http:\/\/servicenterblog.institucional.ws\/index.php?rest_route=\/wp\/v2\/users\/1"}],"replies":[{"embeddable":true,"href":"http:\/\/servicenterblog.institucional.ws\/index.php?rest_route=%2Fwp%2Fv2%2Fcomments&post=1675"}],"version-history":[{"count":2,"href":"http:\/\/servicenterblog.institucional.ws\/index.php?rest_route=\/wp\/v2\/posts\/1675\/revisions"}],"predecessor-version":[{"id":1679,"href":"http:\/\/servicenterblog.institucional.ws\/index.php?rest_route=\/wp\/v2\/posts\/1675\/revisions\/1679"}],"wp:featuredmedia":[{"embeddable":true,"href":"http:\/\/servicenterblog.institucional.ws\/index.php?rest_route=\/wp\/v2\/media\/1676"}],"wp:attachment":[{"href":"http:\/\/servicenterblog.institucional.ws\/index.php?rest_route=%2Fwp%2Fv2%2Fmedia&parent=1675"}],"wp:term":[{"taxonomy":"category","embeddable":true,"href":"http:\/\/servicenterblog.institucional.ws\/index.php?rest_route=%2Fwp%2Fv2%2Fcategories&post=1675"},{"taxonomy":"post_tag","embeddable":true,"href":"http:\/\/servicenterblog.institucional.ws\/index.php?rest_route=%2Fwp%2Fv2%2Ftags&post=1675"}],"curies":[{"name":"wp","href":"https:\/\/api.w.org\/{rel}","templated":true}]}}