{"id":1672,"date":"2024-08-12T11:42:44","date_gmt":"2024-08-12T14:42:44","guid":{"rendered":"http:\/\/servicenterblog.institucional.ws\/?p=1672"},"modified":"2024-08-12T11:42:44","modified_gmt":"2024-08-12T14:42:44","slug":"alergias-de-inverno-veja-principais-riscos-e-saiba-diferenciar-de-outras-doencas","status":"publish","type":"post","link":"http:\/\/servicenterblog.institucional.ws\/?p=1672","title":{"rendered":"Alergias de inverno: veja principais riscos e saiba diferenciar de outras doen\u00e7as"},"content":{"rendered":"<p><em>No inverno, as alergias respirat\u00f3rias, como asma e rinite, se intensificam devido \u00e0s condi\u00e7\u00f5es atmosf\u00e9ricas e \u00e0 maior exposi\u00e7\u00e3o a al\u00e9rgenos domiciliares<\/em><\/p>\n<p>Com a chegada do inverno, aumentam os casos de alergias respirat\u00f3rias e infec\u00e7\u00f5es, complicando a vida de muitas pessoas.\u00a0<strong>Asma, rinite e dermatite at\u00f3pica<\/strong>\u00a0s\u00e3o algumas das doen\u00e7as al\u00e9rgicas que tendem a piorar devido ao frio e ao ar seco.<\/p>\n<p>Al\u00e9m disso, a perman\u00eancia em ambientes fechados eleva a exposi\u00e7\u00e3o a al\u00e9rgenos como \u00e1caros e pelos de animais dom\u00e9sticos.<\/p>\n<p>A gripe e o resfriado tamb\u00e9m\u00a0s\u00e3o comuns nesta \u00e9poca, mas saber diferenci\u00e1-los \u00e9 essencial. \u201cA gripe, causada pelo v\u00edrus Influenza, \u00e9 mais severa, com febre alta e dores musculares intensas. J\u00e1 o resfriado, geralmente causado por rinov\u00edrus, apresenta sintomas mais leves, como coriza e congest\u00e3o nasal\u201d, explica Sabrina Soares, infectologista do Hospital Badim (RJ).<\/p>\n<p>As\u00a0infec\u00e7\u00f5es bacterianas\u00a0se distinguem pela intensidade e dura\u00e7\u00e3o dos sintomas, al\u00e9m da colora\u00e7\u00e3o das secre\u00e7\u00f5es, que tendem a ser mais espessas e coloridas. Veja a seguir outras condi\u00e7\u00f5es que s\u00e3o bem comuns nesta \u00e9poca do ano.<\/p>\n<h3><strong>Asma, rinite e dermatite at\u00f3pica<\/strong><\/h3>\n<p>No inverno, as\u00a0<strong>alergias respirat\u00f3rias<\/strong>, como asma e rinite, se intensificam devido \u00e0s condi\u00e7\u00f5es atmosf\u00e9ricas e \u00e0 maior exposi\u00e7\u00e3o a al\u00e9rgenos domiciliares.<\/p>\n<p>\u201cO ar seco e frio estimula as vias a\u00e9reas, agravando as condi\u00e7\u00f5es de quem j\u00e1 sofre com essas doen\u00e7as\u201d, diz Maria Elisa Bertocco, alergista do Servi\u00e7o de Alergia e Imunologia do Hospital do Servidor P\u00fablico Estadual (HSPE).<\/p>\n<p>Al\u00e9m dela, a dermatite at\u00f3pica, uma alergia cut\u00e2nea, tamb\u00e9m piora na esta\u00e7\u00e3o devido aos banhos mais quentes e roupas inadequadamente higienizadas. \u201cA pele seca e irritada tamb\u00e9m \u00e9 um problema, levando ao aumento das dermatites\u201d, acrescenta o especialista. Portanto, \u00e9 essencial manter a pele hidratada e evitar fatores que possam desencadear crises al\u00e9rgicas.<\/p>\n<h3><strong>Diferenciando infec\u00e7\u00f5es virais e bacterianas<\/strong><\/h3>\n<p>A distin\u00e7\u00e3o entre infec\u00e7\u00f5es virais e bacterianas \u00e9 crucial para um tratamento eficaz. Soares esclarece que infec\u00e7\u00f5es bacterianas geralmente apresentam uma piora mais acentuada do estado geral, com febre alta e sintomas prolongados.<\/p>\n<p>\u201cGeralmente, as infec\u00e7\u00f5es bacterianas seguem as virais, necessitando de diagn\u00f3stico preciso atrav\u00e9s de testes de detec\u00e7\u00e3o de v\u00edrus e exames de sangue\u201d, completa Marcello Bossois, alergista e imunologista e coordenador do Brasil Sem Alergia.<\/p>\n<p>As infec\u00e7\u00f5es virais podem abrir caminho para doen\u00e7as bacterianas, especialmente em grupos vulner\u00e1veis como crian\u00e7as e idosos. \u201cInfec\u00e7\u00f5es virais, ao produzirem muito muco, facilitam a entrada de bact\u00e9rias, podendo evoluir para pneumonias bacterianas\u201d, explica Bossois.<\/p>\n<p>Para tratar as doen\u00e7as virais, repouso, hidrata\u00e7\u00e3o e medicamentos sintom\u00e1ticos s\u00e3o fundamentais. Antivirais podem ser \u00fateis no\u00a0caso da gripe, se administrados precocemente.<\/p>\n<p>As infec\u00e7\u00f5es bacterianas requerem antibi\u00f3ticos, mas sempre sob orienta\u00e7\u00e3o m\u00e9dica. \u201cA preven\u00e7\u00e3o \u00e9 crucial, especialmente atrav\u00e9s da vacina\u00e7\u00e3o contra a gripe e a Covid-19, al\u00e9m de evitar aglomera\u00e7\u00f5es e manter os ambientes ventilados\u201d, destaca Bossois.<\/p>\n<h3><strong>Preven\u00e7\u00e3o\u00a0<\/strong><\/h3>\n<p>Para prevenir doen\u00e7as respirat\u00f3rias no inverno, a vacina\u00e7\u00e3o contra gripe e Covid-19 \u00e9 fundamental, principalmente para grupos de risco.<\/p>\n<p>\u201cManter ambientes arejados, evitar aglomera\u00e7\u00f5es e usar m\u00e1scaras s\u00e3o medidas essenciais para reduzir a transmiss\u00e3o de v\u00edrus\u201d, refor\u00e7a Soares. Al\u00e9m disso, \u00e9 importante hidratar a pele adequadamente e evitar banhos muito quentes para prevenir a piora da dermatite at\u00f3pica.<\/p>\n<p>\u00c9 preciso ter aten\u00e7\u00e3o aos sinais de infec\u00e7\u00e3o bacteriana, como secre\u00e7\u00f5es amareladas ou esverdeadas, que indicam a necessidade de interven\u00e7\u00e3o m\u00e9dica. \u201cDiagn\u00f3stico precoce e tratamento adequado s\u00e3o fundamentais para evitar complica\u00e7\u00f5es graves\u201d, alerta o alergista e imunologista.<\/p>\n<p>Por fim, procurar assist\u00eancia m\u00e9dica ao perceber sintomas persistentes ou severos \u00e9 crucial para um acompanhamento adequado e eficaz.<\/p>\n<h3><strong>As \u201cItes\u201d do inverno<\/strong><\/h3>\n<p>No inverno, diversas doen\u00e7as terminadas em \u201cite\u201d se tornam mais comuns. \u201cBronquite, sinusite, bronquiolite, faringite, entre outras, s\u00e3o inflama\u00e7\u00f5es que podem ter origem al\u00e9rgica ou infecciosa\u201d, diz Bertocco.<\/p>\n<p>A sinusite, por exemplo, pode ser causada por v\u00edrus, bact\u00e9rias ou fungos, e sua diferencia\u00e7\u00e3o \u00e9 fundamental para o tratamento adequado.<\/p>\n<p>\u201cBronquiolite, especificamente, \u00e9 causada pelo v\u00edrus sincicial respirat\u00f3rio, afetando principalmente crian\u00e7as e idosos\u201d, acrescenta Bossois.<\/p>\n<h3><strong>Impacto das doen\u00e7as al\u00e9rgicas no inverno<\/strong><\/h3>\n<p>As alergias respirat\u00f3rias no inverno n\u00e3o apenas causam desconforto imediato, mas tamb\u00e9m podem desencadear complica\u00e7\u00f5es mais s\u00e9rias.<\/p>\n<p>\u201cA rinite al\u00e9rgica, se n\u00e3o tratada, pode evoluir para sinusite cr\u00f4nica, levando a problemas como gotejamento p\u00f3s-nasal e agravamento da asma\u201d, alerta Bossois. Al\u00e9m disso, a dermatite at\u00f3pica pode se agravar com a pele seca, aumentando a vulnerabilidade a infec\u00e7\u00f5es secund\u00e1rias.<\/p>\n<p>Para minimizar esses riscos, \u00e9 essencial manter uma boa rotina de cuidados com a sa\u00fade. \u201cAl\u00e9m de evitar fatores desencadeantes, \u00e9 importante seguir as recomenda\u00e7\u00f5es m\u00e9dicas e n\u00e3o se automedicar\u201d, refor\u00e7a Soares.<\/p>\n<p>A hidrata\u00e7\u00e3o constante, tanto da pele quanto do organismo, e a manuten\u00e7\u00e3o de um ambiente limpo e arejado s\u00e3o medidas simples, mas eficazes para controlar as alergias de inverno.<\/p>\n<h3><strong>Cuidados com crian\u00e7as e idosos<\/strong><\/h3>\n<p>Grupos vulner\u00e1veis, como crian\u00e7as e idosos, merecem aten\u00e7\u00e3o redobrada. \u201cAs crian\u00e7as s\u00e3o mais suscet\u00edveis a infec\u00e7\u00f5es como bronquiolite, que pode levar ao desenvolvimento de asma\u201d, explica Bossois.<\/p>\n<p>\u201cJ\u00e1 os idosos, com o sistema imunol\u00f3gico mais fr\u00e1gil, est\u00e3o em maior risco de complica\u00e7\u00f5es graves de gripes e infec\u00e7\u00f5es bacterianas.\u201d<\/p>\n<p>Portanto, \u00e9 crucial manter a vacina\u00e7\u00e3o em dia e adotar h\u00e1bitos saud\u00e1veis. \u201cAmbientes ventilados, alimenta\u00e7\u00e3o balanceada e evitar exposi\u00e7\u00e3o a aglomera\u00e7\u00f5es s\u00e3o cuidados essenciais para proteger esses grupos\u201d, conclui Bertocco.<\/p>\n<p>Fonte: CNN Brasil<\/p>\n","protected":false},"excerpt":{"rendered":"<p>No inverno, as alergias respirat\u00f3rias, como asma e rinite, se intensificam devido \u00e0s condi\u00e7\u00f5es atmosf\u00e9ricas e \u00e0 maior exposi\u00e7\u00e3o a al\u00e9rgenos domiciliares Com a chegada do inverno, aumentam os casos de alergias respirat\u00f3rias e infec\u00e7\u00f5es, complicando a vida de muitas pessoas.\u00a0Asma, rinite e dermatite at\u00f3pica\u00a0s\u00e3o algumas das doen\u00e7as al\u00e9rgicas que tendem a piorar devido ao [&hellip;]<\/p>\n","protected":false},"author":1,"featured_media":1673,"comment_status":"open","ping_status":"open","sticky":false,"template":"","format":"standard","meta":[],"categories":[3],"tags":[371,379,8,11],"_links":{"self":[{"href":"http:\/\/servicenterblog.institucional.ws\/index.php?rest_route=\/wp\/v2\/posts\/1672"}],"collection":[{"href":"http:\/\/servicenterblog.institucional.ws\/index.php?rest_route=\/wp\/v2\/posts"}],"about":[{"href":"http:\/\/servicenterblog.institucional.ws\/index.php?rest_route=\/wp\/v2\/types\/post"}],"author":[{"embeddable":true,"href":"http:\/\/servicenterblog.institucional.ws\/index.php?rest_route=\/wp\/v2\/users\/1"}],"replies":[{"embeddable":true,"href":"http:\/\/servicenterblog.institucional.ws\/index.php?rest_route=%2Fwp%2Fv2%2Fcomments&post=1672"}],"version-history":[{"count":1,"href":"http:\/\/servicenterblog.institucional.ws\/index.php?rest_route=\/wp\/v2\/posts\/1672\/revisions"}],"predecessor-version":[{"id":1674,"href":"http:\/\/servicenterblog.institucional.ws\/index.php?rest_route=\/wp\/v2\/posts\/1672\/revisions\/1674"}],"wp:featuredmedia":[{"embeddable":true,"href":"http:\/\/servicenterblog.institucional.ws\/index.php?rest_route=\/wp\/v2\/media\/1673"}],"wp:attachment":[{"href":"http:\/\/servicenterblog.institucional.ws\/index.php?rest_route=%2Fwp%2Fv2%2Fmedia&parent=1672"}],"wp:term":[{"taxonomy":"category","embeddable":true,"href":"http:\/\/servicenterblog.institucional.ws\/index.php?rest_route=%2Fwp%2Fv2%2Fcategories&post=1672"},{"taxonomy":"post_tag","embeddable":true,"href":"http:\/\/servicenterblog.institucional.ws\/index.php?rest_route=%2Fwp%2Fv2%2Ftags&post=1672"}],"curies":[{"name":"wp","href":"https:\/\/api.w.org\/{rel}","templated":true}]}}