{"id":1649,"date":"2024-07-04T12:10:22","date_gmt":"2024-07-04T15:10:22","guid":{"rendered":"http:\/\/servicenterblog.institucional.ws\/?p=1649"},"modified":"2024-07-04T12:10:22","modified_gmt":"2024-07-04T15:10:22","slug":"o-cerebro-humano-tem-crescido-nas-ultimas-decadas-o-que-isso-significa-para-nossa-inteligencia","status":"publish","type":"post","link":"http:\/\/servicenterblog.institucional.ws\/?p=1649","title":{"rendered":"O c\u00e9rebro humano tem crescido nas \u00faltimas d\u00e9cadas: o que isso significa para nossa intelig\u00eancia?"},"content":{"rendered":"<div class=\"bbc-19j92fr ebmt73l0\" dir=\"ltr\">\n<p class=\"bbc-hhl7in e17g058b0\" dir=\"ltr\">Existem maneiras bastante elegantes de insultar. Por exemplo, na minha fam\u00edlia da regi\u00e3o de La Mancha, na Espanha, quando algu\u00e9m diz &#8220;hoje o seu\u00a0c\u00e9rebro\u00a0cresceu&#8221;, est\u00e1 insinuando que voc\u00ea est\u00e1 um pouco mais &#8220;lento&#8221; que o habitual.<\/p>\n<\/div>\n<div class=\"bbc-19j92fr ebmt73l0\" dir=\"ltr\">\n<p class=\"bbc-hhl7in e17g058b0\" dir=\"ltr\">Com o passar do tempo, o significado das palavras muda e, ao que parece, o volume do nosso c\u00e9rebro tamb\u00e9m.<\/p>\n<\/div>\n<div class=\"bbc-19j92fr ebmt73l0\" dir=\"ltr\">\n<p class=\"bbc-hhl7in e17g058b0\" dir=\"ltr\">N\u00e3o \u00e9 de admirar, portanto, que no futuro e de acordo com os \u00faltimos estudos em neuroci\u00eancia, qualquer men\u00e7\u00e3o ao tamanho deste \u00f3rg\u00e3o seja considerada um elogio.<\/p>\n<\/div>\n<div class=\"bbc-19j92fr ebmt73l0\" dir=\"ltr\">\n<p class=\"bbc-hhl7in e17g058b0\" dir=\"ltr\">Mas para falar com precis\u00e3o sobre o assunto, \u00e9 importante esclarecer algo primeiro.<\/p>\n<p dir=\"ltr\">O\u00a0sistema nervoso central\u00a0\u00e9 composto pelo enc\u00e9falo (que inclui o c\u00e9rebro, o tronco cerebral e o cerebelo) e a medula espinhal. Embora o c\u00e9rebro seja a parte maior do enc\u00e9falo, \u00e9 apenas uma parte dele. Portanto, \u00e9 mais preciso referir-se ao conjunto com o segundo termo.<\/p>\n<div class=\"bbc-19j92fr ebmt73l0\" dir=\"ltr\">\n<p class=\"bbc-hhl7in e17g058b0\" dir=\"ltr\">No entanto, num estudo recente que iremos analisar detalhadamente mais adiante, os investigadores encontraram mudan\u00e7as principalmente no volume do c\u00e9rebro.<\/p>\n<\/div>\n<div class=\"bbc-19j92fr ebmt73l0\" dir=\"ltr\">\n<p class=\"bbc-hhl7in e17g058b0\" dir=\"ltr\">Portanto, desta vez, e sem que sirva de precedente, ser\u00e3o utilizados ambos os termos indiscriminadamente.<\/p>\n<div class=\"bbc-19j92fr ebmt73l0\" dir=\"ltr\">\n<h2 id=\"O-nosso-c\u00e9rebro-ainda-n\u00e3o-atingiu-o-seu-limite\" class=\"bbc-1f03ibc eglt09e0\" tabindex=\"-1\">O nosso c\u00e9rebro ainda n\u00e3o atingiu o seu limite<\/h2>\n<\/div>\n<div class=\"bbc-19j92fr ebmt73l0\" dir=\"ltr\">\n<p class=\"bbc-hhl7in e17g058b0\" dir=\"ltr\">A evolu\u00e7\u00e3o dotou os humanos de um enc\u00e9falo de grandes dimens\u00f5es, com um volume entre 1.200 e 1.400 cm\u00b3.<\/p>\n<\/div>\n<div class=\"bbc-19j92fr ebmt73l0\" dir=\"ltr\">\n<p class=\"bbc-hhl7in e17g058b0\" dir=\"ltr\">Embora haja animais, como a baleia cachalote, que possam ter um c\u00e9rebro muito grande em termos absolutos (8.000 cm\u00b3), \u00e9 necess\u00e1rio considerar a propor\u00e7\u00e3o em rela\u00e7\u00e3o ao resto do corpo.<\/p>\n<\/div>\n<div class=\"bbc-19j92fr ebmt73l0\" dir=\"ltr\">\n<p class=\"bbc-hhl7in e17g058b0\" dir=\"ltr\">Neste sentido, os humanos s\u00e3o os seres vivos com o maior enc\u00e9falo, sem discuss\u00e3o, uma vez que \u00e9 cinco vezes maior em rela\u00e7\u00e3o ao tamanho corporal. Este facto tem sido tradicionalmente associado a uma maior intelig\u00eancia e melhores capacidades cognitivas superiores.<\/p>\n<\/div>\n<div class=\"bbc-19j92fr ebmt73l0\" dir=\"ltr\">\n<p class=\"bbc-hhl7in e17g058b0\" dir=\"ltr\">E o processo evolutivo continua. Isso significa que o nosso c\u00e9rebro ainda est\u00e1 a crescer ou j\u00e1 atingimos o limite m\u00e1ximo?<\/p>\n<\/div>\n<div class=\"bbc-19j92fr ebmt73l0\" dir=\"ltr\">\n<p class=\"bbc-hhl7in e17g058b0\" dir=\"ltr\">Parece ser que \u00e9 o primeiro: a pesquisa mencionada anteriormente descobriu que as pessoas nascidas nos \u00faltimos anos t\u00eam c\u00e9rebros significativamente maiores do que as gera\u00e7\u00f5es anteriores.<\/p>\n<\/div>\n<div class=\"bbc-19j92fr ebmt73l0\" dir=\"ltr\">\n<p class=\"bbc-hhl7in e17g058b0\" dir=\"ltr\">Para descobrir isso, os cientistas realizaram resson\u00e2ncias magn\u00e9ticas em 3.226 pessoas, mulheres (53%) e homens (47%) com idades entre 45 e 74 anos.<\/p>\n<\/div>\n<div class=\"bbc-19j92fr ebmt73l0\" dir=\"ltr\">\n<p class=\"bbc-hhl7in e17g058b0\" dir=\"ltr\">Comparando as imagens dos volunt\u00e1rios nascidos entre as d\u00e9cadas de 1930 e 1970, descobriram que, em m\u00e9dia, os c\u00e9rebros dos participantes dos anos 70 tinham um volume 6,6 % maior do que os dos sujeitos nascidos quarenta anos antes, sem diferen\u00e7as significativas entre homens e mulheres.<\/p>\n<\/div>\n<div class=\"bbc-19j92fr ebmt73l0\" dir=\"ltr\">\n<p class=\"bbc-hhl7in e17g058b0\" dir=\"ltr\">O crescimento afetaria \u00e1reas importantes como a subst\u00e2ncia branca &#8211; rede de ax\u00f3nios mielinizados que permitem a comunica\u00e7\u00e3o entre as diferentes \u00e1reas dentro e fora do sistema nervoso &#8211; a subst\u00e2ncia cinzenta cortical &#8211; onde a maioria dos processos cognitivos e emocionais ocorrem &#8211; e o hipocampo, uma estrutura respons\u00e1vel por v\u00e1rias fun\u00e7\u00f5es cognitivas, como a\u00a0mem\u00f3ria\u00a0ou a capacidade de se orientar e deslocar.<\/p>\n<\/div>\n<div class=\"bbc-19j92fr ebmt73l0\" dir=\"ltr\">\n<p class=\"bbc-hhl7in e17g058b0\" dir=\"ltr\">Este aumento poderia ser influenciado por v\u00e1rios fatores ambientais e de desenvolvimento, como melhor aten\u00e7\u00e3o m\u00e9dica pr\u00e9 e p\u00f3s-natal, avan\u00e7os na nutri\u00e7\u00e3o, mudan\u00e7as no estilo de vida, aumento do acesso \u00e0\u00a0educa\u00e7\u00e3o\u00a0e maior estimula\u00e7\u00e3o cognitiva.<\/p>\n<div class=\"bbc-19j92fr ebmt73l0\" dir=\"ltr\">\n<h2 id=\"Para-a-intelig\u00eancia-o-tamanho-quase-n\u00e3o-importa\" class=\"bbc-1f03ibc eglt09e0\" tabindex=\"-1\">Para a intelig\u00eancia, o tamanho (quase) n\u00e3o importa<\/h2>\n<\/div>\n<div class=\"bbc-19j92fr ebmt73l0\" dir=\"ltr\">\n<p class=\"bbc-hhl7in e17g058b0\" dir=\"ltr\">A pr\u00f3xima quest\u00e3o que surge \u00e9: o aumento do c\u00e9rebro nos torna ent\u00e3o mais inteligentes? N\u00e3o exatamente.<\/p>\n<\/div>\n<div class=\"bbc-19j92fr ebmt73l0\" dir=\"ltr\">\n<p class=\"bbc-hhl7in e17g058b0\" dir=\"ltr\">Embora o estudo analise tend\u00eancias nos volumes cerebrais e sua associa\u00e7\u00e3o com fatores temporais e ambientais, o tamanho n\u00e3o \u00e9 necessariamente um indicador direto de intelig\u00eancia.<\/p>\n<\/div>\n<div class=\"bbc-19j92fr ebmt73l0\" dir=\"ltr\">\n<p class=\"bbc-hhl7in e17g058b0\" dir=\"ltr\">A teoria da encefaliza\u00e7\u00e3o sugere que o tecido cerebral &#8220;extra&#8221; permite dedicar mais neur\u00f4nios a tarefas cognitivas. E embora seja verdade que existe uma pequena, mas significativa, correla\u00e7\u00e3o entre as dimens\u00f5es do enc\u00e9falo e o desempenho cognitivo, n\u00e3o h\u00e1 uma rela\u00e7\u00e3o direta e absoluta entre ambos os par\u00e2metros.<\/p>\n<\/div>\n<div class=\"bbc-19j92fr ebmt73l0\" dir=\"ltr\">\n<p class=\"bbc-hhl7in e17g058b0\" dir=\"ltr\">A intelig\u00eancia \u00e9 um construto multifacetado determinado por uma ampla gama de fatores, incluindo\u00a0gen\u00e9tica, ambiente e sa\u00fade.<\/p>\n<\/div>\n<div class=\"bbc-19j92fr ebmt73l0\" dir=\"ltr\">\n<p class=\"bbc-hhl7in e17g058b0\" dir=\"ltr\">Al\u00e9m disso, as habilidades cognitivas superiores s\u00e3o influenciadas pela estrutura e conectividade cerebral, plasticidade e experi\u00eancia individual, entre outros elementos.<\/p>\n<\/div>\n<div class=\"bbc-19j92fr ebmt73l0\" dir=\"ltr\">\n<p class=\"bbc-hhl7in e17g058b0\" dir=\"ltr\">Definitivamente, o tamanho do enc\u00e9falo n\u00e3o \u00e9 o \u00fanico fator que determina a\u00a0intelig\u00eancia.<\/p>\n<\/div>\n<div class=\"bbc-19j92fr ebmt73l0\" dir=\"ltr\">\n<p class=\"bbc-hhl7in e17g058b0\" dir=\"ltr\">A encefaliza\u00e7\u00e3o, ou aumento relativo do tamanho do enc\u00e9falo em rela\u00e7\u00e3o ao tamanho do corpo, tem sido um processo chave na evolu\u00e7\u00e3o do c\u00e9rebro humano, mas n\u00e3o o \u00fanico. Tamb\u00e9m foi necess\u00e1ria uma reorganiza\u00e7\u00e3o dos tecidos e circuitos cerebrais.<\/p>\n<\/div>\n<div class=\"bbc-19j92fr ebmt73l0\" dir=\"ltr\">\n<p class=\"bbc-hhl7in e17g058b0\" dir=\"ltr\">Portanto, a rela\u00e7\u00e3o entre tamanho e intelig\u00eancia n\u00e3o \u00e9 linear, e esp\u00e9cies com c\u00e9rebros menores podem apresentar habilidades cognitivas superiores \u00e0s de esp\u00e9cies com \u00f3rg\u00e3os maiores. Um exemplo claro s\u00e3o as aves em compara\u00e7\u00e3o com os primatas. Seus c\u00e9rebros s\u00e3o menores em rela\u00e7\u00e3o ao corpo, mas t\u00eam uma alta densidade neuronal concentrada em \u00e1reas espec\u00edficas.<\/p>\n<\/div>\n<div class=\"bbc-19j92fr ebmt73l0\" dir=\"ltr\">\n<p class=\"bbc-hhl7in e17g058b0\" dir=\"ltr\">Isso lhes permite desfrutar de n\u00edveis elevados de\u00a0cogni\u00e7\u00e3o, com habilidades como planejamento para o futuro ou busca de padr\u00f5es. O mesmo pode ocorrer entre diferentes indiv\u00edduos humanos.<\/p>\n<div class=\"bbc-19j92fr ebmt73l0\" dir=\"ltr\">\n<h2 id=\"Mais-preparados-para-enfrentar-o-decl\u00ednio-cognitivo\" class=\"bbc-1f03ibc eglt09e0\" tabindex=\"-1\">Mais preparados para enfrentar o decl\u00ednio cognitivo<\/h2>\n<\/div>\n<div class=\"bbc-19j92fr ebmt73l0\" dir=\"ltr\">\n<p class=\"bbc-hhl7in e17g058b0\" dir=\"ltr\">O que parece indicar este tipo de estudos \u00e9 que o aumento do tamanho do enc\u00e9falo pode influenciar o\u00a0desenvolvimento cognitivo\u00a0ao proporcionar uma reserva cerebral maior, o que potencialmente reduz o risco de deteriora\u00e7\u00e3o cognitiva e\u00a0doen\u00e7as neurodegenerativas.<\/p>\n<\/div>\n<div class=\"bbc-19j92fr ebmt73l0\" dir=\"ltr\">\n<p class=\"bbc-hhl7in e17g058b0\" dir=\"ltr\">Apenas na Espanha, cerca de um milh\u00e3o de pessoas sofrem de algum tipo de dem\u00eancia, caracterizada pela diminui\u00e7\u00e3o do volume encef\u00e1lico. Pesquisas cient\u00edficas sugerem que um volume cerebral maior pode estar associado a uma melhor sa\u00fade cerebral e maior resist\u00eancia a doen\u00e7as como o Alzheimer.<\/p>\n<\/div>\n<div class=\"bbc-19j92fr ebmt73l0\" dir=\"ltr\">\n<p class=\"bbc-hhl7in e17g058b0\" dir=\"ltr\">Em outras palavras, com um enc\u00e9falo maior, levaria mais tempo para perder volume como consequ\u00eancia da doen\u00e7a, o que poderia se traduzir em uma maior esperan\u00e7a e qualidade de vida para os pacientes com dem\u00eancia.<\/p>\n<div class=\"bbc-19j92fr ebmt73l0\" dir=\"ltr\">\n<p class=\"bbc-hhl7in e17g058b0\" dir=\"ltr\">Por enquanto, esta \u00e9 apenas uma hip\u00f3tese que requer muito mais pesquisa para ser confirmada.<\/p>\n<\/div>\n<div class=\"bbc-19j92fr ebmt73l0\" dir=\"ltr\">\n<p class=\"bbc-hhl7in e17g058b0\" dir=\"ltr\">De fato, o crescimento do c\u00e9rebro teria que ser acompanhado por uma melhoria na\u00a0plasticidade cerebral\u00a0influenciada pelo nosso ambiente. Isso seria crucial para processar mais informa\u00e7\u00f5es, aprender melhor e se adaptar mais facilmente a diferentes situa\u00e7\u00f5es ao longo da vida.<\/p>\n<\/div>\n<div class=\"bbc-19j92fr ebmt73l0\" dir=\"ltr\">\n<p class=\"bbc-hhl7in e17g058b0\" dir=\"ltr\">Resumindo, embora o aumento do volume cerebral ao longo das d\u00e9cadas n\u00e3o se traduza diretamente em uma maior intelig\u00eancia, oferece uma perspectiva fascinante sobre nossa evolu\u00e7\u00e3o neurol\u00f3gica.<\/p>\n<\/div>\n<div class=\"bbc-19j92fr ebmt73l0\" dir=\"ltr\">\n<p class=\"bbc-hhl7in e17g058b0\" dir=\"ltr\">Esse crescimento poderia representar uma esp\u00e9cie de &#8220;reserva cognitiva&#8221;, uma vantagem oculta que poderia nos ajudar a combater doen\u00e7as neurodegenerativas como o\u00a0<a class=\"focusIndicatorReducedWidth bbc-n8oauk e1p3sufg0\" href=\"https:\/\/www.bbc.com\/portuguese\/topics\/c8y94y3pjygt\">Alzheimer<\/a>.<\/p>\n<\/div>\n<div class=\"bbc-19j92fr ebmt73l0\" dir=\"ltr\">\n<p class=\"bbc-hhl7in e17g058b0\" dir=\"ltr\">Pessoalmente, sou a favor dessa virada na evolu\u00e7\u00e3o: entre ser mais inteligente e n\u00e3o esquecer, prefiro a segunda op\u00e7\u00e3o.<\/p>\n<\/div>\n<div class=\"bbc-19j92fr ebmt73l0\" dir=\"ltr\">\n<p class=\"bbc-hhl7in e17g058b0\" dir=\"ltr\"><i class=\"bbc-h1y5j7 eih42320\">*Jos\u00e9 A. Morales Garc\u00eda \u00e9 pesquisador cient\u00edfico em doen\u00e7as neurodegenerativas e professor da Faculdade de Medicina da Universidade Complutense de Madrid. Seu artigo foi publicado no The Conversation.<\/p>\n<p>Fonte: BBC Brasil<br \/>\nhttps:\/\/www.bbc.com\/portuguese\/articles\/c84zm8k74zgo<br \/>\n<\/i><\/p>\n<\/div>\n<\/div>\n<\/div>\n<\/div>\n<\/div>\n<\/div>\n","protected":false},"excerpt":{"rendered":"<p>Existem maneiras bastante elegantes de insultar. Por exemplo, na minha fam\u00edlia da regi\u00e3o de La Mancha, na Espanha, quando algu\u00e9m diz &#8220;hoje o seu\u00a0c\u00e9rebro\u00a0cresceu&#8221;, est\u00e1 insinuando que voc\u00ea est\u00e1 um pouco mais &#8220;lento&#8221; que o habitual. Com o passar do tempo, o significado das palavras muda e, ao que parece, o volume do nosso c\u00e9rebro [&hellip;]<\/p>\n","protected":false},"author":1,"featured_media":1650,"comment_status":"open","ping_status":"open","sticky":false,"template":"","format":"standard","meta":[],"categories":[1],"tags":[354,153,73,152,11],"_links":{"self":[{"href":"http:\/\/servicenterblog.institucional.ws\/index.php?rest_route=\/wp\/v2\/posts\/1649"}],"collection":[{"href":"http:\/\/servicenterblog.institucional.ws\/index.php?rest_route=\/wp\/v2\/posts"}],"about":[{"href":"http:\/\/servicenterblog.institucional.ws\/index.php?rest_route=\/wp\/v2\/types\/post"}],"author":[{"embeddable":true,"href":"http:\/\/servicenterblog.institucional.ws\/index.php?rest_route=\/wp\/v2\/users\/1"}],"replies":[{"embeddable":true,"href":"http:\/\/servicenterblog.institucional.ws\/index.php?rest_route=%2Fwp%2Fv2%2Fcomments&post=1649"}],"version-history":[{"count":1,"href":"http:\/\/servicenterblog.institucional.ws\/index.php?rest_route=\/wp\/v2\/posts\/1649\/revisions"}],"predecessor-version":[{"id":1651,"href":"http:\/\/servicenterblog.institucional.ws\/index.php?rest_route=\/wp\/v2\/posts\/1649\/revisions\/1651"}],"wp:featuredmedia":[{"embeddable":true,"href":"http:\/\/servicenterblog.institucional.ws\/index.php?rest_route=\/wp\/v2\/media\/1650"}],"wp:attachment":[{"href":"http:\/\/servicenterblog.institucional.ws\/index.php?rest_route=%2Fwp%2Fv2%2Fmedia&parent=1649"}],"wp:term":[{"taxonomy":"category","embeddable":true,"href":"http:\/\/servicenterblog.institucional.ws\/index.php?rest_route=%2Fwp%2Fv2%2Fcategories&post=1649"},{"taxonomy":"post_tag","embeddable":true,"href":"http:\/\/servicenterblog.institucional.ws\/index.php?rest_route=%2Fwp%2Fv2%2Ftags&post=1649"}],"curies":[{"name":"wp","href":"https:\/\/api.w.org\/{rel}","templated":true}]}}