{"id":1624,"date":"2024-05-31T14:58:07","date_gmt":"2024-05-31T17:58:07","guid":{"rendered":"http:\/\/servicenterblog.institucional.ws\/?p=1624"},"modified":"2024-05-31T14:58:07","modified_gmt":"2024-05-31T17:58:07","slug":"dia-mundial-sem-tabaco-entenda-os-maleficios-do-tabagismo","status":"publish","type":"post","link":"http:\/\/servicenterblog.institucional.ws\/?p=1624","title":{"rendered":"Dia Mundial Sem Tabaco: entenda os malef\u00edcios do tabagismo"},"content":{"rendered":"<p>O Dia Mundial Sem Tabaco foi criado em 1987 pela\u00a0Organiza\u00e7\u00e3o Mundial da Sa\u00fade (OMS),\u00a0com o intuito de alertar a sociedade sobre as doen\u00e7as e mortes relacionadas ao tabagismo. Segundo a Organiza\u00e7\u00e3o Pan-Americana da Sa\u00fade (OPAS), atualmente h\u00e1 1,3 bilh\u00e3o de\u00a0usu\u00e1rios de tabaco\u00a0em todo o mundo, sendo que o uso recorrente da subst\u00e2ncia mata cerca de 8 milh\u00f5es de pessoas por ano, entre elas mais de 7 milh\u00f5es de fumantes ativos e 1 milh\u00e3o de passivos.<\/p>\n<p>A OMS aponta que a expectativa de vida de uma pessoa que faz uso recorrente de fumo \u00e9, pelo menos, 10 anos mais curta que a de n\u00e3o fumantes. Al\u00e9m disso, a Organiza\u00e7\u00e3o afirma que \u00e9 a \u201ccausa de morte mais evit\u00e1vel em todo o mundo\u201d.<\/p>\n<p>Atualmente, o uso da subst\u00e2ncia \u00e9 respons\u00e1vel pela morte de um em cada 10 adultos. A OMS destaca que o tabaco \u00e9 \u201co \u00fanico produto de consumo legal que mata at\u00e9 metade de seus usu\u00e1rios quando usado exatamente de acordo com as instru\u00e7\u00f5es do fabricante\u201d.<\/p>\n<div class=\"m-banner-wrap m-banner-rectangle m-publicity-content-middle\">\n<div id=\"div-gpt-ad-brasil-quadrado-2\" class=\"ad-displayed\" data-google-query-id=\"CNu6-IW6uIYDFRmElQIdZPkKTg\">\n<p>As empresas tabagistas gastam, por ano, mais de 8 bilh\u00f5es de d\u00f3lares em publicidade e marketing.<\/p>\n<p>Na campanha desse ano, a OMS incluiu os\u00a0cigarros eletr\u00f4nicos, que apesar de n\u00e3o conterem tabaco, incentivam o uso da subst\u00e2ncia. \u201cCrian\u00e7as e adolescentes que usam cigarros eletr\u00f4nicos t\u00eam pelo menos duas vezes mais probabilidade de fumar cigarros mais tarde na vida\u201d, diz a Organiza\u00e7\u00e3o.<\/p>\n<\/div>\n<\/div>\n<h4>Entenda os malef\u00edcios do uso de tabaco<\/h4>\n<p>A m\u00e9dica pneumologista Let\u00edcia Oliveira Dias explica que \u201co uso recorrente e excessivo de tabaco, assim como a exposi\u00e7\u00e3o passiva \u00e0 fuma\u00e7a deste, est\u00e1 associado ao desenvolvimento de uma s\u00e9rie de doen\u00e7as graves, que podem acometer praticamente\u00a0<strong>todos os sistemas do corpo<\/strong>\u201c.<\/p>\n<p>A profissional de sa\u00fade ressalta que \u201cas principais enfermidades relacionadas ao tabagismo incluem as doen\u00e7as do aparelho respirat\u00f3rio, como enfisema pulmonar, bronquite cr\u00f4nica, c\u00e2ncer de pulm\u00e3o e infec\u00e7\u00f5es respirat\u00f3rias. No sistema cardiovascular h\u00e1 aumento do risco para doen\u00e7as como infarto agudo do mioc\u00e1rdio, hipertens\u00e3o arterial, acidente vascular cerebral e tromboses. J\u00e1 em outros sistemas podem ocorrer \u00falcera do aparelho digestivo, c\u00e2nceres diversos como no rim, bexiga, es\u00f4fago e est\u00f4mago, al\u00e9m de osteoporose, patologias buco-dentais, impot\u00eancia sexual no homem, infertilidade na mulher e complica\u00e7\u00f5es na gravidez\u201d.<\/p>\n<p>Em termos de doen\u00e7as pulmonares decorrentes do tabagismo cont\u00ednuo, Let\u00edcia Oliveira Dias, que \u00e9 professora do Curso de Medicina do Centro Universit\u00e1rio do Planalto Central Apparecido dos Santos (Uniceplac), diz que n\u00e3o \u00e9 s\u00f3 o tabaco que causa danos.<\/p>\n<p>\u201cA inflama\u00e7\u00e3o cr\u00f4nica causada pelo tabagismo \u00e9 derivada tanto da fuma\u00e7a inalada, quanto da nicotina e de outras subst\u00e2ncias t\u00f3xicas que podem estar presentes a depender do tipo de cigarro\u201d, diz Let\u00edcia Oliveira Dias.<\/p>\n<p>A m\u00e9dica, tamb\u00e9m, informou que \u201cessa inflama\u00e7\u00e3o causa destrui\u00e7\u00e3o de c\u00e9lulas pulmonares, como as c\u00e9lulas de defesa do trato respirat\u00f3rio, o que propicia maior ocorr\u00eancias de infec\u00e7\u00f5es pulmonares. Ocorre tamb\u00e9m a destrui\u00e7\u00e3o dos alv\u00e9olos pulmonares (sacos de ar), onde ocorre a transfer\u00eancia de oxig\u00eanio inspirado para o sangue, e tamb\u00e9m o estreitamento das vias \u00e1reas (onde passa o ar) reduzindo a capacidade respirat\u00f3ria e levando a sintomas como fadiga e falta de ar\u201d.<\/p>\n<p>\u201cOutra consequ\u00eancia \u00e9 o dano \u00e0s c\u00e9lulas ciliadas presentes nas vias \u00e1reas cuja fun\u00e7\u00e3o \u00e9 remover part\u00edculas e muco do pulm\u00e3o (como uma vassoura), motivo pelo qual muitos tabagistas t\u00eam tosse cr\u00f4nica e pigarros. Por fim, outra consequ\u00eancia que deve ser citada s\u00e3o as muta\u00e7\u00f5es gen\u00e9ticas causadas pelas subst\u00e2ncias qu\u00edmicas carcinog\u00eanicas presentes no fumo do tabaco e levam ao desenvolvimento de c\u00e2ncer de pulm\u00e3o\u201d, complementou Let\u00edcia Oliveira.<\/p>\n<p>Ap\u00f3s interromper o uso do tabaco, a pneumologista reporta que a possibilidade de revers\u00e3o dos danos do tabagismo est\u00e1 ligada ao tempo de uso.<\/p>\n<p>\u201cA regenera\u00e7\u00e3o pulmonar ap\u00f3s a cessa\u00e7\u00e3o do tabagismo, depende do tempo de tabagismo e do grau de les\u00f5es que podem ter se instalado nos pulm\u00f5es. No caso da bronquite cr\u00f4nica, a interrup\u00e7\u00e3o do tabagismo pode causar diminui\u00e7\u00e3o da inflama\u00e7\u00e3o e consequentemente dos sintomas como tosse e falta de ar. Em um estudo publicado h\u00e1 alguns anos, especialistas observaram que ap\u00f3s 15 dias de interrup\u00e7\u00e3o do tabagismo, os c\u00edlios j\u00e1 recuperavam suas fun\u00e7\u00f5es, o que explica, por exemplo, que grande parte dos ex-fumantes parem de tossir e de sentir pigarro j\u00e1 nos primeiros dias depois de parar de fumar. J\u00e1 no caso do enfisema pulmonar, a destrui\u00e7\u00e3o dos alv\u00e9olos infelizmente \u00e9 irrevers\u00edvel\u201d, explica a m\u00e9dica.<\/p>\n<p>A professora Let\u00edcia Oliveira Dias concluiu que \u201co tabagismo pode induzir o aparecimento de c\u00e2ncer no pulm\u00e3o, bexiga, boca, es\u00f4fago, est\u00f4mago e outros tipos at\u00e9 10 a 15 anos depois que uma pessoa parou de fumar, a depender da quantidade e tempo que a pessoa se exp\u00f4s ao cigarro\u201d.<\/p>\n<div class=\"m-banner-wrap m-banner-rectangle m-publicity-content-middle\">\n<div id=\"div-gpt-ad-brasil-quadrado-4\" class=\"ad-displayed\">\u201cEmbora nem todos os danos causados pelo tabagismo sejam completamente revers\u00edveis, melhorias significativas podem ocorrer com o tempo. H\u00e1 estudos que demonstram que, em 12 meses sem cigarro, o risco de ter uma doen\u00e7a card\u00edaca j\u00e1 reduz bastante e, ap\u00f3s 5 anos, a probabilidade de sofrer um acidente vascular cerebral \u00e9 t\u00e3o baixa quanto a de um n\u00e3o-fumante.\u201d, explica a m\u00e9dica. \u201cDessa forma, o quanto antes a cessa\u00e7\u00e3o do tabagismo, melhores as chances de recupera\u00e7\u00e3o e de uma vida saud\u00e1vel, tanto para o fumante quanto para quem convive com ele.\u201d<\/p>\n<p>Fonte: Metr\u00f3poles<br \/>\nhttps:\/\/www.metropoles.com\/brasil\/dia-mundial-sem-tabaco-entenda-os-maleficios-do-tabagismo<\/p><\/div>\n<\/div>\n","protected":false},"excerpt":{"rendered":"<p>O Dia Mundial Sem Tabaco foi criado em 1987 pela\u00a0Organiza\u00e7\u00e3o Mundial da Sa\u00fade (OMS),\u00a0com o intuito de alertar a sociedade sobre as doen\u00e7as e mortes relacionadas ao tabagismo. Segundo a Organiza\u00e7\u00e3o Pan-Americana da Sa\u00fade (OPAS), atualmente h\u00e1 1,3 bilh\u00e3o de\u00a0usu\u00e1rios de tabaco\u00a0em todo o mundo, sendo que o uso recorrente da subst\u00e2ncia mata cerca de [&hellip;]<\/p>\n","protected":false},"author":1,"featured_media":1625,"comment_status":"open","ping_status":"open","sticky":false,"template":"","format":"standard","meta":[],"categories":[2],"tags":[408,407,11,406],"_links":{"self":[{"href":"http:\/\/servicenterblog.institucional.ws\/index.php?rest_route=\/wp\/v2\/posts\/1624"}],"collection":[{"href":"http:\/\/servicenterblog.institucional.ws\/index.php?rest_route=\/wp\/v2\/posts"}],"about":[{"href":"http:\/\/servicenterblog.institucional.ws\/index.php?rest_route=\/wp\/v2\/types\/post"}],"author":[{"embeddable":true,"href":"http:\/\/servicenterblog.institucional.ws\/index.php?rest_route=\/wp\/v2\/users\/1"}],"replies":[{"embeddable":true,"href":"http:\/\/servicenterblog.institucional.ws\/index.php?rest_route=%2Fwp%2Fv2%2Fcomments&post=1624"}],"version-history":[{"count":1,"href":"http:\/\/servicenterblog.institucional.ws\/index.php?rest_route=\/wp\/v2\/posts\/1624\/revisions"}],"predecessor-version":[{"id":1626,"href":"http:\/\/servicenterblog.institucional.ws\/index.php?rest_route=\/wp\/v2\/posts\/1624\/revisions\/1626"}],"wp:featuredmedia":[{"embeddable":true,"href":"http:\/\/servicenterblog.institucional.ws\/index.php?rest_route=\/wp\/v2\/media\/1625"}],"wp:attachment":[{"href":"http:\/\/servicenterblog.institucional.ws\/index.php?rest_route=%2Fwp%2Fv2%2Fmedia&parent=1624"}],"wp:term":[{"taxonomy":"category","embeddable":true,"href":"http:\/\/servicenterblog.institucional.ws\/index.php?rest_route=%2Fwp%2Fv2%2Fcategories&post=1624"},{"taxonomy":"post_tag","embeddable":true,"href":"http:\/\/servicenterblog.institucional.ws\/index.php?rest_route=%2Fwp%2Fv2%2Ftags&post=1624"}],"curies":[{"name":"wp","href":"https:\/\/api.w.org\/{rel}","templated":true}]}}