{"id":1614,"date":"2024-05-17T10:45:29","date_gmt":"2024-05-17T13:45:29","guid":{"rendered":"http:\/\/servicenterblog.institucional.ws\/?p=1614"},"modified":"2024-05-17T10:45:29","modified_gmt":"2024-05-17T13:45:29","slug":"dia-mundial-da-hipertensao-doenca-atinge-mais-de-30-milhoes-de-brasileiros","status":"publish","type":"post","link":"http:\/\/servicenterblog.institucional.ws\/?p=1614","title":{"rendered":"Dia mundial da hipertens\u00e3o: doen\u00e7a atinge mais de 30 milh\u00f5es de brasileiros"},"content":{"rendered":"<p><em>Popularmente conhecida como press\u00e3o alta, o n\u00famero de mortes pela doen\u00e7a aumentou em 72% nos \u00faltimos 10 anos<\/em><\/p>\n<p>A hipertens\u00e3o, tamb\u00e9m conhecida como press\u00e3o alta, \u00e9 uma doen\u00e7a cr\u00f4nica silenciosa que, no m\u00eas de maio, ganha destaque no calend\u00e1rio de sa\u00fade para conscientiza\u00e7\u00e3o a respeito da doen\u00e7a. Com mais de 30 milh\u00f5es de brasileiros diagnosticados, dados do Minist\u00e9rio da Sa\u00fade mostram que o n\u00famero de adultos hipertensos aumentou 3,7% em 15 anos no Brasil. No caso de mortes, o aumento \u00e9 de 72% nos \u00faltimos 10 anos.<\/p>\n<p>A condi\u00e7\u00e3o da doen\u00e7a vem na eleva\u00e7\u00e3o da for\u00e7a do fluxo sangu\u00edneo contra as paredes das art\u00e9rias ao longo do tempo. Isso ocorre quando as art\u00e9rias se tornam mais estreitas, ou quando o volume de sangue bombeado pelo cora\u00e7\u00e3o aumenta.<\/p>\n<p>Segundo o cardiologista do Grupo S\u00e3o Lucas, Dr. Leon Macedo (CRM: 105.933\/ RQE: 78205\/782051), fatores como gen\u00e9tica, dieta rica em sal, obesidade, falta de atividade f\u00edsica, e certas condi\u00e7\u00f5es m\u00e9dicas podem contribuir para o desenvolvimento da hipertens\u00e3o.<\/p>\n<p>\u201cMuitas vezes a doen\u00e7a \u00e9 chamada de \u2018assassina silenciosa\u2019, porque n\u00e3o costuma apresentar sintomas claros at\u00e9 que cause danos significativos ao corpo. No entanto, sintomas como dor de cabe\u00e7a severa, fadiga, confus\u00e3o, problemas visuais, dor no peito, dificuldade para respirar e batimentos card\u00edacos irregulares podem ocorrer em est\u00e1gios mais avan\u00e7ados da doen\u00e7a. Mas \u00e9 importante saber que na maioria dos casos n\u00e3o tem nenhum sintoma\u201d, comenta.<\/p>\n<p>O diagn\u00f3stico tem in\u00edcio com medi\u00e7\u00f5es regulares da press\u00e3o arterial em diferentes momentos. Leituras consistentemente 130\/80 mmHg ou mais s\u00e3o sujeitas a considerar quadro de hipertens\u00e3o. Hist\u00f3rico m\u00e9dico completo, exame f\u00edsico e testes como exames de sangue e urina, eletrocardiograma (ECG) e ecocardiograma s\u00e3o utilizados para avaliar a sa\u00fade geral e identificar poss\u00edveis danos a \u00f3rg\u00e3os vitais causados pela press\u00e3o alta.<\/p>\n<p>Associada a maior risco de morte, infarto, acidente vascular cerebral e insufici\u00eancia renal terminal, \u00e9 imprescind\u00edvel o acompanhamento m\u00e9dico de rotina. No caso de pessoas que apresentam um perfil de risco, como obesidade, sedentarismo e dieta rica em sal, a medi\u00e7\u00e3o da press\u00e3o arterial deve ser feita duas vezes ao ano. Ap\u00f3s a adolesc\u00eancia, o check-up recomendado \u00e9 de uma vez ao ano.<\/p>\n<p>\u201cO tratamento da hipertens\u00e3o geralmente envolve uma combina\u00e7\u00e3o de mudan\u00e7as no estilo de vida e medicamentos. As mudan\u00e7as no estilo de vida incluem dieta saud\u00e1vel (baixa em sal e rica em frutas e vegetais), exerc\u00edcio regular (pelo menos 150 minutos de atividade aer\u00f3bica por semana), manuten\u00e7\u00e3o de um peso saud\u00e1vel, limita\u00e7\u00e3o do consumo de \u00e1lcool, e cessa\u00e7\u00e3o do tabagismo. Para pacientes hipertensos, \u00e9 fundamental seguir o plano de tratamento prescrito pelo m\u00e9dico, monitorar regularmente a press\u00e3o arterial, e manter as mudan\u00e7as no estilo de vida. Para a preven\u00e7\u00e3o em n\u00e3o hipertensos, recomenda-se adotar um estilo de vida saud\u00e1vel, fazer exerc\u00edcios regulares, limitar o consumo de \u00e1lcool, evitar o tabagismo e manter uma dieta balanceada\u201d, conclu\u00ed o m\u00e9dico.<\/p>\n<p>Fonte: A Tribuna<br \/>\nhttps:\/\/atribunaregional.com.br\/dia-mundial-da-hipertensao-doenca-atinge-mais-de-30-milhoes-de-brasileiros-e-tem-aumento-em-obitos\/<\/p>\n","protected":false},"excerpt":{"rendered":"<p>Popularmente conhecida como press\u00e3o alta, o n\u00famero de mortes pela doen\u00e7a aumentou em 72% nos \u00faltimos 10 anos A hipertens\u00e3o, tamb\u00e9m conhecida como press\u00e3o alta, \u00e9 uma doen\u00e7a cr\u00f4nica silenciosa que, no m\u00eas de maio, ganha destaque no calend\u00e1rio de sa\u00fade para conscientiza\u00e7\u00e3o a respeito da doen\u00e7a. Com mais de 30 milh\u00f5es de brasileiros diagnosticados, [&hellip;]<\/p>\n","protected":false},"author":1,"featured_media":1615,"comment_status":"open","ping_status":"open","sticky":false,"template":"","format":"standard","meta":[],"categories":[2],"tags":[320,364,223,222,26,11,275],"_links":{"self":[{"href":"http:\/\/servicenterblog.institucional.ws\/index.php?rest_route=\/wp\/v2\/posts\/1614"}],"collection":[{"href":"http:\/\/servicenterblog.institucional.ws\/index.php?rest_route=\/wp\/v2\/posts"}],"about":[{"href":"http:\/\/servicenterblog.institucional.ws\/index.php?rest_route=\/wp\/v2\/types\/post"}],"author":[{"embeddable":true,"href":"http:\/\/servicenterblog.institucional.ws\/index.php?rest_route=\/wp\/v2\/users\/1"}],"replies":[{"embeddable":true,"href":"http:\/\/servicenterblog.institucional.ws\/index.php?rest_route=%2Fwp%2Fv2%2Fcomments&post=1614"}],"version-history":[{"count":1,"href":"http:\/\/servicenterblog.institucional.ws\/index.php?rest_route=\/wp\/v2\/posts\/1614\/revisions"}],"predecessor-version":[{"id":1616,"href":"http:\/\/servicenterblog.institucional.ws\/index.php?rest_route=\/wp\/v2\/posts\/1614\/revisions\/1616"}],"wp:featuredmedia":[{"embeddable":true,"href":"http:\/\/servicenterblog.institucional.ws\/index.php?rest_route=\/wp\/v2\/media\/1615"}],"wp:attachment":[{"href":"http:\/\/servicenterblog.institucional.ws\/index.php?rest_route=%2Fwp%2Fv2%2Fmedia&parent=1614"}],"wp:term":[{"taxonomy":"category","embeddable":true,"href":"http:\/\/servicenterblog.institucional.ws\/index.php?rest_route=%2Fwp%2Fv2%2Fcategories&post=1614"},{"taxonomy":"post_tag","embeddable":true,"href":"http:\/\/servicenterblog.institucional.ws\/index.php?rest_route=%2Fwp%2Fv2%2Ftags&post=1614"}],"curies":[{"name":"wp","href":"https:\/\/api.w.org\/{rel}","templated":true}]}}