{"id":1601,"date":"2024-05-07T13:34:32","date_gmt":"2024-05-07T16:34:32","guid":{"rendered":"http:\/\/servicenterblog.institucional.ws\/?p=1601"},"modified":"2024-05-07T13:34:32","modified_gmt":"2024-05-07T16:34:32","slug":"dia-nacional-de-prevencao-das-doencas-alergicas-existe-tratamento-para-alergia","status":"publish","type":"post","link":"http:\/\/servicenterblog.institucional.ws\/?p=1601","title":{"rendered":"Dia Nacional de Preven\u00e7\u00e3o das Doen\u00e7as Al\u00e9rgicas: existe tratamento para alergia?"},"content":{"rendered":"<p>Respirat\u00f3ria ou de pele, a alergia pode levar a problemas mais graves de sa\u00fade. Conhe\u00e7a os tipos mais comuns e saiba como tratar<\/p>\n<p>Hoje, 07 de maio, \u00e9 comemorado o Dia Nacional de Preven\u00e7\u00e3o das Doen\u00e7as Al\u00e9rgicas, uma campanha iniciada pela Associa\u00e7\u00e3o Brasileira de Alergia e Imunologia (ASBAI) com o apoio do Minist\u00e9rio da Sa\u00fade. A data tem o objetivo de chamar aten\u00e7\u00e3o para o aumento das alergias nas \u00faltimas d\u00e9cadas, al\u00e9m de destacar a import\u00e2ncia de realizar o tratamento adequado.<\/p>\n<p>Antonio Condino-Neto, Presidente do Departamento de Imunologia da Sociedade Brasileira de Pediatria e Coordenador do Laborat\u00f3rio de Imunologia Humana do ICB-USP, explica que as primeiras manifesta\u00e7\u00f5es de alergias, logo no in\u00edcio da vida, costumam aparecer na pele. Com o avan\u00e7ar da idade, as alergias mais frequentes s\u00e3o as respirat\u00f3rias.<\/p>\n<p>&#8220;Em primeiro lugar, est\u00e3o a asma, que provoca tosse, chiado e falta de ar, e a rinite al\u00e9rgica, que provoca crises de espirro, congest\u00e3o nasal, coriza e coceira no nariz. Em segundo vem manifesta\u00e7\u00f5es de pele, como por exemplo, dermatite at\u00f3pica&#8221;, afirma.<\/p>\n<p>Alergia tem cura?<\/p>\n<p>N\u00e3o. Trata-se de uma doen\u00e7a de evolu\u00e7\u00e3o cr\u00f4nica, na qual \u00e9 poss\u00edvel controlar somente os sintomas e a inflama\u00e7\u00e3o al\u00e9rgica. Segundo a ASBAI, a alergia pode estar ligada aos Erros Inatos da Imunidade (EII), isto \u00e9, defeitos gen\u00e9ticos no sistema imunol\u00f3gico que aumentam as chances de desenvolver infec\u00e7\u00f5es comuns de forma recorrente. Estima-se que entre 70% e 90% dos pacientes n\u00e3o sabem que t\u00eam EII, tamb\u00e9m de acordo com a associa\u00e7\u00e3o.<\/p>\n<p>Como tratar alergia?<\/p>\n<p>O controle dos sintomas e da inflama\u00e7\u00e3o al\u00e9rgica \u00e9 feito por redu\u00e7\u00e3o da exposi\u00e7\u00e3o aos fatores que causam a alergia. Por exemplo, se uma pessoa tem alergia a \u00e1caro e poeira, \u00e9 necess\u00e1rio reduzir a exposi\u00e7\u00e3o, mantendo o ambiente sempre limpo e arejado. Contudo, zerar absolutamente a exposi\u00e7\u00e3o \u00e9 imposs\u00edvel, porque sujeiras como essas est\u00e3o em todo lugar.<\/p>\n<p>H\u00e1 tamb\u00e9m tratamentos mais assertivos, como elucida Condino-Neto: &#8220;\u00c9 poss\u00edvel tratar os pacientes com a imunoterapia para doen\u00e7as al\u00e9rgicas, que \u00e9 um programa de vacina\u00e7\u00e3o e imuniza\u00e7\u00e3o para refor\u00e7ar o lado sadio da resposta imune e com isso evitar a exacerba\u00e7\u00e3o das respostas imunol\u00f3gicas al\u00e9rgicas, deixando a situa\u00e7\u00e3o mais sob controle&#8221;.<\/p>\n<p>Os perigos do n\u00e3o-tratamento<\/p>\n<p>Mesmo com a cronicidade das doen\u00e7as al\u00e9rgicas e a impossibilidade de cura, o m\u00e9dico ressalta a import\u00e2ncia de realizar o tratamento adequado para garantir uma melhor qualidade de vida. De acordo com Condino-Neto, a falta de tratamento pode trazer consequ\u00eancias e gerar complica\u00e7\u00f5es.<\/p>\n<p>&#8220;Algu\u00e9m com quadro de alergia alimentar n\u00e3o tratada, pode desenvolver desnutri\u00e7\u00e3o, tendo diarr\u00e9ias e v\u00f4mitos constantes. Quem tem problemas severos de alergia de pele, vai desenvolver cicatrizes. J\u00e1 quem sofre com asma grave, vai desenvolver um remodelamento br\u00f4nquico, evoluindo para uma forma enfisema. E pacientes com rinite grave, v\u00e3o ter sinusite cr\u00f4nica e desenvolvimento de p\u00f3lipos no nariz, que \u00e9 uma carne esponjosa&#8221;, finaliza.<\/p>\n<p>Fonte: Associa\u00e7\u00e3o Brasileira de Alergia e Imunologia (ASBAI).<\/p>\n<h4 class=\"fusion-responsive-typography-calculated\" data-fontsize=\"30\" data-lineheight=\"34.5px\"><strong>Esses s\u00e3o os tipos de alergias mais perigosas<\/strong><\/h4>\n<p><span class=\"TextRun SCXW193965173 BCX0\" lang=\"PT-BR\" xml:lang=\"PT-BR\" data-contrast=\"none\"><span class=\"NormalTextRun SCXW193965173 BCX0\">As alergias mais perigosas s\u00e3o aquelas que podem levar a rea\u00e7\u00f5es graves e potencialmente fatais conhecidas como anafilaxia. Essa \u00e9 uma resposta al\u00e9rgica grave que ocorre rapidamente ap\u00f3s o contato com o al\u00e9rgeno, e pode afetar v\u00e1rias partes do corpo, incluindo a pele, sistema respirat\u00f3rio, sistema cardiovascular e sistema gastrointestinal.<\/span><\/span><span class=\"EOP SCXW193965173 BCX0\" data-ccp-props=\"{&quot;134233117&quot;:false,&quot;201341983&quot;:0,&quot;335559738&quot;:0,&quot;335559739&quot;:160,&quot;335559740&quot;:259}\">\u00a0<\/span><\/p>\n<h4 class=\"fusion-responsive-typography-calculated\" data-fontsize=\"21\" data-lineheight=\"27.3px\">Alguns tipos de alergias que s\u00e3o bem perigosas:<\/h4>\n<p><strong>1. Alergias a Comidas:<\/strong>\u00a0Algumas comidas podem causar alergias bem fortes. Coisas como amendoim, nozes, castanhas, frutos do mar (como camar\u00e3o e lagosta), peixes e ovos s\u00e3o as que mais podem causar problemas. Quem j\u00e1 tem alergias s\u00e9rias est\u00e1 mais sujeito a ter uma rea\u00e7\u00e3o forte, tipo a anafilaxia, por causa desses alimentos.<\/p>\n<p><strong>2. Picadas de Insetos:<\/strong>\u00a0Picadas de abelhas, vespas, marimbondos, formigas e outros insetos podem causar alergias graves em algumas pessoas.<\/p>\n<p><strong>3. Sensibilidade a Rem\u00e9dios:<\/strong>\u00a0<span class=\"NormalTextRun SCXW167073125 BCX0\">Alguns medicamentos podem desencadear rea\u00e7\u00f5es al\u00e9rgicas graves em algumas pessoas, como penicilina e outros antibi\u00f3ticos, aspirina e anti-inflamat\u00f3rios n\u00e3o esteroides (<\/span><span class=\"NormalTextRun SpellingErrorV2Themed SCXW167073125 BCX0\">A<\/span><span class=\"NormalTextRun SpellingErrorV2Themed SCXW167073125 BCX0\">INEs<\/span><span class=\"NormalTextRun SCXW167073125 BCX0\">)<\/span><span class=\"NormalTextRun SCXW167073125 BCX0\">. As rea\u00e7\u00f5es al\u00e9rgicas a medicamentos podem ser potencialmente perigosas e requerem aten\u00e7\u00e3o m\u00e9dica imediata.<\/span><\/p>\n<p><strong>4. Alergia ao L\u00e1tex:<\/strong>\u00a0Algumas pessoas s\u00e3o al\u00e9rgicas ao l\u00e1tex, que \u00e9 um material que est\u00e1 em luvas, camisinhas e outros produtos de l\u00e1tex. Em algumas pessoas, essa alergia pode ser grave e at\u00e9 causar anafilaxia.<\/p>\n<div class=\"post-content\">\n<p><strong>5. Alergias Respirat\u00f3rias:<\/strong>\u00a0Diversas coisas, durante a respira\u00e7\u00e3o, podem ser inaladas e causar alergias fortes,\u00a0<span class=\"TextRun SCXW208636718 BCX0\" lang=\"PT-BR\" xml:lang=\"PT-BR\" data-contrast=\"none\"><span class=\"NormalTextRun SCXW208636718 BCX0\">como p\u00f3len, poeira, pelos de animais e mofo, podem causar rea\u00e7\u00f5es al\u00e9rgicas graves em algumas pessoas, especialmente aquelas com asma ou rinite al\u00e9rgica. Embora essas alergias geralmente n\u00e3o levem \u00e0 anafilaxia, podem causar sintomas respirat\u00f3rios graves e piorar condi\u00e7\u00f5es respirat\u00f3rias existentes.<\/span><\/span><span class=\"EOP SCXW208636718 BCX0\" data-ccp-props=\"{&quot;134233117&quot;:false,&quot;134233118&quot;:false,&quot;201341983&quot;:0,&quot;335559738&quot;:0,&quot;335559739&quot;:0,&quot;335559740&quot;:259}\">\u00a0<\/span><\/p>\n<p><span class=\"TextRun SCXW63054612 BCX0\" lang=\"PT-BR\" xml:lang=\"PT-BR\" data-contrast=\"none\"><span class=\"NormalTextRun SCXW63054612 BCX0\">\u00c9 importante lembrar que cada pessoa pode reagir de forma diferente aos al\u00e9rgenos, e nem todas as pessoas com alergias desenvolvem rea\u00e7\u00f5es graves. No entanto, para aqueles que t\u00eam alergias conhecidas a subst\u00e2ncias perigosas, \u00e9 essencial evitar o contato com os al\u00e9rgenos, carregar consigo um<\/span><span class=\"NormalTextRun SCXW63054612 BCX0\">a caneta de adrenalina auto\u00a0<\/span><span class=\"NormalTextRun ContextualSpellingAndGrammarErrorV2Themed SCXW63054612 BCX0\">injet\u00e1vel<\/span><span class=\"NormalTextRun ContextualSpellingAndGrammarErrorV2Themed SCXW63054612 BCX0\">\u00a0 prescrit<\/span><span class=\"NormalTextRun ContextualSpellingAndGrammarErrorV2Themed SCXW63054612 BCX0\">a<\/span><span class=\"NormalTextRun SCXW63054612 BCX0\">\u00a0por um m\u00e9dico e estar ciente dos sinais e sintomas de anafilaxia para procurar atendimento m\u00e9dico imediato, se necess\u00e1rio.<\/span><\/span><span class=\"EOP SCXW63054612 BCX0\" data-ccp-props=\"{&quot;134233118&quot;:false,&quot;201341983&quot;:0,&quot;335559739&quot;:0,&quot;335559740&quot;:259}\">\u00a0<\/span><\/p>\n<\/div>\n<div class=\"fusion-meta-info\">Fonte: https:\/\/alergolife.com.br\/blog-minha-alergia\/esses-sao-os-tipos-de-alergias-mais-perigosos\/<\/p>\n<p>Consulte seu m\u00e9dico para conhecer o tratamento adequado e realize exames de preven\u00e7\u00e3o.<\/p>\n<\/div>\n","protected":false},"excerpt":{"rendered":"<p>Respirat\u00f3ria ou de pele, a alergia pode levar a problemas mais graves de sa\u00fade. Conhe\u00e7a os tipos mais comuns e saiba como tratar Hoje, 07 de maio, \u00e9 comemorado o Dia Nacional de Preven\u00e7\u00e3o das Doen\u00e7as Al\u00e9rgicas, uma campanha iniciada pela Associa\u00e7\u00e3o Brasileira de Alergia e Imunologia (ASBAI) com o apoio do Minist\u00e9rio da Sa\u00fade. [&hellip;]<\/p>\n","protected":false},"author":1,"featured_media":1602,"comment_status":"open","ping_status":"open","sticky":false,"template":"","format":"standard","meta":[],"categories":[2],"tags":[371],"_links":{"self":[{"href":"http:\/\/servicenterblog.institucional.ws\/index.php?rest_route=\/wp\/v2\/posts\/1601"}],"collection":[{"href":"http:\/\/servicenterblog.institucional.ws\/index.php?rest_route=\/wp\/v2\/posts"}],"about":[{"href":"http:\/\/servicenterblog.institucional.ws\/index.php?rest_route=\/wp\/v2\/types\/post"}],"author":[{"embeddable":true,"href":"http:\/\/servicenterblog.institucional.ws\/index.php?rest_route=\/wp\/v2\/users\/1"}],"replies":[{"embeddable":true,"href":"http:\/\/servicenterblog.institucional.ws\/index.php?rest_route=%2Fwp%2Fv2%2Fcomments&post=1601"}],"version-history":[{"count":1,"href":"http:\/\/servicenterblog.institucional.ws\/index.php?rest_route=\/wp\/v2\/posts\/1601\/revisions"}],"predecessor-version":[{"id":1603,"href":"http:\/\/servicenterblog.institucional.ws\/index.php?rest_route=\/wp\/v2\/posts\/1601\/revisions\/1603"}],"wp:featuredmedia":[{"embeddable":true,"href":"http:\/\/servicenterblog.institucional.ws\/index.php?rest_route=\/wp\/v2\/media\/1602"}],"wp:attachment":[{"href":"http:\/\/servicenterblog.institucional.ws\/index.php?rest_route=%2Fwp%2Fv2%2Fmedia&parent=1601"}],"wp:term":[{"taxonomy":"category","embeddable":true,"href":"http:\/\/servicenterblog.institucional.ws\/index.php?rest_route=%2Fwp%2Fv2%2Fcategories&post=1601"},{"taxonomy":"post_tag","embeddable":true,"href":"http:\/\/servicenterblog.institucional.ws\/index.php?rest_route=%2Fwp%2Fv2%2Ftags&post=1601"}],"curies":[{"name":"wp","href":"https:\/\/api.w.org\/{rel}","templated":true}]}}