{"id":1598,"date":"2024-05-03T15:20:31","date_gmt":"2024-05-03T18:20:31","guid":{"rendered":"http:\/\/servicenterblog.institucional.ws\/?p=1598"},"modified":"2024-05-03T15:20:31","modified_gmt":"2024-05-03T18:20:31","slug":"alzheimer-ia-identifica-fatores-de-risco-com-7-anos-de-antecedencia","status":"publish","type":"post","link":"http:\/\/servicenterblog.institucional.ws\/?p=1598","title":{"rendered":"Alzheimer: IA identifica fatores de risco com 7 anos de anteced\u00eancia"},"content":{"rendered":"<p><em>Pesquisadores descobriram, com a ajuda de intelig\u00eancia artificial, que algumas condi\u00e7\u00f5es de sa\u00fade podem indicar um risco para desenvolver dem\u00eancia<\/em><\/p>\n<p>Com ajuda de intelig\u00eancia artificial, pesquisadores da Universidade da Calif\u00f3rnia, nos Estados Unidos, conseguiram identificar v\u00e1rios fatores de risco de Alzheimer, incluindo idade, hist\u00f3rico familiar e gen\u00e9tica, com at\u00e9 sete anos de anteced\u00eancia. As descobertas foram publicadas na revista cient\u00edfica\u00a0<em>Nature Aging<\/em>, em fevereiro.<\/p>\n<p>Para o\u00a0estudo, os pesquisadores usaram a\u00a0IA\u00a0para pesquisar dados sobre mais de 5 milh\u00f5es de pessoas, em um banco de dados cl\u00ednico, para identificar condi\u00e7\u00f5es concomitantes em pacientes que foram diagnosticados com\u00a0Alzheimer. Os investigadores usaram um tipo de intelig\u00eancia artificial chamado aprendizado de m\u00e1quina, em que algoritmos analisam grande quantidade de dados e realizam\u00a0<em>insights<\/em>\u00a0e previs\u00f5es.<\/p>\n<p>Com isso, foi poss\u00edvel identificar v\u00e1rios fatores de risco precoces para a doen\u00e7a de Alzheimer, tanto em homens, quanto em mulheres. \u00c9 o caso de\u00a0press\u00e3o arterial elevada, colesterol alto e\u00a0defici\u00eancia de vitamina D, segundo o estudo.<\/p>\n<p>Al\u00e9m disso, os cientistas descobriram que era poss\u00edvel identificar pessoas que desenvolveriam Alzheimer com at\u00e9\u00a0<strong>sete anos de anteced\u00eancia com uma precis\u00e3o de 72%<\/strong>.<\/p>\n<p>Para somar, os pesquisadores identificaram alguns fatores de risco espec\u00edficos para cada g\u00eanero. No caso dos homens, condi\u00e7\u00f5es como disfun\u00e7\u00e3o er\u00e9til e aumento da pr\u00f3stata poderiam estar relacionados ao risco de desenvolver Alzheimer. No caso das mulheres, a\u00a0osteoporose\u00a0poderia ser um fator de risco.<\/p>\n<p>Estudos anteriores j\u00e1 haviam mostrado uma poss\u00edvel rela\u00e7\u00e3o entre essas doen\u00e7as e o Alzheimer, e o estudo atual serve para fortalecer esses achados. Inclusive, uma pesquisa publicada tamb\u00e9m em fevereiro, na revista cient\u00edfica\u00a0<em>Neurology<\/em>, mostrou que o\u00a0Viagra, um medicamento usado para tratar disfun\u00e7\u00e3o er\u00e9til, pode prevenir o Alzheimer\u00a0em homens.<\/p>\n<p>Em entrevista ao\u00a0<em>Medical News Today<\/em>, a autora principal do estudo, Alice S. Tang, disse que espera que as descobertas ajudem a m\u00e9dicos identificarem poss\u00edveis fatores de risco em seus pacientes e a estabelecer uma abordagem cl\u00ednica preventiva.<\/p>\n<p>Fonte: CNN Brasil<\/p>\n<blockquote class=\"wp-embedded-content\" data-secret=\"9pRW9Iv0mh\"><p><a href=\"https:\/\/www.cnnbrasil.com.br\/saude\/alzheimer-ia-identifica-fatores-de-risco-com-7-anos-de-antecedencia\/\">Alzheimer: IA identifica fatores de risco com 7 anos de anteced\u00eancia<\/a><\/p><\/blockquote>\n<p><iframe class=\"wp-embedded-content\" sandbox=\"allow-scripts\" security=\"restricted\" style=\"position: absolute; clip: rect(1px, 1px, 1px, 1px);\" title=\"&#8220;Alzheimer: IA identifica fatores de risco com 7 anos de anteced\u00eancia&#8221; &#8212; CNN Brasil\" src=\"https:\/\/www.cnnbrasil.com.br\/saude\/alzheimer-ia-identifica-fatores-de-risco-com-7-anos-de-antecedencia\/embed\/#?secret=rb2t3GAovN#?secret=9pRW9Iv0mh\" data-secret=\"9pRW9Iv0mh\" width=\"600\" height=\"338\" frameborder=\"0\" marginwidth=\"0\" marginheight=\"0\" scrolling=\"no\"><\/iframe><\/p>\n","protected":false},"excerpt":{"rendered":"<p>Pesquisadores descobriram, com a ajuda de intelig\u00eancia artificial, que algumas condi\u00e7\u00f5es de sa\u00fade podem indicar um risco para desenvolver dem\u00eancia Com ajuda de intelig\u00eancia artificial, pesquisadores da Universidade da Calif\u00f3rnia, nos Estados Unidos, conseguiram identificar v\u00e1rios fatores de risco de Alzheimer, incluindo idade, hist\u00f3rico familiar e gen\u00e9tica, com at\u00e9 sete anos de anteced\u00eancia. As descobertas [&hellip;]<\/p>\n","protected":false},"author":1,"featured_media":1599,"comment_status":"open","ping_status":"open","sticky":false,"template":"","format":"standard","meta":[],"categories":[3],"tags":[111,153,320,402,401,74,26],"_links":{"self":[{"href":"http:\/\/servicenterblog.institucional.ws\/index.php?rest_route=\/wp\/v2\/posts\/1598"}],"collection":[{"href":"http:\/\/servicenterblog.institucional.ws\/index.php?rest_route=\/wp\/v2\/posts"}],"about":[{"href":"http:\/\/servicenterblog.institucional.ws\/index.php?rest_route=\/wp\/v2\/types\/post"}],"author":[{"embeddable":true,"href":"http:\/\/servicenterblog.institucional.ws\/index.php?rest_route=\/wp\/v2\/users\/1"}],"replies":[{"embeddable":true,"href":"http:\/\/servicenterblog.institucional.ws\/index.php?rest_route=%2Fwp%2Fv2%2Fcomments&post=1598"}],"version-history":[{"count":1,"href":"http:\/\/servicenterblog.institucional.ws\/index.php?rest_route=\/wp\/v2\/posts\/1598\/revisions"}],"predecessor-version":[{"id":1600,"href":"http:\/\/servicenterblog.institucional.ws\/index.php?rest_route=\/wp\/v2\/posts\/1598\/revisions\/1600"}],"wp:featuredmedia":[{"embeddable":true,"href":"http:\/\/servicenterblog.institucional.ws\/index.php?rest_route=\/wp\/v2\/media\/1599"}],"wp:attachment":[{"href":"http:\/\/servicenterblog.institucional.ws\/index.php?rest_route=%2Fwp%2Fv2%2Fmedia&parent=1598"}],"wp:term":[{"taxonomy":"category","embeddable":true,"href":"http:\/\/servicenterblog.institucional.ws\/index.php?rest_route=%2Fwp%2Fv2%2Fcategories&post=1598"},{"taxonomy":"post_tag","embeddable":true,"href":"http:\/\/servicenterblog.institucional.ws\/index.php?rest_route=%2Fwp%2Fv2%2Ftags&post=1598"}],"curies":[{"name":"wp","href":"https:\/\/api.w.org\/{rel}","templated":true}]}}