{"id":1588,"date":"2024-04-19T13:03:57","date_gmt":"2024-04-19T16:03:57","guid":{"rendered":"http:\/\/servicenterblog.institucional.ws\/?p=1588"},"modified":"2024-04-19T13:03:57","modified_gmt":"2024-04-19T16:03:57","slug":"autismo-o-que-e-preciso-saber-quando-um-filho-recebe-o-diagnostico","status":"publish","type":"post","link":"http:\/\/servicenterblog.institucional.ws\/?p=1588","title":{"rendered":"Autismo: o que \u00e9 preciso saber quando um filho recebe o diagn\u00f3stico"},"content":{"rendered":"<p>Especialistas elencam dicas importantes para a jornada de tratamento e desenvolvimento da crian\u00e7a com TEA (Transtorno do Espectro Autista)<\/p>\n<p>Receber o\u00a0<strong>diagn\u00f3stico de autismo<\/strong>\u00a0de um filho pode ser um grande impacto para m\u00e3es e pais. Afinal, al\u00e9m das emo\u00e7\u00f5es iniciais, surgem as d\u00favidas sobre como ser\u00e1 o futuro, qual \u00e9 a melhor op\u00e7\u00e3o de tratamento e como lidar com os desafios que criar uma crian\u00e7a autista pode oferecer.<\/p>\n<p>O\u00a0<strong>Dia Mundial da Conscientiza\u00e7\u00e3o do Autismo<\/strong>, celebrado nesta ter\u00e7a-feira (2), tamb\u00e9m trata sobre essas quest\u00f5es: o objetivo \u00e9 promover o conhecimento sobre o\u00a0<strong>Transtorno do Espectro Autista<\/strong>\u00a0(<strong>TEA<\/strong>) e sobre as necessidades e os direitos das pessoas com autismo.<\/p>\n<aside class=\"read__too\">\n<div class=\"read__title\">\n<p>\u201cInfelizmente, na sociedade pouco se fala sobre o TEA, mas sabemos que muitas pessoas dentro do espectro podem brincar, estudar, trabalhar e construir relacionamentos, assim como qualquer outra pessoa\u201d, menciona Thalita Possmoser, psic\u00f3loga e diretora cl\u00ednica da\u00a0<em>Genial Care<\/em>, uma rede de cuidados especializados em crian\u00e7as com TEA e suas fam\u00edlias.<\/p>\n<div id=\"ads-banner-2\" class=\"ad__area\">\n<div id=\"mid3\" data-google-query-id=\"CNSMuqrTzoUDFVNPuAQdwnQMzw\">\n<div id=\"google_ads_iframe_\/21920083859\/artigos_saude_2023_3__container__\">\n<p>A seguir, especialistas consultados pela\u00a0<strong>CNN<\/strong>\u00a0elencam dicas de\u00a0<strong>como os pais podem lidar com o diagn\u00f3stico de autismo no filho<\/strong>\u00a0e quais passos s\u00e3o importantes de serem dados ao longo da jornada de tratamento e desenvolvimento da crian\u00e7a.<\/p>\n<h2>Conscientiza\u00e7\u00e3o e informa\u00e7\u00e3o correta s\u00e3o fundamentais<\/h2>\n<p>Ao receber o\u00a0diagn\u00f3stico de autismo\u00a0de um filho, \u00e9 normal sentir-se sobrecarregado e ter incertezas. Segundo a pesquisa Retratos do Autismo no Brasil, realizada pela\u00a0<em>Genial Care<\/em>, em parceria com a Tismoo, mais de 64% dos respondentes afirmaram n\u00e3o terem tido contato pr\u00e9vio com TEA antes do diagn\u00f3stico da crian\u00e7a ou do pr\u00f3prio diagn\u00f3stico.<\/p>\n<p>Por isso, o primeiro passo para mudar esse cen\u00e1rio \u00e9\u00a0<strong>se conscientizar sobre o transtorno<\/strong>, compreend\u00ea-lo e buscar informa\u00e7\u00f5es atrav\u00e9s de\u00a0<strong>fontes confi\u00e1veis<\/strong>, evitando mitos e\u00a0<em>fake news<\/em>\u00a0disseminados pela internet. Em seguida, \u00e9 interessante compartilhar essas informa\u00e7\u00f5es com familiares e colegas, mostrar o qu\u00e3o \u00e9 importante ter empatia com a crian\u00e7a e entender como ela pensa.<\/p>\n<h2>Procure ajuda de profissionais capacitados<\/h2>\n<p>Ap\u00f3s o diagn\u00f3stico, \u00e9 necess\u00e1rio\u00a0<strong>buscar ajuda de profissionais especializados<\/strong>\u00a0e de confian\u00e7a para dar in\u00edcio aos acompanhamentos terap\u00eauticos. Esse apoio profissional e as terapias s\u00e3o fundamentais para oferecer maior bem-estar \u00e0 crian\u00e7a e aos pais tamb\u00e9m.<\/p>\n<p>\u201cAs interven\u00e7\u00f5es ocorrem com uma equipe multidisciplinar composta normalmente por profissionais da psicologia, fonoaudiologia, terapia ocupacional, pedagogia e neuropediatra\u201d, destaca Possmoser.<\/p>\n<h2>Evite recorrer a \u201ctratamentos milagrosos\u201d ou sem embasamento cient\u00edfico<\/h2>\n<p>Um dos comportamentos de pais e cuidadores que podem atrapalhar no desenvolvimento saud\u00e1vel da crian\u00e7a com\u00a0autismo\u00a0\u00e9 procurar por \u201ctratamentos milagrosos\u201d e\/ou que n\u00e3o possuem embasamento cient\u00edfico.<\/p>\n<p>\u201c\u00c9 comum que os pais procurem por procedimentos ou interven\u00e7\u00f5es \u2018milagrosas\u2019, que prometem a cura da condi\u00e7\u00e3o do filho. Entretanto, esses \u2018tratamentos milagrosos\u2019 frequentemente produzem consequ\u00eancias severas e indesejadas\u201d, alerta Victoria Albertazzi, especialista cl\u00ednica na\u00a0<em>Genial Care<\/em>.<\/p>\n<p>O neurologista da inf\u00e2ncia e adolesc\u00eancia e membro da SBNI (Sociedade Brasileira de Neurologia Infantil), Erasmo Casella, concorda e acrescenta que \u00e9\u00a0<strong>fundamental que os pais invistam em terapias reconhecidas cientificamente<\/strong>, como a terapia\u00a0<strong>ABA<\/strong>\u00a0(<strong>An\u00e1lise do Comportamento Aplicada<\/strong>), cujo foco \u00e9 o ensino de habilidades importantes de comunica\u00e7\u00e3o, imagina\u00e7\u00e3o e autorregula\u00e7\u00e3o emocional, e a Denver, que \u00e9 uma terapia derivada da ABA.<\/p>\n<p>\u201cAl\u00e9m disso, os pais devem estimular os filhos de acordo com a orienta\u00e7\u00e3o de terapeutas e do m\u00e9dico que est\u00e1 acompanhando, que pode ser um neurologista, um psiquiatra ou pediatra especializado\u201d, acrescenta.<\/p>\n<h2>Ajude na integra\u00e7\u00e3o do filho \u00e0 sociedade e o motive nas atividades di\u00e1rias<\/h2>\n<p>A especialista tamb\u00e9m destaca que \u00e9 importante\u00a0<strong>buscar a integra\u00e7\u00e3o do filho autista \u00e0 sociedade<\/strong>, por mais que existam obst\u00e1culos. \u201cA palavra-chave para esse momento \u00e9 a persist\u00eancia\u201d, afirma. Isso vale para a integra\u00e7\u00e3o da crian\u00e7a nas escolas.<\/p>\n<p>Embora a pessoa diagnosticada com autismo possua o direito de frequentar a escola conforme a LBI (Lei Brasileira de Inclus\u00e3o), \u00e9 comum que fam\u00edlias encontrem dificuldades. Pesquise a melhor op\u00e7\u00e3o para seu filho e trabalhe em conjunto com os professores para garantir o cuidado que ele merece.<\/p>\n<p>Al\u00e9m disso, \u00e9 importante\u00a0<strong>participar ativamente do processo de desenvolvimento da crian\u00e7a autista<\/strong>, apoiando-o em tarefas di\u00e1rias, incluindo-a nas atividades de casa e elogiando cada conquista.<\/p>\n<p>\u201cUma dica bacana para o dia a dia \u00e9 incluir a crian\u00e7a nas atividades da casa, assim ela se sente inclu\u00edda na rotina. Elogie sempre que ele conseguir realizar qualquer a\u00e7\u00e3o sem aux\u00edlio, isso o estimula. Entretanto, tenha paci\u00eancia, pois tudo \u00e9 um processo de aprendizagem e descoberta para autonomia. \u00c9 esperado que a evolu\u00e7\u00e3o ocorra de forma gradual e cont\u00ednua\u201d, explica a especialista.<\/p>\n<h2>Evite puni\u00e7\u00f5es e exer\u00e7a a aprendizagem positiva<\/h2>\n<p>A crian\u00e7a com TEA pode apresentar\u00a0<strong>padr\u00f5es de comportamento repetitivos e r\u00edgidos<\/strong>, tendo pouca flexibilidade e interesse por outros temas e atividades que n\u00e3o seja a favorita dela. Por isso, ela pode apresentar dificuldade com mudan\u00e7as na rotina e ter comportamentos associados a \u201cbirra\u201d quando algo foge do comum.<\/p>\n<p>Nesse cen\u00e1rio, \u00e9 muito importante que os pais n\u00e3o tentem \u201ccorrigir\u201d o comportamento dos filhos atrav\u00e9s de castigos ou puni\u00e7\u00f5es, sejam f\u00edsicos ou n\u00e3o. \u201cIsso pode ter um impacto severo e significativo para o bem-estar da crian\u00e7a e da fam\u00edlia, tanto a curto quanto a longo prazo\u201d, afirma Albertazzi.<\/p>\n<p>A especialista ressalta que \u00e9 importante que os pais estabele\u00e7am um ambiente de aprendizagem positiva, o que vai auxiliar no desenvolvimento da autoestima da crian\u00e7a.<\/p>\n<p>J\u00e1 o neurologista Casella refor\u00e7a que \u00e9 importante que os pais entendam que as \u201cbirras\u201d n\u00e3o s\u00e3o quest\u00f5es pessoais. \u201cTemos que procurar o que desencadeou essa birra e antecipar quando elas surgem. Isso pode decorrer de coisas simples, como n\u00e3o dormir direito, ter uma dor de dente ou dor de ouvido. \u00c9 preciso estar sempre procurando os gatilhos que causam altera\u00e7\u00f5es do comportamento dessas crian\u00e7as e entender que as dificuldades delas n\u00e3o s\u00e3o pessoais contra os pais\u201d, afirma.<\/p>\n<h2>Conhe\u00e7a os direitos da pessoa com autismo<\/h2>\n<p>Al\u00e9m da LBI,\u00a0<strong>existem outras leis que asseguram o direito da pessoa com autismo<\/strong>. \u00c9 o caso da Lei Berenice Piana, que institui os direitos do autistas e suas fam\u00edlias em diversas esferas sociais. Com ela, pessoas com o TEA t\u00eam direito a utiliza\u00e7\u00e3o de servi\u00e7os da Assist\u00eancia Social, no munic\u00edpio onde reside, e o direito \u00e0 educa\u00e7\u00e3o com atendimento especializado.<\/p>\n<p>Al\u00e9m disso, a Lei Romeo Mion criou a CipTEA (Carteira de Identifica\u00e7\u00e3o da Pessoa com TEA), que garante a todos aqueles com o diagn\u00f3stico de autismo um documento que informa a condi\u00e7\u00e3o do indiv\u00edduo.<\/p>\n<p>Por fim, outros benef\u00edcios existentes podem auxiliar na jornada de uma pessoa com autismo, como o BPC (Benef\u00edcio da Presta\u00e7\u00e3o Continuada) \u2014 sal\u00e1rio m\u00ednimo pago por m\u00eas \u00e0 idosos ou pessoas com defici\u00eancia que n\u00e3o podem garantir a sua sobreviv\u00eancia por conta pr\u00f3pria ou com o apoio da fam\u00edlia \u2014 e a redu\u00e7\u00e3o na carga hor\u00e1ria de trabalho.<\/p>\n<h2>Tenha uma rede de apoio e exer\u00e7a o autocuidado<\/h2>\n<p>Segundo a pesquisa \u201cRetratos do Autismo no Brasil\u201d,\u00a0<strong>68% dos cuidadores relataram dificuldade de achar tempo para descanso<\/strong>\u00a0e para cuidar de si mesmo. Apesar desse cen\u00e1rio, \u00e9 importante achar um tempo para exercer o autocuidado. Portanto, ter uma rede de apoio, composta por familiares, amigos e\/ou profissionais de sa\u00fade, \u00e9 fundamental.<\/p>\n<p>\u201cExistem muitos grupos de pais de crian\u00e7as com TEA. Procure aux\u00edlio e converse. A troca de experi\u00eancia \u00e9 algo enriquecedor e acalentador. Lembre-se tamb\u00e9m que \u00e9 importante que voc\u00ea tenha o seu espa\u00e7o de descanso pessoal e momentos para voc\u00ea e seu parceiro(a). \u00c9 muito importante cuidar da sa\u00fade mental de todos que est\u00e3o ao redor da crian\u00e7a, o bem-estar dos pais \u00e9 essencial!\u201d, refor\u00e7a Possmoser.<\/p>\n<p>Fonte: CNN Brasil<\/p>\n<blockquote class=\"wp-embedded-content\" data-secret=\"eA0uffEweM\"><p><a href=\"https:\/\/www.cnnbrasil.com.br\/saude\/autismo-o-que-e-preciso-saber-quando-um-filho-recebe-o-diagnostico\/\">Autismo: o que \u00e9 preciso saber quando um filho recebe o diagn\u00f3stico<\/a><\/p><\/blockquote>\n<p><iframe class=\"wp-embedded-content\" sandbox=\"allow-scripts\" security=\"restricted\" style=\"position: absolute; clip: rect(1px, 1px, 1px, 1px);\" title=\"&#8220;Autismo: o que \u00e9 preciso saber quando um filho recebe o diagn\u00f3stico&#8221; &#8212; CNN Brasil\" src=\"https:\/\/www.cnnbrasil.com.br\/saude\/autismo-o-que-e-preciso-saber-quando-um-filho-recebe-o-diagnostico\/embed\/#?secret=rpQJ5JffNf#?secret=eA0uffEweM\" data-secret=\"eA0uffEweM\" width=\"600\" height=\"338\" frameborder=\"0\" marginwidth=\"0\" marginheight=\"0\" scrolling=\"no\"><\/iframe><\/p>\n<\/div>\n<\/div>\n<\/div>\n<\/div>\n<\/aside>\n","protected":false},"excerpt":{"rendered":"<p>Especialistas elencam dicas importantes para a jornada de tratamento e desenvolvimento da crian\u00e7a com TEA (Transtorno do Espectro Autista) Receber o\u00a0diagn\u00f3stico de autismo\u00a0de um filho pode ser um grande impacto para m\u00e3es e pais. Afinal, al\u00e9m das emo\u00e7\u00f5es iniciais, surgem as d\u00favidas sobre como ser\u00e1 o futuro, qual \u00e9 a melhor op\u00e7\u00e3o de tratamento e [&hellip;]<\/p>\n","protected":false},"author":1,"featured_media":1589,"comment_status":"open","ping_status":"open","sticky":false,"template":"","format":"standard","meta":[],"categories":[2,3],"tags":[399,359,392],"_links":{"self":[{"href":"http:\/\/servicenterblog.institucional.ws\/index.php?rest_route=\/wp\/v2\/posts\/1588"}],"collection":[{"href":"http:\/\/servicenterblog.institucional.ws\/index.php?rest_route=\/wp\/v2\/posts"}],"about":[{"href":"http:\/\/servicenterblog.institucional.ws\/index.php?rest_route=\/wp\/v2\/types\/post"}],"author":[{"embeddable":true,"href":"http:\/\/servicenterblog.institucional.ws\/index.php?rest_route=\/wp\/v2\/users\/1"}],"replies":[{"embeddable":true,"href":"http:\/\/servicenterblog.institucional.ws\/index.php?rest_route=%2Fwp%2Fv2%2Fcomments&post=1588"}],"version-history":[{"count":1,"href":"http:\/\/servicenterblog.institucional.ws\/index.php?rest_route=\/wp\/v2\/posts\/1588\/revisions"}],"predecessor-version":[{"id":1590,"href":"http:\/\/servicenterblog.institucional.ws\/index.php?rest_route=\/wp\/v2\/posts\/1588\/revisions\/1590"}],"wp:featuredmedia":[{"embeddable":true,"href":"http:\/\/servicenterblog.institucional.ws\/index.php?rest_route=\/wp\/v2\/media\/1589"}],"wp:attachment":[{"href":"http:\/\/servicenterblog.institucional.ws\/index.php?rest_route=%2Fwp%2Fv2%2Fmedia&parent=1588"}],"wp:term":[{"taxonomy":"category","embeddable":true,"href":"http:\/\/servicenterblog.institucional.ws\/index.php?rest_route=%2Fwp%2Fv2%2Fcategories&post=1588"},{"taxonomy":"post_tag","embeddable":true,"href":"http:\/\/servicenterblog.institucional.ws\/index.php?rest_route=%2Fwp%2Fv2%2Ftags&post=1588"}],"curies":[{"name":"wp","href":"https:\/\/api.w.org\/{rel}","templated":true}]}}