{"id":1584,"date":"2024-04-15T14:47:50","date_gmt":"2024-04-15T17:47:50","guid":{"rendered":"http:\/\/servicenterblog.institucional.ws\/?p=1584"},"modified":"2024-04-15T14:47:50","modified_gmt":"2024-04-15T17:47:50","slug":"1584","status":"publish","type":"post","link":"http:\/\/servicenterblog.institucional.ws\/?p=1584","title":{"rendered":""},"content":{"rendered":"<p>O Abril Azul \u00e9 comemorado todos os anos como um m\u00eas dedicado \u00e0 conscientiza\u00e7\u00e3o do autismo. Monumentos pelo Brasil e em todo o mundo s\u00e3o iluminados com a cor usada hoje para representar o espectro e diversas campanhas exp\u00f5em conceitos b\u00e1sicos e dicas para evitar o\u00a0capacitismo no dia a dia.<\/p>\n<p>O autismo \u00e9 um transtorno do neurodesenvolvimento e, ao contr\u00e1rio de pessoas com outras s\u00edndromes, como a s\u00edndrome de Down, o autista n\u00e3o possui caracter\u00edsticas que podem ser identificadas pelo olhar. Por isso, o autismo \u00e9 considerado uma defici\u00eancia invis\u00edvel e \u00e9 comum autistas com baixa necessidade de suporte ouvirem a express\u00e3o: \u201cnem parece autista\u201d.<\/p>\n<p>A frase \u00e9 capacitista e equivocada justamente porque, al\u00e9m de n\u00e3o existirem caracter\u00edsticas f\u00edsicas que ajudam a identificar o autista, o autismo \u00e9 um espectro, da\u00ed o termo m\u00e9dico Transtorno do Espectro Autista (TEA). Quando falamos em espectro, queremos dizer que nenhum autista \u00e9 igual ao outro e que cada um vai representar a diversidade do transtorno de forma \u00fanica. Ningu\u00e9m \u201cparece autista\u201d. Apenas \u00e9.<\/p>\n<h4>Falta de compreens\u00e3o tem um tremendo impacto sobre os autistas, suas fam\u00edlias e comunidades, diz a ONU<\/h4>\n<p>Este tipo de pensamento prejudica especialmente o diagn\u00f3stico de pessoas com autismo de grau 1,\u00a0tamb\u00e9m conhecido como autismo leve\u00a0ou autismo de baixo grau de suporte. Como n\u00e3o correspondem a nenhum estere\u00f3tipo, enfrentam mais dificuldades para serem diagnosticados, especialmente no caso das mulheres.<\/p>\n<p>Hoje, sabe-se que a cada tr\u00eas meninos, apenas uma menina \u00e9 diagnosticada com autismo, de acordo com dados do CDC (Centers for Disease Control and Prevention, Centro de Controle e Preven\u00e7\u00e3o de Doen\u00e7as dos EUA). O acesso a alguns direitos, como o atendimento preferencial, tamb\u00e9m se torna mais custoso aos autistas.<\/p>\n<p>Para que estas e outras informa\u00e7\u00f5es sobre o autismo e a rotina dos autistas pudessem ser popularizadas, a ONU (Organiza\u00e7\u00e3o das Na\u00e7\u00f5es Unidas) criou o Dia Mundial da Conscientiza\u00e7\u00e3o do Autismo, celebrado em todo o mundo no dia 2 de abril.<\/p>\n<p>\u201cA taxa de autismo em todas as regi\u00f5es do mundo \u00e9 alta e a falta de compreens\u00e3o t\u00eam um tremendo impacto sobre os indiv\u00edduos, suas fam\u00edlias e comunidades. A estigmatiza\u00e7\u00e3o e a discrimina\u00e7\u00e3o associadas \u00e0s diferen\u00e7as neurol\u00f3gicas continuam sendo obst\u00e1culos substanciais ao diagn\u00f3stico e \u00e0s terapias, uma quest\u00e3o que deve ser abordada tanto pelos formuladores de pol\u00edticas p\u00fablicas nos pa\u00edses em desenvolvimento quanto pelos pa\u00edses doadores\u201d, informa a ONU.<\/p>\n<p>A campanha tem o objetivo de levar informa\u00e7\u00f5es para a popula\u00e7\u00e3o e combater a discrimina\u00e7\u00e3o sobre os mais de 2 milh\u00f5es de brasileiros que possuem o transtorno. Hoje \u00e9 preciso estabelecer que a tr\u00edade para o portador de autismo assim como sua fam\u00edlia consiste em\u00a0<strong>ACOLHIMENTO, INFORMA\u00c7\u00c3O E INCLUS\u00c3O!<br \/>\n<\/strong><br \/>\nDiga n\u00e3o \u00e0 discrimina\u00e7\u00e3o!<\/p>\n<p>A Servicenter apoia esta causa.<\/p>\n<p>Fonte: Autismo e Realidade<\/p>\n<blockquote class=\"wp-embedded-content\" data-secret=\"a2BJfZArj6\"><p><a href=\"https:\/\/autismoerealidade.org.br\/blog\/\">Blog<\/a><\/p><\/blockquote>\n<p><iframe class=\"wp-embedded-content\" sandbox=\"allow-scripts\" security=\"restricted\" style=\"position: absolute; clip: rect(1px, 1px, 1px, 1px);\" title=\"&#8220;Blog&#8221; &#8212; Autismo e Realidade\" src=\"https:\/\/autismoerealidade.org.br\/blog\/embed\/#?secret=ua8OekYK1E#?secret=a2BJfZArj6\" data-secret=\"a2BJfZArj6\" width=\"600\" height=\"338\" frameborder=\"0\" marginwidth=\"0\" marginheight=\"0\" scrolling=\"no\"><\/iframe><\/p>\n","protected":false},"excerpt":{"rendered":"<p>O Abril Azul \u00e9 comemorado todos os anos como um m\u00eas dedicado \u00e0 conscientiza\u00e7\u00e3o do autismo. Monumentos pelo Brasil e em todo o mundo s\u00e3o iluminados com a cor usada hoje para representar o espectro e diversas campanhas exp\u00f5em conceitos b\u00e1sicos e dicas para evitar o\u00a0capacitismo no dia a dia. O autismo \u00e9 um transtorno [&hellip;]<\/p>\n","protected":false},"author":1,"featured_media":1585,"comment_status":"open","ping_status":"open","sticky":false,"template":"","format":"standard","meta":[],"categories":[3],"tags":[400,399,251,11,392],"_links":{"self":[{"href":"http:\/\/servicenterblog.institucional.ws\/index.php?rest_route=\/wp\/v2\/posts\/1584"}],"collection":[{"href":"http:\/\/servicenterblog.institucional.ws\/index.php?rest_route=\/wp\/v2\/posts"}],"about":[{"href":"http:\/\/servicenterblog.institucional.ws\/index.php?rest_route=\/wp\/v2\/types\/post"}],"author":[{"embeddable":true,"href":"http:\/\/servicenterblog.institucional.ws\/index.php?rest_route=\/wp\/v2\/users\/1"}],"replies":[{"embeddable":true,"href":"http:\/\/servicenterblog.institucional.ws\/index.php?rest_route=%2Fwp%2Fv2%2Fcomments&post=1584"}],"version-history":[{"count":1,"href":"http:\/\/servicenterblog.institucional.ws\/index.php?rest_route=\/wp\/v2\/posts\/1584\/revisions"}],"predecessor-version":[{"id":1586,"href":"http:\/\/servicenterblog.institucional.ws\/index.php?rest_route=\/wp\/v2\/posts\/1584\/revisions\/1586"}],"wp:featuredmedia":[{"embeddable":true,"href":"http:\/\/servicenterblog.institucional.ws\/index.php?rest_route=\/wp\/v2\/media\/1585"}],"wp:attachment":[{"href":"http:\/\/servicenterblog.institucional.ws\/index.php?rest_route=%2Fwp%2Fv2%2Fmedia&parent=1584"}],"wp:term":[{"taxonomy":"category","embeddable":true,"href":"http:\/\/servicenterblog.institucional.ws\/index.php?rest_route=%2Fwp%2Fv2%2Fcategories&post=1584"},{"taxonomy":"post_tag","embeddable":true,"href":"http:\/\/servicenterblog.institucional.ws\/index.php?rest_route=%2Fwp%2Fv2%2Ftags&post=1584"}],"curies":[{"name":"wp","href":"https:\/\/api.w.org\/{rel}","templated":true}]}}